{"id":10494,"date":"2023-08-07T01:16:29","date_gmt":"2023-08-06T23:16:29","guid":{"rendered":"https:\/\/blogsaverroes.juntadeandalucia.es\/plurilinguismodelegacionmalaga\/?p=10494"},"modified":"2023-08-07T01:16:29","modified_gmt":"2023-08-06T23:16:29","slug":"profesorado-del-ies-huelin-en-formacion-erasmus-en-dublin","status":"publish","type":"post","link":"https:\/\/blogsaverroes.juntadeandalucia.es\/plurilinguismodelegacionmalaga\/2023\/08\/07\/profesorado-del-ies-huelin-en-formacion-erasmus-en-dublin\/","title":{"rendered":"PROFESORADO DEL IES HUELIN EN FORMACI\u00d3N ERASMUS+ EN DUBL\u00cdN"},"content":{"rendered":"<p>El profesor de Pedagog\u00eda Terap\u00e9utica, Emilio Guzm\u00e1n, del IES Huelin, ha realizado durante el mes de julio el curso de formaci\u00f3n, impartido por \u201cEnglish Matters\u201d, \u201cInnovative Methodologies for Teaching &amp; Learning\u201d. La actividad Erasmus+ ha sido <strong>COFINANCIADA POR LA UNI\u00d3N EUROPEA<\/strong>.<\/p>\n<p>En este curso de 60 horas el profesor ha explorado enfoques, estrategias, t\u00e9cnicas, herramientas y ejemplos de relevancia innovadora para la ense\u00f1anza y el aprendizaje del siglo XXI. Adem\u00e1s, ha aumentado su repertorio de herramientas educativas digitales, tales como \u201cseesaw, classroomscreen, quizlet, gimkit, thinglink, bookcreator, baamboozle, answergarden, eclass, edupage, nearpod, blooket, o dkmgames\u201d.<\/p>\n<p>&nbsp;Los proyectos de aprendizaje sobre el terreno en lugares de importancia hist\u00f3rica y cultural, como parte de la metodolog\u00eda aprendizaje de campo &nbsp;\u201cContexts4Content\u201d de \u201cEnglish Matters\u201d, han ayudado al participante a explorar la cultura y la sociedad irlandesa como contextos de referencia para producir recursos did\u00e1cticos, al tiempo que ha desarrollado su competencia comunicativa en ingl\u00e9s. El profesor tambi\u00e9n ha realizado un diario reflexivo sobre el contenido del curso, ha participado en actividades para crear lazos de colaboraci\u00f3n con otros colegas europeos y ha debatido sobre las estrategias de difusi\u00f3n y la dimensi\u00f3n europea en la educaci\u00f3n.<\/p>\n<p><img loading=\"lazy\" decoding=\"async\" class=\" wp-image-10495 aligncenter\" src=\"https:\/\/blogsaverroes.juntadeandalucia.es\/plurilinguismodelegacionmalaga\/files\/2023\/08\/Glendalough.jpg\" alt=\"\" width=\"662\" height=\"496\" srcset=\"https:\/\/blogsaverroes.juntadeandalucia.es\/plurilinguismodelegacionmalaga\/files\/2023\/08\/Glendalough.jpg 1663w, https:\/\/blogsaverroes.juntadeandalucia.es\/plurilinguismodelegacionmalaga\/files\/2023\/08\/Glendalough-300x225.jpg 300w, https:\/\/blogsaverroes.juntadeandalucia.es\/plurilinguismodelegacionmalaga\/files\/2023\/08\/Glendalough-1024x767.jpg 1024w, https:\/\/blogsaverroes.juntadeandalucia.es\/plurilinguismodelegacionmalaga\/files\/2023\/08\/Glendalough-768x575.jpg 768w, https:\/\/blogsaverroes.juntadeandalucia.es\/plurilinguismodelegacionmalaga\/files\/2023\/08\/Glendalough-1536x1151.jpg 1536w\" sizes=\"(max-width: 662px) 100vw, 662px\" \/> &nbsp;<img loading=\"lazy\" decoding=\"async\" class=\" wp-image-10496 aligncenter\" src=\"https:\/\/blogsaverroes.juntadeandalucia.es\/plurilinguismodelegacionmalaga\/files\/2023\/08\/GRUPO-EXPONIENDO.jpg\" alt=\"\" width=\"659\" height=\"494\" srcset=\"https:\/\/blogsaverroes.juntadeandalucia.es\/plurilinguismodelegacionmalaga\/files\/2023\/08\/GRUPO-EXPONIENDO.jpg 1600w, https:\/\/blogsaverroes.juntadeandalucia.es\/plurilinguismodelegacionmalaga\/files\/2023\/08\/GRUPO-EXPONIENDO-300x225.jpg 300w, https:\/\/blogsaverroes.juntadeandalucia.es\/plurilinguismodelegacionmalaga\/files\/2023\/08\/GRUPO-EXPONIENDO-1024x768.jpg 1024w, https:\/\/blogsaverroes.juntadeandalucia.es\/plurilinguismodelegacionmalaga\/files\/2023\/08\/GRUPO-EXPONIENDO-768x576.jpg 768w, https:\/\/blogsaverroes.juntadeandalucia.es\/plurilinguismodelegacionmalaga\/files\/2023\/08\/GRUPO-EXPONIENDO-1536x1152.jpg 1536w\" sizes=\"(max-width: 659px) 100vw, 659px\" \/><\/p>\n<p><img loading=\"lazy\" decoding=\"async\" class=\" wp-image-10497 aligncenter\" src=\"https:\/\/blogsaverroes.juntadeandalucia.es\/plurilinguismodelegacionmalaga\/files\/2023\/08\/AUDITORIUM-D\u00cdA-FINAL.jpg\" alt=\"\" width=\"669\" height=\"503\" srcset=\"https:\/\/blogsaverroes.juntadeandalucia.es\/plurilinguismodelegacionmalaga\/files\/2023\/08\/AUDITORIUM-D\u00cdA-FINAL.jpg 1280w, https:\/\/blogsaverroes.juntadeandalucia.es\/plurilinguismodelegacionmalaga\/files\/2023\/08\/AUDITORIUM-D\u00cdA-FINAL-300x226.jpg 300w, https:\/\/blogsaverroes.juntadeandalucia.es\/plurilinguismodelegacionmalaga\/files\/2023\/08\/AUDITORIUM-D\u00cdA-FINAL-1024x770.jpg 1024w, https:\/\/blogsaverroes.juntadeandalucia.es\/plurilinguismodelegacionmalaga\/files\/2023\/08\/AUDITORIUM-D\u00cdA-FINAL-768x578.jpg 768w\" sizes=\"(max-width: 669px) 100vw, 669px\" \/> &nbsp;<img loading=\"lazy\" decoding=\"async\" class=\"wp-image-10498 aligncenter\" src=\"https:\/\/blogsaverroes.juntadeandalucia.es\/plurilinguismodelegacionmalaga\/files\/2023\/08\/Patio-Trinity-College-scaled.jpg\" alt=\"\" width=\"677\" height=\"508\" srcset=\"https:\/\/blogsaverroes.juntadeandalucia.es\/plurilinguismodelegacionmalaga\/files\/2023\/08\/Patio-Trinity-College-scaled.jpg 2560w, https:\/\/blogsaverroes.juntadeandalucia.es\/plurilinguismodelegacionmalaga\/files\/2023\/08\/Patio-Trinity-College-300x225.jpg 300w, https:\/\/blogsaverroes.juntadeandalucia.es\/plurilinguismodelegacionmalaga\/files\/2023\/08\/Patio-Trinity-College-1024x768.jpg 1024w, https:\/\/blogsaverroes.juntadeandalucia.es\/plurilinguismodelegacionmalaga\/files\/2023\/08\/Patio-Trinity-College-768x576.jpg 768w, https:\/\/blogsaverroes.juntadeandalucia.es\/plurilinguismodelegacionmalaga\/files\/2023\/08\/Patio-Trinity-College-1536x1152.jpg 1536w, https:\/\/blogsaverroes.juntadeandalucia.es\/plurilinguismodelegacionmalaga\/files\/2023\/08\/Patio-Trinity-College-2048x1536.jpg 2048w\" sizes=\"(max-width: 677px) 100vw, 677px\" \/><\/p>\n","protected":false},"excerpt":{"rendered":"<p>El profesor de Pedagog\u00eda Terap\u00e9utica, Emilio Guzm\u00e1n, del IES Huelin, ha realizado durante el mes de julio el curso de formaci\u00f3n, impartido por \u201cEnglish Matters\u201d, \u201cInnovative Methodologies for Teaching &amp; Learning\u201d. La actividad Erasmus+&#46;&#46;&#46;<\/p>\n","protected":false},"author":8062,"featured_media":10499,"comment_status":"open","ping_status":"open","sticky":false,"template":"","format":"standard","meta":{"ngg_post_thumbnail":0,"footnotes":""},"categories":[21040,2284893],"tags":[],"aioseo_notices":[],"_links":{"self":[{"href":"https:\/\/blogsaverroes.juntadeandalucia.es\/plurilinguismodelegacionmalaga\/wp-json\/wp\/v2\/posts\/10494"}],"collection":[{"href":"https:\/\/blogsaverroes.juntadeandalucia.es\/plurilinguismodelegacionmalaga\/wp-json\/wp\/v2\/posts"}],"about":[{"href":"https:\/\/blogsaverroes.juntadeandalucia.es\/plurilinguismodelegacionmalaga\/wp-json\/wp\/v2\/types\/post"}],"author":[{"embeddable":true,"href":"https:\/\/blogsaverroes.juntadeandalucia.es\/plurilinguismodelegacionmalaga\/wp-json\/wp\/v2\/users\/8062"}],"replies":[{"embeddable":true,"href":"https:\/\/blogsaverroes.juntadeandalucia.es\/plurilinguismodelegacionmalaga\/wp-json\/wp\/v2\/comments?post=10494"}],"version-history":[{"count":1,"href":"https:\/\/blogsaverroes.juntadeandalucia.es\/plurilinguismodelegacionmalaga\/wp-json\/wp\/v2\/posts\/10494\/revisions"}],"predecessor-version":[{"id":10500,"href":"https:\/\/blogsaverroes.juntadeandalucia.es\/plurilinguismodelegacionmalaga\/wp-json\/wp\/v2\/posts\/10494\/revisions\/10500"}],"wp:featuredmedia":[{"embeddable":true,"href":"https:\/\/blogsaverroes.juntadeandalucia.es\/plurilinguismodelegacionmalaga\/wp-json\/wp\/v2\/media\/10499"}],"wp:attachment":[{"href":"https:\/\/blogsaverroes.juntadeandalucia.es\/plurilinguismodelegacionmalaga\/wp-json\/wp\/v2\/media?parent=10494"}],"wp:term":[{"taxonomy":"category","embeddable":true,"href":"https:\/\/blogsaverroes.juntadeandalucia.es\/plurilinguismodelegacionmalaga\/wp-json\/wp\/v2\/categories?post=10494"},{"taxonomy":"post_tag","embeddable":true,"href":"https:\/\/blogsaverroes.juntadeandalucia.es\/plurilinguismodelegacionmalaga\/wp-json\/wp\/v2\/tags?post=10494"}],"curies":[{"name":"wp","href":"https:\/\/api.w.org\/{rel}","templated":true}]}}