{"id":1062,"date":"2011-11-24T09:29:30","date_gmt":"2011-11-24T08:29:30","guid":{"rendered":"http:\/\/www.educacionenmalaga.es\/bilinguismo\/?p=1062"},"modified":"2011-11-24T09:29:30","modified_gmt":"2011-11-24T08:29:30","slug":"rede-de-ies-espanoles-con-programa-o-seccion-bilingue-en-ingles","status":"publish","type":"post","link":"https:\/\/blogsaverroes.juntadeandalucia.es\/plurilinguismodelegacionmalaga\/2011\/11\/24\/rede-de-ies-espanoles-con-programa-o-seccion-bilingue-en-ingles\/","title":{"rendered":"REDe de IES espa\u00f1oles con programa o secci\u00f3n biling\u00fce en ingl\u00e9s"},"content":{"rendered":"<p style=\"text-align: justify\"><span style=\"text-decoration: underline\"><strong> <\/strong><\/span><a rel=\"attachment wp-att-1063\" href=\"http:\/\/www.educacionenmalaga.es\/bilinguismo\/2011\/11\/24\/rede-de-ies-espanoles-con-programa-o-seccion-bilingue-en-ingles\/arce\/\"><img loading=\"lazy\" decoding=\"async\" class=\"alignleft size-medium wp-image-1063\" title=\"ARCE\" src=\"http:\/\/www.educacionenmalaga.es\/bilinguismo\/files\/2011\/11\/ARCE-300x75.png\" alt=\"\" width=\"300\" height=\"75\" \/><\/a>La <strong>Red de IES espa\u00f1oles con programa o                       secci\u00f3n biling\u00fce en ingl\u00e9s<\/strong> es un proyecto que                     se desarrolla dentro del programa <em>ARCE <\/em>del                     <em>Ministerio de Educaci\u00f3n<\/em> para los cursos 2010-12.<\/p>\n<p style=\"text-align: justify\">El IES Juan de la Cierva\u00a0 de V\u00e9lez-M\u00e1laga (M\u00e1laga) participa en esta red\u00a0 junto con el IES                       Parque de                       Lisboa de Alcorc\u00f3n (Madrid), el IES Lloren\u00e7 Garcias i Font                       de Mallorca , y el IES                       Mar\u00eda Moliner de Segovia . Cada centro gestiona las                       Comunidades Aut\u00f3nomas afines o m\u00e1s cercanas.<!--more--><\/p>\n<p><strong>El objetivo<\/strong> de la <em>Red de Centros                           biling\u00fce<\/em>s es facilitar a los profesores que imparten                           asignaturas en programas o secciones biling\u00fces                           un lugar de comunicaci\u00f3n y encuentro en el que                           dispongan de materiales \u00fatiles para su                           asignatura yprofundizar                             en el empleo sistem\u00e1tico de las TIC\u00a0 en el aula.<\/p>\n<p style=\"text-align: justify\">Cualquier instituto o profesor individual que                       desee compartir sus experiencias o materiales y                       colaborar con otros docentes puede ser miembro de la Red de Centros. Ser miembro de la Red de Centros es voluntario                         y gratuito. El \u00fanico compromiso que se                       adquiere es colaborar en el blog del                       proyecto compartiendo materiales, experiencias o                       espacios web. No hay un n\u00famero m\u00ednimo ni m\u00e1ximo de                       articulos en el blog. Cada miembro puede escribir                       tantos art\u00edculos como considere necesario o como                       desee. Si en alg\u00fan momento el profesor desea dejar de                       colaborar en el proyecto puede solicitar su baja                       como miembro.<\/p>\n<p style=\"text-align: justify\"><strong>Para ser miembro<\/strong> se debe solicitar una invitaci\u00f3n al                       blog de la Red utilizando la direcci\u00f3n <a href=\"mailto:redcentrosbilingues@gmail.com\" target=\"_blank\" rel=\"noopener noreferrer\">redcentrosbilingues@gmail.com<\/a>. En esa solicitud debes incluir <span style=\"text-decoration: underline\">una                         direcci\u00f3n de <strong>gmail <\/strong><\/span>a la que te                       envia la invitaci\u00f3n y un mensaje con                       instrucciones sobre c\u00f3mo cargar materiales en el                       blog, el proceso de etiquetado, etc. Para poder gestionar mejor las invitaciones se debe incluir en el asunto del mensaje la Comunidad                     Aut\u00f3noma a la que perteneces y tu nombre. En el                     cuerpo del mensaje se debe indicar el nombre, la comunidad                     aut\u00f3noma, la provincia y el centro de trabajo este a\u00f1o.<\/p>\n<p style=\"text-align: justify\">Puedes incluir recursos creados                     por t\u00ed o por otros (siempre que cuentes con el                     permiso correspondiente), experiencias que desarrolladas por el alumnado, espacios web creados                     por t\u00ed o por otros, enlaces, etc.<\/p>\n<p style=\"text-align: justify\">Para conocer el trabajo desarrollado se\u00a0             puede visitar la\u00a0 p\u00e1gina web <a href=\"http:\/\/redcentrosbilingues.es\/\" target=\"_blank\" rel=\"noopener noreferrer\">redcentrosbilingues.es<\/a>. Pinchando en &#8220;Recursos y Proyectos&#8221; se accede al blog para consultar los materiales aportados por diferentes             centros y profesorado.<\/p>\n","protected":false},"excerpt":{"rendered":"<p>La Red de IES espa\u00f1oles con programa o secci\u00f3n biling\u00fce en ingl\u00e9s es un proyecto que se desarrolla dentro del programa ARCE del Ministerio de Educaci\u00f3n para los cursos 2010-12. El IES Juan de&#46;&#46;&#46;<\/p>\n","protected":false},"author":1124,"featured_media":0,"comment_status":"open","ping_status":"open","sticky":false,"template":"","format":"standard","meta":{"ngg_post_thumbnail":0,"footnotes":""},"categories":[796323,4],"tags":[849,1429],"aioseo_notices":[],"_links":{"self":[{"href":"https:\/\/blogsaverroes.juntadeandalucia.es\/plurilinguismodelegacionmalaga\/wp-json\/wp\/v2\/posts\/1062"}],"collection":[{"href":"https:\/\/blogsaverroes.juntadeandalucia.es\/plurilinguismodelegacionmalaga\/wp-json\/wp\/v2\/posts"}],"about":[{"href":"https:\/\/blogsaverroes.juntadeandalucia.es\/plurilinguismodelegacionmalaga\/wp-json\/wp\/v2\/types\/post"}],"author":[{"embeddable":true,"href":"https:\/\/blogsaverroes.juntadeandalucia.es\/plurilinguismodelegacionmalaga\/wp-json\/wp\/v2\/users\/1124"}],"replies":[{"embeddable":true,"href":"https:\/\/blogsaverroes.juntadeandalucia.es\/plurilinguismodelegacionmalaga\/wp-json\/wp\/v2\/comments?post=1062"}],"version-history":[{"count":0,"href":"https:\/\/blogsaverroes.juntadeandalucia.es\/plurilinguismodelegacionmalaga\/wp-json\/wp\/v2\/posts\/1062\/revisions"}],"wp:attachment":[{"href":"https:\/\/blogsaverroes.juntadeandalucia.es\/plurilinguismodelegacionmalaga\/wp-json\/wp\/v2\/media?parent=1062"}],"wp:term":[{"taxonomy":"category","embeddable":true,"href":"https:\/\/blogsaverroes.juntadeandalucia.es\/plurilinguismodelegacionmalaga\/wp-json\/wp\/v2\/categories?post=1062"},{"taxonomy":"post_tag","embeddable":true,"href":"https:\/\/blogsaverroes.juntadeandalucia.es\/plurilinguismodelegacionmalaga\/wp-json\/wp\/v2\/tags?post=1062"}],"curies":[{"name":"wp","href":"https:\/\/api.w.org\/{rel}","templated":true}]}}