{"id":10629,"date":"2023-10-13T13:12:52","date_gmt":"2023-10-13T11:12:52","guid":{"rendered":"https:\/\/blogsaverroes.juntadeandalucia.es\/plurilinguismodelegacionmalaga\/?p=10629"},"modified":"2023-10-13T13:24:44","modified_gmt":"2023-10-13T11:24:44","slug":"alumnado-del-i-e-s-huelin-en-suecia","status":"publish","type":"post","link":"https:\/\/blogsaverroes.juntadeandalucia.es\/plurilinguismodelegacionmalaga\/2023\/10\/13\/alumnado-del-i-e-s-huelin-en-suecia\/","title":{"rendered":"Alumnado del I.E.S. Huelin en Suecia"},"content":{"rendered":"<p style=\"text-align: center\"><span style=\"font-size: 12pt\"><strong>Movilidad Erasmus+, cofinanciada por la Uni\u00f3n Europea, de grupo de 8 alumnas del I.E.S. Huelin en el centro sueco &#8220;Rinmangymnasiet&#8221; en Eskilstuna<\/strong><\/span><\/p>\n<p><span style=\"font-size: 12pt\">Ocho alumnas, 7 de 4.\u00ba y 1 de 3.\u00ba de E.S.O., acompa\u00f1adas de los profesores Carmen de la Varga y Emilio Guzm\u00e1n del I.E.S. Huelin, han realizado una movilidad de grupo Erasmus+ al centro sueco &#8220;Rinmangymnasiet&#8221; en Eskilstuna desde el 30 de septiembre al &nbsp;7 de octubre de 2023. Durante la estancia han coincidido con un instituto franc\u00e9s y otro alem\u00e1n. &nbsp;Entre las actividades que han realizado podemos destacar las siguientes:<\/span><\/p>\n<p><span style=\"font-size: 12pt\">1) Intercambio de presentaciones sobre el patrimonio cultural y las escuelas de los tres pa\u00edses, incluida una exhibici\u00f3n de baile flamenco de nuestra alumna Carmen Remedios. &nbsp;Nuestras alumnas tambi\u00e9n participaron en una clase interactiva de espa\u00f1ol con las profesoras y alumnos suecos.<\/span><\/p>\n<p><span style=\"font-size: 12pt\">2) Actividades de educaci\u00f3n f\u00edsica y juegos suecos como el <em>Innebandy<\/em> o j\u00f3quey en pista cubierta con pelota, b\u00e1dminton y baloncesto.<\/span><\/p>\n<p><span style=\"font-size: 12pt\">3) Visita a \u201cReTuna\u201d, el mayor centro comercial de productos reciclados del mundo en Eskilstuna.<\/span><\/p>\n<p><span style=\"font-size: 12pt\">4) Visitas culturales al museo <em>Stadsmuseum<\/em> para conocer la historia de Eskilstuna, al museo de historia militar y de la realeza sueca en el palacio \u201cLivrustkammaren\u201d y la ciudad antigua, \u201cGamla Stan\u201d en Estocolmo, la mina de plata \u201cSala\u201d y Anundsh\u00f6g en V\u00e4ster\u00e1s, el t\u00famulo funerario de la Edad de Hierro m\u00e1s grande de Suecia y posterior asentamiento vikingo.<\/span><\/p>\n<p><span style=\"font-size: 12pt\">5) Evaluaci\u00f3n de la estancia, almuerzo, cena y fiesta de despedida con los alumnos y profesores suecos, franceses y alemanes en el instituto.<\/span><\/p>\n<p><span style=\"font-size: 12pt\">En esta experiencia enriquecedora e inolvidable, aparte de las competencias estrictamente acad\u00e9micas y ling\u00fc\u00edsticas, las alumnas han mejorado sus competencias personales, sociales, emocionales y ejecutivas. Asimismo, destacan las fuertes relaciones afectivas establecidas entre los profesores, alumnos y familias anfitrionas, como as\u00ed se pudo observar en las emotivas&nbsp;<\/span>despedidas del s\u00e1bado 7.<\/p>\n\n\t\t<style>\n\t\t\t#gallery-1 {\n\t\t\t\tmargin: auto;\n\t\t\t}\n\t\t\t#gallery-1 .gallery-item {\n\t\t\t\tfloat: left;\n\t\t\t\tmargin-top: 10px;\n\t\t\t\ttext-align: center;\n\t\t\t\twidth: 33%;\n\t\t\t}\n\t\t\t#gallery-1 img {\n\t\t\t\tborder: 2px solid #cfcfcf;\n\t\t\t}\n\t\t\t#gallery-1 .gallery-caption {\n\t\t\t\tmargin-left: 0;\n\t\t\t}\n\t\t\t\/* see gallery_shortcode() in wp-includes\/media.php *\/\n\t\t<\/style>\n\t\t<div id='gallery-1' class='gallery galleryid-10629 gallery-columns-3 gallery-size-medium'><dl class='gallery-item'>\n\t\t\t<dt class='gallery-icon landscape'>\n\t\t\t\t<a href='https:\/\/blogsaverroes.juntadeandalucia.es\/plurilinguismodelegacionmalaga\/2023\/10\/13\/alumnado-del-i-e-s-huelin-en-suecia\/martes-nobel-grupo-espanol\/'><img loading=\"lazy\" decoding=\"async\" width=\"300\" height=\"225\" src=\"https:\/\/blogsaverroes.juntadeandalucia.es\/plurilinguismodelegacionmalaga\/files\/2023\/10\/MARTES-NOBEL-GRUPO-ESPA\u00d1OL-300x225.jpg\" class=\"attachment-medium size-medium\" alt=\"\" aria-describedby=\"gallery-1-10630\" srcset=\"https:\/\/blogsaverroes.juntadeandalucia.es\/plurilinguismodelegacionmalaga\/files\/2023\/10\/MARTES-NOBEL-GRUPO-ESPA\u00d1OL-300x225.jpg 300w, https:\/\/blogsaverroes.juntadeandalucia.es\/plurilinguismodelegacionmalaga\/files\/2023\/10\/MARTES-NOBEL-GRUPO-ESPA\u00d1OL-1024x768.jpg 1024w, https:\/\/blogsaverroes.juntadeandalucia.es\/plurilinguismodelegacionmalaga\/files\/2023\/10\/MARTES-NOBEL-GRUPO-ESPA\u00d1OL-768x576.jpg 768w, https:\/\/blogsaverroes.juntadeandalucia.es\/plurilinguismodelegacionmalaga\/files\/2023\/10\/MARTES-NOBEL-GRUPO-ESPA\u00d1OL-1536x1152.jpg 1536w, https:\/\/blogsaverroes.juntadeandalucia.es\/plurilinguismodelegacionmalaga\/files\/2023\/10\/MARTES-NOBEL-GRUPO-ESPA\u00d1OL.jpg 2048w\" sizes=\"(max-width: 300px) 100vw, 300px\" \/><\/a>\n\t\t\t<\/dt>\n\t\t\t\t<dd class='wp-caption-text gallery-caption' id='gallery-1-10630'>\n\t\t\t\tGrupo espa\u00f1ol\n\t\t\t\t<\/dd><\/dl><dl class='gallery-item'>\n\t\t\t<dt class='gallery-icon landscape'>\n\t\t\t\t<a href='https:\/\/blogsaverroes.juntadeandalucia.es\/plurilinguismodelegacionmalaga\/2023\/10\/13\/alumnado-del-i-e-s-huelin-en-suecia\/viernes-fiesta-despedida\/'><img loading=\"lazy\" decoding=\"async\" width=\"300\" height=\"138\" src=\"https:\/\/blogsaverroes.juntadeandalucia.es\/plurilinguismodelegacionmalaga\/files\/2023\/10\/Viernes-fiesta-despedida-300x138.jpg\" class=\"attachment-medium size-medium\" alt=\"\" aria-describedby=\"gallery-1-10631\" srcset=\"https:\/\/blogsaverroes.juntadeandalucia.es\/plurilinguismodelegacionmalaga\/files\/2023\/10\/Viernes-fiesta-despedida-300x138.jpg 300w, https:\/\/blogsaverroes.juntadeandalucia.es\/plurilinguismodelegacionmalaga\/files\/2023\/10\/Viernes-fiesta-despedida-1024x473.jpg 1024w, https:\/\/blogsaverroes.juntadeandalucia.es\/plurilinguismodelegacionmalaga\/files\/2023\/10\/Viernes-fiesta-despedida-768x354.jpg 768w, https:\/\/blogsaverroes.juntadeandalucia.es\/plurilinguismodelegacionmalaga\/files\/2023\/10\/Viernes-fiesta-despedida-1536x709.jpg 1536w, https:\/\/blogsaverroes.juntadeandalucia.es\/plurilinguismodelegacionmalaga\/files\/2023\/10\/Viernes-fiesta-despedida-980x450.jpg 980w, https:\/\/blogsaverroes.juntadeandalucia.es\/plurilinguismodelegacionmalaga\/files\/2023\/10\/Viernes-fiesta-despedida.jpg 2048w\" sizes=\"(max-width: 300px) 100vw, 300px\" \/><\/a>\n\t\t\t<\/dt>\n\t\t\t\t<dd class='wp-caption-text gallery-caption' id='gallery-1-10631'>\n\t\t\t\tFiesta de despedida\n\t\t\t\t<\/dd><\/dl><dl class='gallery-item'>\n\t\t\t<dt class='gallery-icon landscape'>\n\t\t\t\t<a href='https:\/\/blogsaverroes.juntadeandalucia.es\/plurilinguismodelegacionmalaga\/2023\/10\/13\/alumnado-del-i-e-s-huelin-en-suecia\/mina-de-sala-en-vasteras\/'><img loading=\"lazy\" decoding=\"async\" width=\"300\" height=\"135\" src=\"https:\/\/blogsaverroes.juntadeandalucia.es\/plurilinguismodelegacionmalaga\/files\/2023\/10\/Mina-de-Sala-en-Vasteras-300x135.jpg\" class=\"attachment-medium size-medium\" alt=\"\" aria-describedby=\"gallery-1-10632\" srcset=\"https:\/\/blogsaverroes.juntadeandalucia.es\/plurilinguismodelegacionmalaga\/files\/2023\/10\/Mina-de-Sala-en-Vasteras-300x135.jpg 300w, https:\/\/blogsaverroes.juntadeandalucia.es\/plurilinguismodelegacionmalaga\/files\/2023\/10\/Mina-de-Sala-en-Vasteras-1024x461.jpg 1024w, https:\/\/blogsaverroes.juntadeandalucia.es\/plurilinguismodelegacionmalaga\/files\/2023\/10\/Mina-de-Sala-en-Vasteras-768x346.jpg 768w, https:\/\/blogsaverroes.juntadeandalucia.es\/plurilinguismodelegacionmalaga\/files\/2023\/10\/Mina-de-Sala-en-Vasteras-1536x692.jpg 1536w, https:\/\/blogsaverroes.juntadeandalucia.es\/plurilinguismodelegacionmalaga\/files\/2023\/10\/Mina-de-Sala-en-Vasteras.jpg 1600w\" sizes=\"(max-width: 300px) 100vw, 300px\" \/><\/a>\n\t\t\t<\/dt>\n\t\t\t\t<dd class='wp-caption-text gallery-caption' id='gallery-1-10632'>\n\t\t\t\tMina de sala en V\u00e4ster\u00e1s\n\t\t\t\t<\/dd><\/dl><br style=\"clear: both\" \/>\n\t\t<\/div>\n\n","protected":false},"excerpt":{"rendered":"<p>Movilidad Erasmus+, cofinanciada por la Uni\u00f3n Europea, de grupo de 8 alumnas del I.E.S. Huelin en el centro sueco &#8220;Rinmangymnasiet&#8221; en Eskilstuna Ocho alumnas, 7 de 4.\u00ba y 1 de 3.\u00ba de E.S.O., acompa\u00f1adas&#46;&#46;&#46;<\/p>\n","protected":false},"author":8062,"featured_media":10630,"comment_status":"open","ping_status":"open","sticky":false,"template":"","format":"standard","meta":{"ngg_post_thumbnail":0,"footnotes":""},"categories":[21040,1174746],"tags":[],"aioseo_notices":[],"_links":{"self":[{"href":"https:\/\/blogsaverroes.juntadeandalucia.es\/plurilinguismodelegacionmalaga\/wp-json\/wp\/v2\/posts\/10629"}],"collection":[{"href":"https:\/\/blogsaverroes.juntadeandalucia.es\/plurilinguismodelegacionmalaga\/wp-json\/wp\/v2\/posts"}],"about":[{"href":"https:\/\/blogsaverroes.juntadeandalucia.es\/plurilinguismodelegacionmalaga\/wp-json\/wp\/v2\/types\/post"}],"author":[{"embeddable":true,"href":"https:\/\/blogsaverroes.juntadeandalucia.es\/plurilinguismodelegacionmalaga\/wp-json\/wp\/v2\/users\/8062"}],"replies":[{"embeddable":true,"href":"https:\/\/blogsaverroes.juntadeandalucia.es\/plurilinguismodelegacionmalaga\/wp-json\/wp\/v2\/comments?post=10629"}],"version-history":[{"count":1,"href":"https:\/\/blogsaverroes.juntadeandalucia.es\/plurilinguismodelegacionmalaga\/wp-json\/wp\/v2\/posts\/10629\/revisions"}],"predecessor-version":[{"id":10633,"href":"https:\/\/blogsaverroes.juntadeandalucia.es\/plurilinguismodelegacionmalaga\/wp-json\/wp\/v2\/posts\/10629\/revisions\/10633"}],"wp:featuredmedia":[{"embeddable":true,"href":"https:\/\/blogsaverroes.juntadeandalucia.es\/plurilinguismodelegacionmalaga\/wp-json\/wp\/v2\/media\/10630"}],"wp:attachment":[{"href":"https:\/\/blogsaverroes.juntadeandalucia.es\/plurilinguismodelegacionmalaga\/wp-json\/wp\/v2\/media?parent=10629"}],"wp:term":[{"taxonomy":"category","embeddable":true,"href":"https:\/\/blogsaverroes.juntadeandalucia.es\/plurilinguismodelegacionmalaga\/wp-json\/wp\/v2\/categories?post=10629"},{"taxonomy":"post_tag","embeddable":true,"href":"https:\/\/blogsaverroes.juntadeandalucia.es\/plurilinguismodelegacionmalaga\/wp-json\/wp\/v2\/tags?post=10629"}],"curies":[{"name":"wp","href":"https:\/\/api.w.org\/{rel}","templated":true}]}}