{"id":10681,"date":"2023-10-20T14:15:36","date_gmt":"2023-10-20T12:15:36","guid":{"rendered":"https:\/\/blogsaverroes.juntadeandalucia.es\/plurilinguismodelegacionmalaga\/?p=10681"},"modified":"2023-10-20T14:21:47","modified_gmt":"2023-10-20T12:21:47","slug":"jornada-de-acogida-auxiliares-de-conversacion","status":"publish","type":"post","link":"https:\/\/blogsaverroes.juntadeandalucia.es\/plurilinguismodelegacionmalaga\/2023\/10\/20\/jornada-de-acogida-auxiliares-de-conversacion\/","title":{"rendered":"Jornada de Acogida Auxiliares de Conversaci\u00f3n"},"content":{"rendered":"<p><strong>Jornada de Acogida Auxiliares de Conversaci\u00f3n Curso 2023-24<\/strong><\/p>\n<p>Este curso escolar la Jornada de Acogida a Auxiliares de Conversaci\u00f3n se ha celebrado el 10 de octubre en la Colecci\u00f3n Museo Ruso en M\u00e1laga. Ha sido inaugurada por el <strong>Sr. Delegado Territorial de Desarrollo Educativo y Formaci\u00f3n Profesional y de Universidad, Investigaci\u00f3n e Innovaci\u00f3n en M\u00e1laga<\/strong>, D. Miguel Briones Artacho, y ha contado con la presencia de D\u00f1a. Roberta G. Aaron, agente consular de Estados Unidos en M\u00e1laga, D. Francisco M\u00e1rquez Lanza, en representaci\u00f3n del Servicio de Educaci\u00f3n y Juventud de la Diputaci\u00f3n de M\u00e1laga, D. Juan Artacho L\u00f3pez, jefe de extranjer\u00eda de la Comisar\u00eda Provincial de M\u00e1laga y Raquel P\u00e9rez Villard\u00f3n, responsable provincial de pluriling\u00fcismo.<\/p>\n<p>D. Juan Artacho L\u00f3pez les ha hablado de la documentaci\u00f3n y tr\u00e1mites burocr\u00e1ticos que los auxiliares de conversaci\u00f3n deben gestionar para su estancia en M\u00e1laga, y las dudas que han surgido se han resuelto en el momento. Adem\u00e1s, D. Jorge Conejo Campos, coordinador de biling\u00fcismo del I.E.S. Valle del Azahar (C\u00e1rtama) les ha hablado de lo que se espera de ellos en las aulas de los centros educativos en las que van a colaborar y c\u00f3mo coordinarse con el profesorado del centro. D\u00f1a. Leilani Gibbons (C.E.I.P. Gregorio Mara\u00f1\u00f3n, en la Cala del Moral), auxiliar renovadora, ha contado su experiencia durante el curso anterior.<\/p>\n\n\t\t<style>\n\t\t\t#gallery-1 {\n\t\t\t\tmargin: auto;\n\t\t\t}\n\t\t\t#gallery-1 .gallery-item {\n\t\t\t\tfloat: left;\n\t\t\t\tmargin-top: 10px;\n\t\t\t\ttext-align: center;\n\t\t\t\twidth: 50%;\n\t\t\t}\n\t\t\t#gallery-1 img {\n\t\t\t\tborder: 2px solid #cfcfcf;\n\t\t\t}\n\t\t\t#gallery-1 .gallery-caption {\n\t\t\t\tmargin-left: 0;\n\t\t\t}\n\t\t\t\/* see gallery_shortcode() in wp-includes\/media.php *\/\n\t\t<\/style>\n\t\t<div id='gallery-1' class='gallery galleryid-10681 gallery-columns-2 gallery-size-medium'><dl class='gallery-item'>\n\t\t\t<dt class='gallery-icon landscape'>\n\t\t\t\t<a href='https:\/\/blogsaverroes.juntadeandalucia.es\/plurilinguismodelegacionmalaga\/2023\/10\/20\/jornada-de-acogida-auxiliares-de-conversacion\/whatsapp-image-2023-10-10-at-14-23-51\/'><img loading=\"lazy\" decoding=\"async\" width=\"300\" height=\"225\" src=\"https:\/\/blogsaverroes.juntadeandalucia.es\/plurilinguismodelegacionmalaga\/files\/2023\/10\/WhatsApp-Image-2023-10-10-at-14.23.51-300x225.jpeg\" class=\"attachment-medium size-medium\" alt=\"\" aria-describedby=\"gallery-1-10682\" srcset=\"https:\/\/blogsaverroes.juntadeandalucia.es\/plurilinguismodelegacionmalaga\/files\/2023\/10\/WhatsApp-Image-2023-10-10-at-14.23.51-300x225.jpeg 300w, https:\/\/blogsaverroes.juntadeandalucia.es\/plurilinguismodelegacionmalaga\/files\/2023\/10\/WhatsApp-Image-2023-10-10-at-14.23.51-1024x768.jpeg 1024w, https:\/\/blogsaverroes.juntadeandalucia.es\/plurilinguismodelegacionmalaga\/files\/2023\/10\/WhatsApp-Image-2023-10-10-at-14.23.51-768x576.jpeg 768w, https:\/\/blogsaverroes.juntadeandalucia.es\/plurilinguismodelegacionmalaga\/files\/2023\/10\/WhatsApp-Image-2023-10-10-at-14.23.51-1536x1152.jpeg 1536w, https:\/\/blogsaverroes.juntadeandalucia.es\/plurilinguismodelegacionmalaga\/files\/2023\/10\/WhatsApp-Image-2023-10-10-at-14.23.51.jpeg 2048w\" sizes=\"(max-width: 300px) 100vw, 300px\" \/><\/a>\n\t\t\t<\/dt>\n\t\t\t\t<dd class='wp-caption-text gallery-caption' id='gallery-1-10682'>\n\t\t\t\tJornada Acogida Auxiliares de Conversaci\u00f3n\n\t\t\t\t<\/dd><\/dl>\n\t\t\t<br style='clear: both' \/>\n\t\t<\/div>\n\n<p><a href=\"https:\/\/blogsaverroes.juntadeandalucia.es\/plurilinguismodelegacionmalaga\/files\/2023\/10\/PROGRAMA-JORNADAS.pdf\">PROGRAMA JORNADAS<\/a><\/p>\n","protected":false},"excerpt":{"rendered":"<p>Jornada de Acogida Auxiliares de Conversaci\u00f3n Curso 2023-24 Este curso escolar la Jornada de Acogida a Auxiliares de Conversaci\u00f3n se ha celebrado el 10 de octubre en la Colecci\u00f3n Museo Ruso en M\u00e1laga. Ha&#46;&#46;&#46;<\/p>\n","protected":false},"author":8062,"featured_media":10598,"comment_status":"open","ping_status":"open","sticky":false,"template":"","format":"standard","meta":{"ngg_post_thumbnail":0,"footnotes":""},"categories":[2284898],"tags":[],"aioseo_notices":[],"_links":{"self":[{"href":"https:\/\/blogsaverroes.juntadeandalucia.es\/plurilinguismodelegacionmalaga\/wp-json\/wp\/v2\/posts\/10681"}],"collection":[{"href":"https:\/\/blogsaverroes.juntadeandalucia.es\/plurilinguismodelegacionmalaga\/wp-json\/wp\/v2\/posts"}],"about":[{"href":"https:\/\/blogsaverroes.juntadeandalucia.es\/plurilinguismodelegacionmalaga\/wp-json\/wp\/v2\/types\/post"}],"author":[{"embeddable":true,"href":"https:\/\/blogsaverroes.juntadeandalucia.es\/plurilinguismodelegacionmalaga\/wp-json\/wp\/v2\/users\/8062"}],"replies":[{"embeddable":true,"href":"https:\/\/blogsaverroes.juntadeandalucia.es\/plurilinguismodelegacionmalaga\/wp-json\/wp\/v2\/comments?post=10681"}],"version-history":[{"count":5,"href":"https:\/\/blogsaverroes.juntadeandalucia.es\/plurilinguismodelegacionmalaga\/wp-json\/wp\/v2\/posts\/10681\/revisions"}],"predecessor-version":[{"id":10693,"href":"https:\/\/blogsaverroes.juntadeandalucia.es\/plurilinguismodelegacionmalaga\/wp-json\/wp\/v2\/posts\/10681\/revisions\/10693"}],"wp:featuredmedia":[{"embeddable":true,"href":"https:\/\/blogsaverroes.juntadeandalucia.es\/plurilinguismodelegacionmalaga\/wp-json\/wp\/v2\/media\/10598"}],"wp:attachment":[{"href":"https:\/\/blogsaverroes.juntadeandalucia.es\/plurilinguismodelegacionmalaga\/wp-json\/wp\/v2\/media?parent=10681"}],"wp:term":[{"taxonomy":"category","embeddable":true,"href":"https:\/\/blogsaverroes.juntadeandalucia.es\/plurilinguismodelegacionmalaga\/wp-json\/wp\/v2\/categories?post=10681"},{"taxonomy":"post_tag","embeddable":true,"href":"https:\/\/blogsaverroes.juntadeandalucia.es\/plurilinguismodelegacionmalaga\/wp-json\/wp\/v2\/tags?post=10681"}],"curies":[{"name":"wp","href":"https:\/\/api.w.org\/{rel}","templated":true}]}}