{"id":10700,"date":"2023-11-02T13:21:49","date_gmt":"2023-11-02T12:21:49","guid":{"rendered":"https:\/\/blogsaverroes.juntadeandalucia.es\/plurilinguismodelegacionmalaga\/?p=10700"},"modified":"2023-11-02T13:22:39","modified_gmt":"2023-11-02T12:22:39","slug":"eventos-etwinning","status":"publish","type":"post","link":"https:\/\/blogsaverroes.juntadeandalucia.es\/plurilinguismodelegacionmalaga\/2023\/11\/02\/eventos-etwinning\/","title":{"rendered":"Eventos eTwinning"},"content":{"rendered":"<p>Dentro de las actividades de los <strong>Grupos eTwinning<\/strong> se van a celebrar los siguientes eventos online la pr\u00f3xima semana:<\/p>\n<ul>\n<li><strong>Pr\u00e1cticas sostenibles en \u00e1reas remotas. Creando comunidad <\/strong><\/li>\n<\/ul>\n<p style=\"padding-left: 40px\">Fecha y hora: 7 noviembre 2023 &#8211; 18:00h<\/p>\n<p style=\"padding-left: 40px\">Link: <a href=\"https:\/\/join.skype.com\/CcBEVgOYqwio\">https:\/\/join.skype.com\/CcBEVgOYqwio<\/a><\/p>\n<p style=\"padding-left: 40px\">Ponentes: Javier Ramos (Colegio San Gregorio, CYL) y Helena Valencia (I.E.S. Gallicum, ARAG\u00d3N)<\/p>\n<ul>\n<li><strong>Mesa Redonda STEAM\/ eTwinning Schools<\/strong><\/li>\n<\/ul>\n<p>&nbsp;&nbsp;&nbsp;&nbsp;&nbsp;&nbsp;&nbsp;&nbsp;&nbsp;&nbsp; Fecha y hora: 8 de noviembre 2023 &#8211; 17:30 h<\/p>\n<p style=\"padding-left: 40px\">Link: <a href=\"https:\/\/join.skype.com\/IP8NRZjyZ4YY\">https:\/\/join.skype.com\/IP8NRZjyZ4YY<\/a><\/p>\n<p style=\"padding-left: 40px\">Ponentes: Mar\u00eda Jes\u00fas Campos (I.E.S. Parque Lisboa, MADRID), Neli Hern\u00e1ndez (I.E.S. Las Maretas, CANARIAS) y Clara Elizabeth Baez (ITE &nbsp;Raffaele Piria &#8211; Ferraris\/Da Empoli)<\/p>\n<ul>\n<li><strong>Mesa Redonda <\/strong><strong>E.O.I.\/FP: Sinergias en proyectos eTwinning<\/strong><\/li>\n<\/ul>\n<p style=\"padding-left: 40px\">Fecha y hora: 10 noviembre 2023 &#8211; 12:15 h<\/p>\n<p style=\"padding-left: 40px\">Link: <a href=\"https:\/\/join.skype.com\/EGt3VoH95oiA\">https:\/\/join.skype.com\/EGt3VoH95oiA<\/a><\/p>\n<p style=\"padding-left: 40px\">Ponentes: Patricia Conde (E.O.I. \/GALICIA), M.\u00aa Isabel P\u00e9rez, (I.E.S. Ba\u00f1aderos\/CANARIAS)&nbsp;<\/p>\n","protected":false},"excerpt":{"rendered":"<p>Dentro de las actividades de los Grupos eTwinning se van a celebrar los siguientes eventos online la pr\u00f3xima semana: Pr\u00e1cticas sostenibles en \u00e1reas remotas. Creando comunidad Fecha y hora: 7 noviembre 2023 &#8211; 18:00h&#46;&#46;&#46;<\/p>\n","protected":false},"author":8062,"featured_media":10701,"comment_status":"open","ping_status":"open","sticky":false,"template":"","format":"standard","meta":{"ngg_post_thumbnail":0,"footnotes":""},"categories":[10635],"tags":[],"aioseo_notices":[],"_links":{"self":[{"href":"https:\/\/blogsaverroes.juntadeandalucia.es\/plurilinguismodelegacionmalaga\/wp-json\/wp\/v2\/posts\/10700"}],"collection":[{"href":"https:\/\/blogsaverroes.juntadeandalucia.es\/plurilinguismodelegacionmalaga\/wp-json\/wp\/v2\/posts"}],"about":[{"href":"https:\/\/blogsaverroes.juntadeandalucia.es\/plurilinguismodelegacionmalaga\/wp-json\/wp\/v2\/types\/post"}],"author":[{"embeddable":true,"href":"https:\/\/blogsaverroes.juntadeandalucia.es\/plurilinguismodelegacionmalaga\/wp-json\/wp\/v2\/users\/8062"}],"replies":[{"embeddable":true,"href":"https:\/\/blogsaverroes.juntadeandalucia.es\/plurilinguismodelegacionmalaga\/wp-json\/wp\/v2\/comments?post=10700"}],"version-history":[{"count":1,"href":"https:\/\/blogsaverroes.juntadeandalucia.es\/plurilinguismodelegacionmalaga\/wp-json\/wp\/v2\/posts\/10700\/revisions"}],"predecessor-version":[{"id":10702,"href":"https:\/\/blogsaverroes.juntadeandalucia.es\/plurilinguismodelegacionmalaga\/wp-json\/wp\/v2\/posts\/10700\/revisions\/10702"}],"wp:featuredmedia":[{"embeddable":true,"href":"https:\/\/blogsaverroes.juntadeandalucia.es\/plurilinguismodelegacionmalaga\/wp-json\/wp\/v2\/media\/10701"}],"wp:attachment":[{"href":"https:\/\/blogsaverroes.juntadeandalucia.es\/plurilinguismodelegacionmalaga\/wp-json\/wp\/v2\/media?parent=10700"}],"wp:term":[{"taxonomy":"category","embeddable":true,"href":"https:\/\/blogsaverroes.juntadeandalucia.es\/plurilinguismodelegacionmalaga\/wp-json\/wp\/v2\/categories?post=10700"},{"taxonomy":"post_tag","embeddable":true,"href":"https:\/\/blogsaverroes.juntadeandalucia.es\/plurilinguismodelegacionmalaga\/wp-json\/wp\/v2\/tags?post=10700"}],"curies":[{"name":"wp","href":"https:\/\/api.w.org\/{rel}","templated":true}]}}