{"id":10734,"date":"2023-11-28T08:08:57","date_gmt":"2023-11-28T07:08:57","guid":{"rendered":"https:\/\/blogsaverroes.juntadeandalucia.es\/plurilinguismodelegacionmalaga\/?p=10734"},"modified":"2023-11-28T08:54:35","modified_gmt":"2023-11-28T07:54:35","slug":"i-e-s-jardin-de-malaga-segundo-premio-a-las-buenas-practicas-en-ensenanza-bilingue","status":"publish","type":"post","link":"https:\/\/blogsaverroes.juntadeandalucia.es\/plurilinguismodelegacionmalaga\/2023\/11\/28\/i-e-s-jardin-de-malaga-segundo-premio-a-las-buenas-practicas-en-ensenanza-bilingue\/","title":{"rendered":"I.E.S. Jard\u00edn de M\u00e1laga: segundo premio a las Buenas Pr\u00e1cticas en Ense\u00f1anza Biling\u00fce"},"content":{"rendered":"<p>El pasado jueves, 23 de noviembre de 2023, el Delegado Territorial de Desarrollo Educativo y<img loading=\"lazy\" decoding=\"async\" class=\"wp-image-10741 alignleft\" src=\"https:\/\/blogsaverroes.juntadeandalucia.es\/plurilinguismodelegacionmalaga\/files\/2023\/11\/IMG-20231123-WA0002-300x225.jpg\" alt=\"\" width=\"376\" height=\"282\" srcset=\"https:\/\/blogsaverroes.juntadeandalucia.es\/plurilinguismodelegacionmalaga\/files\/2023\/11\/IMG-20231123-WA0002-300x225.jpg 300w, https:\/\/blogsaverroes.juntadeandalucia.es\/plurilinguismodelegacionmalaga\/files\/2023\/11\/IMG-20231123-WA0002-1024x768.jpg 1024w, https:\/\/blogsaverroes.juntadeandalucia.es\/plurilinguismodelegacionmalaga\/files\/2023\/11\/IMG-20231123-WA0002-768x576.jpg 768w, https:\/\/blogsaverroes.juntadeandalucia.es\/plurilinguismodelegacionmalaga\/files\/2023\/11\/IMG-20231123-WA0002-1536x1152.jpg 1536w, https:\/\/blogsaverroes.juntadeandalucia.es\/plurilinguismodelegacionmalaga\/files\/2023\/11\/IMG-20231123-WA0002.jpg 2040w\" sizes=\"(max-width: 376px) 100vw, 376px\" \/><\/p>\n<p>Formaci\u00f3n Profesional y de Universidad, Investigaci\u00f3n e Innovaci\u00f3n en M\u00e1laga, D. Miguel Briones Artacho, la jefa de Servicio de Ordenaci\u00f3n Educativa, D\u00f1a. Aurora D\u00edaz Camacho y la Responsable Provincial de Pluriling\u00fcismo, Raquel P\u00e9rez Villard\u00f3n, recibieron a los representantes del centro I.E.S. Jard\u00edn de M\u00e1laga -D\u00f1a. Catherine Horel y D. Javier Gascue\u00f1a- para darles la enhorabuena por haber ganado el <strong>segundo premio del reconocimiento a centros biling\u00fces y pluriling\u00fces de Andaluc\u00eda con buenas pr\u00e1cticas docentes en ense\u00f1anza biling\u00fce.<\/strong><\/p>\n<p>La buena pr\u00e1ctica interdisciplinar denominada \u00ab<strong>Teens, Health &amp; Tech. Un proyecto europeo sobre adolescentes, salud y tecnolog\u00eda en eTwinning<\/strong>\u00bb, reflexiona sobre el uso de la tecnolog\u00eda entre adolescentes y su impacto en la salud f\u00edsica, emocional y mental, sobre todo en cuanto al uso de redes sociales y tel\u00e9fonos m\u00f3viles. En este proyecto se ha constatado la realizaci\u00f3n de actividades de alta calidad en las que se plantea el objetivo de un uso apropiado de Internet y de las redes sociales, estableciendo un cat\u00e1logo de normas de comportamiento y de unos compromisos individuales y grupales. Entre otros aspectos positivos se destacan la elecci\u00f3n de una tem\u00e1tica de inter\u00e9s para los j\u00f3venes, el trabajo en equipo, la transversalidad, el uso de herramientas digitales colaborativas y la implicaci\u00f3n de toda la comunidad educativa. <img loading=\"lazy\" decoding=\"async\" class=\"wp-image-10742 aligncenter\" src=\"https:\/\/blogsaverroes.juntadeandalucia.es\/plurilinguismodelegacionmalaga\/files\/2023\/11\/TEEN-HEALTH-AND-TECH-POSTER-300x170.png\" alt=\"\" width=\"457\" height=\"259\" srcset=\"https:\/\/blogsaverroes.juntadeandalucia.es\/plurilinguismodelegacionmalaga\/files\/2023\/11\/TEEN-HEALTH-AND-TECH-POSTER-300x170.png 300w, https:\/\/blogsaverroes.juntadeandalucia.es\/plurilinguismodelegacionmalaga\/files\/2023\/11\/TEEN-HEALTH-AND-TECH-POSTER-1024x580.png 1024w, https:\/\/blogsaverroes.juntadeandalucia.es\/plurilinguismodelegacionmalaga\/files\/2023\/11\/TEEN-HEALTH-AND-TECH-POSTER-768x435.png 768w, https:\/\/blogsaverroes.juntadeandalucia.es\/plurilinguismodelegacionmalaga\/files\/2023\/11\/TEEN-HEALTH-AND-TECH-POSTER.png 1280w\" sizes=\"(max-width: 457px) 100vw, 457px\" \/><\/p>\n<p>Enhorabuena tambi\u00e9n a todos los centros educativos de la provincia que han participado en la convocatoria: I.E.S. Rafael P\u00e9rez Estrada, I.E.S. Ben Al Jatib, I.E.S. Dr. Rodr\u00edguez Delgado y al I.E.S. Ntra. Sra. de la Victoria. Todos ellos mejoran con sus proyectos y su trabajo la pr\u00e1ctica de la ense\u00f1anza biling\u00fce.<\/p>\n<p>La ceremonia de reconocimiento y entrega de premios ser\u00e1 el <strong>viernes 15 de diciembre<\/strong> en el Palacio de Ferias y Congresos de M\u00e1laga.<\/p>\n","protected":false},"excerpt":{"rendered":"<p>El pasado jueves, 23 de noviembre de 2023, el Delegado Territorial de Desarrollo Educativo y Formaci\u00f3n Profesional y de Universidad, Investigaci\u00f3n e Innovaci\u00f3n en M\u00e1laga, D. Miguel Briones Artacho, la jefa de Servicio de&#46;&#46;&#46;<\/p>\n","protected":false},"author":8062,"featured_media":10736,"comment_status":"open","ping_status":"open","sticky":false,"template":"","format":"standard","meta":{"ngg_post_thumbnail":0,"footnotes":""},"categories":[946,796323,52],"tags":[],"aioseo_notices":[],"_links":{"self":[{"href":"https:\/\/blogsaverroes.juntadeandalucia.es\/plurilinguismodelegacionmalaga\/wp-json\/wp\/v2\/posts\/10734"}],"collection":[{"href":"https:\/\/blogsaverroes.juntadeandalucia.es\/plurilinguismodelegacionmalaga\/wp-json\/wp\/v2\/posts"}],"about":[{"href":"https:\/\/blogsaverroes.juntadeandalucia.es\/plurilinguismodelegacionmalaga\/wp-json\/wp\/v2\/types\/post"}],"author":[{"embeddable":true,"href":"https:\/\/blogsaverroes.juntadeandalucia.es\/plurilinguismodelegacionmalaga\/wp-json\/wp\/v2\/users\/8062"}],"replies":[{"embeddable":true,"href":"https:\/\/blogsaverroes.juntadeandalucia.es\/plurilinguismodelegacionmalaga\/wp-json\/wp\/v2\/comments?post=10734"}],"version-history":[{"count":4,"href":"https:\/\/blogsaverroes.juntadeandalucia.es\/plurilinguismodelegacionmalaga\/wp-json\/wp\/v2\/posts\/10734\/revisions"}],"predecessor-version":[{"id":10740,"href":"https:\/\/blogsaverroes.juntadeandalucia.es\/plurilinguismodelegacionmalaga\/wp-json\/wp\/v2\/posts\/10734\/revisions\/10740"}],"wp:featuredmedia":[{"embeddable":true,"href":"https:\/\/blogsaverroes.juntadeandalucia.es\/plurilinguismodelegacionmalaga\/wp-json\/wp\/v2\/media\/10736"}],"wp:attachment":[{"href":"https:\/\/blogsaverroes.juntadeandalucia.es\/plurilinguismodelegacionmalaga\/wp-json\/wp\/v2\/media?parent=10734"}],"wp:term":[{"taxonomy":"category","embeddable":true,"href":"https:\/\/blogsaverroes.juntadeandalucia.es\/plurilinguismodelegacionmalaga\/wp-json\/wp\/v2\/categories?post=10734"},{"taxonomy":"post_tag","embeddable":true,"href":"https:\/\/blogsaverroes.juntadeandalucia.es\/plurilinguismodelegacionmalaga\/wp-json\/wp\/v2\/tags?post=10734"}],"curies":[{"name":"wp","href":"https:\/\/api.w.org\/{rel}","templated":true}]}}