{"id":10760,"date":"2023-12-11T09:25:44","date_gmt":"2023-12-11T08:25:44","guid":{"rendered":"https:\/\/blogsaverroes.juntadeandalucia.es\/plurilinguismodelegacionmalaga\/?p=10760"},"modified":"2023-12-11T09:25:44","modified_gmt":"2023-12-11T08:25:44","slug":"movilidad-individual-erasmus-de-corta-duracion-i-e-s-huelin","status":"publish","type":"post","link":"https:\/\/blogsaverroes.juntadeandalucia.es\/plurilinguismodelegacionmalaga\/2023\/12\/11\/movilidad-individual-erasmus-de-corta-duracion-i-e-s-huelin\/","title":{"rendered":"MOVILIDAD INDIVIDUAL ERASMUS+ DE CORTA DURACI\u00d3N- I.E.S. HUELIN"},"content":{"rendered":"<p>Las alumnas Romina y Laia del I.E.S. Huelin han participado en una movilidad individual Erasmus+ de corta duraci\u00f3n durante 12 d\u00edas, desde el 27 de noviembre al 8 de diciembre de 2023, en el liceo franc\u00e9s Jacques Pr\u00e9vert en Pont-Audemer. <strong>ACTIVIDAD COFINANCIADA POR LA UNI\u00d3N EUROPEA<\/strong>.<img loading=\"lazy\" decoding=\"async\" class=\"size-medium wp-image-10764 alignright\" src=\"https:\/\/blogsaverroes.juntadeandalucia.es\/plurilinguismodelegacionmalaga\/files\/2023\/12\/museo-Eug\u00e9ne-Boudin-300x300.jpg\" alt=\"\" width=\"300\" height=\"300\" srcset=\"https:\/\/blogsaverroes.juntadeandalucia.es\/plurilinguismodelegacionmalaga\/files\/2023\/12\/museo-Eug\u00e9ne-Boudin-300x300.jpg 300w, https:\/\/blogsaverroes.juntadeandalucia.es\/plurilinguismodelegacionmalaga\/files\/2023\/12\/museo-Eug\u00e9ne-Boudin-1024x1024.jpg 1024w, https:\/\/blogsaverroes.juntadeandalucia.es\/plurilinguismodelegacionmalaga\/files\/2023\/12\/museo-Eug\u00e9ne-Boudin-150x150.jpg 150w, https:\/\/blogsaverroes.juntadeandalucia.es\/plurilinguismodelegacionmalaga\/files\/2023\/12\/museo-Eug\u00e9ne-Boudin-768x768.jpg 768w, https:\/\/blogsaverroes.juntadeandalucia.es\/plurilinguismodelegacionmalaga\/files\/2023\/12\/museo-Eug\u00e9ne-Boudin-1536x1536.jpg 1536w, https:\/\/blogsaverroes.juntadeandalucia.es\/plurilinguismodelegacionmalaga\/files\/2023\/12\/museo-Eug\u00e9ne-Boudin-2048x2048.jpg 2048w, https:\/\/blogsaverroes.juntadeandalucia.es\/plurilinguismodelegacionmalaga\/files\/2023\/12\/museo-Eug\u00e9ne-Boudin-80x80.jpg 80w, https:\/\/blogsaverroes.juntadeandalucia.es\/plurilinguismodelegacionmalaga\/files\/2023\/12\/museo-Eug\u00e9ne-Boudin-320x320.jpg 320w\" sizes=\"(max-width: 300px) 100vw, 300px\" \/><\/p>\n<p>Las alumnas han asistido a clases con un horario individualizado junto a sus compa\u00f1eros anfitriones franceses. Adem\u00e1s, han participado en actividades extraescolares como visitas culturales a Pont-Audemer, Rouen y Honfleur y actividades sobre la igualdad de g\u00e9nero y educaci\u00f3n sexual. En este sentido, las alumnas visionaron la pel\u00edcula Annie Col\u00e9re, sobre la lucha de las mujeres por el derecho al aborto legal en la Francia de los a\u00f1os 70, y participaron en talleres tanto en la sala de cine como en el liceo. Las alumnas han sido tutorizadas en todo momento tanto por Anne-Ga\u00eblle Armand, profesora del liceo, como por Emilio Guzm\u00e1n, coordinador Erasmus+ del I.E.S. Huelin.<img loading=\"lazy\" decoding=\"async\" class=\"alignnone size-medium wp-image-10763\" src=\"https:\/\/blogsaverroes.juntadeandalucia.es\/plurilinguismodelegacionmalaga\/files\/2023\/12\/lunes-27-nov-2-225x300.jpg\" alt=\"\" width=\"225\" height=\"300\" srcset=\"https:\/\/blogsaverroes.juntadeandalucia.es\/plurilinguismodelegacionmalaga\/files\/2023\/12\/lunes-27-nov-2-225x300.jpg 225w, https:\/\/blogsaverroes.juntadeandalucia.es\/plurilinguismodelegacionmalaga\/files\/2023\/12\/lunes-27-nov-2-768x1024.jpg 768w, https:\/\/blogsaverroes.juntadeandalucia.es\/plurilinguismodelegacionmalaga\/files\/2023\/12\/lunes-27-nov-2-1152x1536.jpg 1152w, https:\/\/blogsaverroes.juntadeandalucia.es\/plurilinguismodelegacionmalaga\/files\/2023\/12\/lunes-27-nov-2.jpg 1200w\" sizes=\"(max-width: 225px) 100vw, 225px\" \/> &nbsp;<\/p>\n<p>Este tipo de actividades Erasmus+ les han proporcionado una mejora, principalmente tanto en sus competencias ling\u00fc\u00edsticas en franc\u00e9s, ingl\u00e9s y cultura francesa como en sus competencias personales, sociales, emotivas y ejecutivas. En definitiva, les han supuesto una experiencia inolvidable y enriquecedora que se resume en el lema del programa Erasmus+: \u201ccambiando vidas, abriendo mentes\u201d.<img loading=\"lazy\" decoding=\"async\" class=\"size-medium wp-image-10765 alignright\" src=\"https:\/\/blogsaverroes.juntadeandalucia.es\/plurilinguismodelegacionmalaga\/files\/2023\/12\/Honfleur-300x300.jpg\" alt=\"\" width=\"300\" height=\"300\" srcset=\"https:\/\/blogsaverroes.juntadeandalucia.es\/plurilinguismodelegacionmalaga\/files\/2023\/12\/Honfleur-300x300.jpg 300w, https:\/\/blogsaverroes.juntadeandalucia.es\/plurilinguismodelegacionmalaga\/files\/2023\/12\/Honfleur-1024x1024.jpg 1024w, https:\/\/blogsaverroes.juntadeandalucia.es\/plurilinguismodelegacionmalaga\/files\/2023\/12\/Honfleur-150x150.jpg 150w, https:\/\/blogsaverroes.juntadeandalucia.es\/plurilinguismodelegacionmalaga\/files\/2023\/12\/Honfleur-768x768.jpg 768w, https:\/\/blogsaverroes.juntadeandalucia.es\/plurilinguismodelegacionmalaga\/files\/2023\/12\/Honfleur-1536x1536.jpg 1536w, https:\/\/blogsaverroes.juntadeandalucia.es\/plurilinguismodelegacionmalaga\/files\/2023\/12\/Honfleur-2048x2048.jpg 2048w, https:\/\/blogsaverroes.juntadeandalucia.es\/plurilinguismodelegacionmalaga\/files\/2023\/12\/Honfleur-80x80.jpg 80w, https:\/\/blogsaverroes.juntadeandalucia.es\/plurilinguismodelegacionmalaga\/files\/2023\/12\/Honfleur-320x320.jpg 320w\" sizes=\"(max-width: 300px) 100vw, 300px\" \/><\/p>\n","protected":false},"excerpt":{"rendered":"<p>Las alumnas Romina y Laia del I.E.S. Huelin han participado en una movilidad individual Erasmus+ de corta duraci\u00f3n durante 12 d\u00edas, desde el 27 de noviembre al 8 de diciembre de 2023, en el&#46;&#46;&#46;<\/p>\n","protected":false},"author":8062,"featured_media":10761,"comment_status":"open","ping_status":"open","sticky":false,"template":"","format":"standard","meta":{"ngg_post_thumbnail":0,"footnotes":""},"categories":[21040],"tags":[],"aioseo_notices":[],"_links":{"self":[{"href":"https:\/\/blogsaverroes.juntadeandalucia.es\/plurilinguismodelegacionmalaga\/wp-json\/wp\/v2\/posts\/10760"}],"collection":[{"href":"https:\/\/blogsaverroes.juntadeandalucia.es\/plurilinguismodelegacionmalaga\/wp-json\/wp\/v2\/posts"}],"about":[{"href":"https:\/\/blogsaverroes.juntadeandalucia.es\/plurilinguismodelegacionmalaga\/wp-json\/wp\/v2\/types\/post"}],"author":[{"embeddable":true,"href":"https:\/\/blogsaverroes.juntadeandalucia.es\/plurilinguismodelegacionmalaga\/wp-json\/wp\/v2\/users\/8062"}],"replies":[{"embeddable":true,"href":"https:\/\/blogsaverroes.juntadeandalucia.es\/plurilinguismodelegacionmalaga\/wp-json\/wp\/v2\/comments?post=10760"}],"version-history":[{"count":1,"href":"https:\/\/blogsaverroes.juntadeandalucia.es\/plurilinguismodelegacionmalaga\/wp-json\/wp\/v2\/posts\/10760\/revisions"}],"predecessor-version":[{"id":10766,"href":"https:\/\/blogsaverroes.juntadeandalucia.es\/plurilinguismodelegacionmalaga\/wp-json\/wp\/v2\/posts\/10760\/revisions\/10766"}],"wp:featuredmedia":[{"embeddable":true,"href":"https:\/\/blogsaverroes.juntadeandalucia.es\/plurilinguismodelegacionmalaga\/wp-json\/wp\/v2\/media\/10761"}],"wp:attachment":[{"href":"https:\/\/blogsaverroes.juntadeandalucia.es\/plurilinguismodelegacionmalaga\/wp-json\/wp\/v2\/media?parent=10760"}],"wp:term":[{"taxonomy":"category","embeddable":true,"href":"https:\/\/blogsaverroes.juntadeandalucia.es\/plurilinguismodelegacionmalaga\/wp-json\/wp\/v2\/categories?post=10760"},{"taxonomy":"post_tag","embeddable":true,"href":"https:\/\/blogsaverroes.juntadeandalucia.es\/plurilinguismodelegacionmalaga\/wp-json\/wp\/v2\/tags?post=10760"}],"curies":[{"name":"wp","href":"https:\/\/api.w.org\/{rel}","templated":true}]}}