{"id":10768,"date":"2023-12-14T12:48:22","date_gmt":"2023-12-14T11:48:22","guid":{"rendered":"https:\/\/blogsaverroes.juntadeandalucia.es\/plurilinguismodelegacionmalaga\/?p=10768"},"modified":"2023-12-14T12:49:08","modified_gmt":"2023-12-14T11:49:08","slug":"intercambio-escolar-i-e-s-jorge-guillen-hittorf-gymnasium-recklinghausen","status":"publish","type":"post","link":"https:\/\/blogsaverroes.juntadeandalucia.es\/plurilinguismodelegacionmalaga\/2023\/12\/14\/intercambio-escolar-i-e-s-jorge-guillen-hittorf-gymnasium-recklinghausen\/","title":{"rendered":"Intercambio Escolar I.E.S. Jorge Guill\u00e9n &#8211; Hittorf Gymnasium Recklinghausen"},"content":{"rendered":"<p class=\"western\" align=\"justify\"><span style=\"font-family: Comic Sans MS, serif\"><span style=\"font-size: large\">A trav\u00e9s del Programa de intercambios escolares, convocado por la Consejer\u00eda de Desarrollo Educativo y Formaci\u00f3n Profesional, 18 alumnos y alumnas de 3.\u00ba ESO del I.E.S. Jorge Guill\u00e9n de Torrox han podido participar desde el 23 de noviembre al 2 de diciembre en un intercambio escolar con alumnos y alumnas de la clase 9 del instituto alem\u00e1n Hittorf-Gymnasium en la ciudad alemana de Recklinghausen. Esta actividad se viene realizando con este centro desde hace ya 7 a\u00f1os, ya que ambos institutos mantienen una magn\u00edfica y fluida relaci\u00f3n, debido al hecho de conocerse perfectamente el profesorado de ambos centros, pues hace 11 a\u00f1os vino al I.E.S. Jorge Guill\u00e9n una asistente ling\u00fc\u00edstica para realizar un lectorado durante un curso acad\u00e9mico y ahora esta profesora imparte clases en el instituto alem\u00e1n.<\/span><\/span><\/p>\n<p class=\"western\" align=\"justify\"><span style=\"font-family: Comic Sans MS, serif\"><span style=\"font-size: large\">Durante estos 10 d\u00edas de intercambio, nuestro alumnado ha estado alojado en casa de sus alumnos y alumnas alemanes, donde han sido cuidados y tratados maravillosamente, siendo uno m\u00e1s de la familia. Los han integrado en su cultura, les han hablado con lentitud y moderaci\u00f3n para que los entendieran, se han preocupado por su bienestar y los han agasajados de dulces, chocolatinas y cari\u00f1o suficientes para combatir el fr\u00edo exterior de este pa\u00eds. Tambi\u00e9n hemos degustado las famosas bratwurst en todas sus modalidades, con curry, con patatas, o simplemente dentro de un panecillo.<\/span><\/span><\/p>\n<p align=\"justify\"><img loading=\"lazy\" decoding=\"async\" class=\"wp-image-10770 alignright\" src=\"https:\/\/blogsaverroes.juntadeandalucia.es\/plurilinguismodelegacionmalaga\/files\/2023\/12\/foto2-300x138.png\" alt=\"\" width=\"473\" height=\"218\" srcset=\"https:\/\/blogsaverroes.juntadeandalucia.es\/plurilinguismodelegacionmalaga\/files\/2023\/12\/foto2-300x138.png 300w, https:\/\/blogsaverroes.juntadeandalucia.es\/plurilinguismodelegacionmalaga\/files\/2023\/12\/foto2-1024x469.png 1024w, https:\/\/blogsaverroes.juntadeandalucia.es\/plurilinguismodelegacionmalaga\/files\/2023\/12\/foto2-768x352.png 768w, https:\/\/blogsaverroes.juntadeandalucia.es\/plurilinguismodelegacionmalaga\/files\/2023\/12\/foto2-980x450.png 980w, https:\/\/blogsaverroes.juntadeandalucia.es\/plurilinguismodelegacionmalaga\/files\/2023\/12\/foto2.png 1298w\" sizes=\"(max-width: 473px) 100vw, 473px\" \/><\/p>\n<p class=\"western\" align=\"justify\"><span style=\"font-family: Comic Sans MS, serif\"><span style=\"font-size: large\">El programa de actividades ha sido amplio y variado, donde adem\u00e1s de asistir a clases para comparar ambos sistemas educativos, tambi\u00e9n han tenido tiempo de realizar otro tipo de actividades l\u00fadicas y divertidas, como han sido patinar sobre hielo bajo una fina nevada en K\u00f6ln, recorrer y disfrutar del ambiente en los numerosos y fant\u00e1sticos mercadillos navide\u00f1os en la bonita ciudad de M\u00fcnster, realizar un mural en conjunto despu\u00e9s de ver una exposici\u00f3n de pintura en un Museo de Arte y participar en un taller art\u00edstico, visitar unas minas de carb\u00f3n en la regi\u00f3n del Ruhr, guiados y explicados con meticulosidad por los mismos mineros que trabajaron en ellas o escalar en un recinto cubierto y protegido del fr\u00edo exterior.<\/span><\/span><\/p>\n<p align=\"justify\"><img loading=\"lazy\" decoding=\"async\" class=\"wp-image-10771 alignleft\" src=\"https:\/\/blogsaverroes.juntadeandalucia.es\/plurilinguismodelegacionmalaga\/files\/2023\/12\/foto3-300x166.jpg\" alt=\"\" width=\"295\" height=\"163\" srcset=\"https:\/\/blogsaverroes.juntadeandalucia.es\/plurilinguismodelegacionmalaga\/files\/2023\/12\/foto3-300x166.jpg 300w, https:\/\/blogsaverroes.juntadeandalucia.es\/plurilinguismodelegacionmalaga\/files\/2023\/12\/foto3-1024x566.jpg 1024w, https:\/\/blogsaverroes.juntadeandalucia.es\/plurilinguismodelegacionmalaga\/files\/2023\/12\/foto3-768x425.jpg 768w, https:\/\/blogsaverroes.juntadeandalucia.es\/plurilinguismodelegacionmalaga\/files\/2023\/12\/foto3.jpg 1284w\" sizes=\"(max-width: 295px) 100vw, 295px\" \/><\/p>\n<p class=\"western\" align=\"justify\"><span style=\"font-family: Comic Sans MS, serif\"><span style=\"font-size: large\">En el tiempo libre que ten\u00eda cada estudiante, su familia alemana de acogida, le ha mostrado las costumbres de este pa\u00eds en esta \u00e9poca del a\u00f1o, as\u00ed algunos han visitado familiares, han asistido a obras de teatro, musicales y partidos de f\u00fatbol, de esta manera se han creado v\u00ednculos afectivos, que seguramente se mantendr\u00e1n durante mucho tiempo.<\/span><\/span><\/p>\n<p align=\"justify\"><img loading=\"lazy\" decoding=\"async\" class=\"alignnone wp-image-10772\" src=\"https:\/\/blogsaverroes.juntadeandalucia.es\/plurilinguismodelegacionmalaga\/files\/2023\/12\/foto4-300x191.jpg\" alt=\"\" width=\"503\" height=\"320\" srcset=\"https:\/\/blogsaverroes.juntadeandalucia.es\/plurilinguismodelegacionmalaga\/files\/2023\/12\/foto4-300x191.jpg 300w, https:\/\/blogsaverroes.juntadeandalucia.es\/plurilinguismodelegacionmalaga\/files\/2023\/12\/foto4-1024x650.jpg 1024w, https:\/\/blogsaverroes.juntadeandalucia.es\/plurilinguismodelegacionmalaga\/files\/2023\/12\/foto4-768x488.jpg 768w, https:\/\/blogsaverroes.juntadeandalucia.es\/plurilinguismodelegacionmalaga\/files\/2023\/12\/foto4.jpg 1299w\" sizes=\"(max-width: 503px) 100vw, 503px\" \/><\/p>\n<p class=\"western\" align=\"justify\"><span style=\"font-family: Comic Sans MS, serif\"><span style=\"font-size: large\">Para financiar parte de este intercambio y con el objetivo de mejorar y desarrollar la competencia comunicativa de nuestro alumnado, la Junta de Andaluc\u00eda nos ha concedido una beca con la que se han podido costear parte de los vuelos, transportes y actividades programadas.<\/span><\/span><\/p>\n<p align=\"justify\"><img loading=\"lazy\" decoding=\"async\" class=\"alignnone size-medium wp-image-10773\" src=\"https:\/\/blogsaverroes.juntadeandalucia.es\/plurilinguismodelegacionmalaga\/files\/2023\/12\/foto5-283x300.png\" alt=\"\" width=\"283\" height=\"300\" srcset=\"https:\/\/blogsaverroes.juntadeandalucia.es\/plurilinguismodelegacionmalaga\/files\/2023\/12\/foto5-283x300.png 283w, https:\/\/blogsaverroes.juntadeandalucia.es\/plurilinguismodelegacionmalaga\/files\/2023\/12\/foto5-967x1024.png 967w, https:\/\/blogsaverroes.juntadeandalucia.es\/plurilinguismodelegacionmalaga\/files\/2023\/12\/foto5-768x814.png 768w, https:\/\/blogsaverroes.juntadeandalucia.es\/plurilinguismodelegacionmalaga\/files\/2023\/12\/foto5.png 1299w\" sizes=\"(max-width: 283px) 100vw, 283px\" \/> <img loading=\"lazy\" decoding=\"async\" class=\"alignnone size-medium wp-image-10774\" src=\"https:\/\/blogsaverroes.juntadeandalucia.es\/plurilinguismodelegacionmalaga\/files\/2023\/12\/foto6-225x300.png\" alt=\"\" width=\"225\" height=\"300\" srcset=\"https:\/\/blogsaverroes.juntadeandalucia.es\/plurilinguismodelegacionmalaga\/files\/2023\/12\/foto6-225x300.png 225w, https:\/\/blogsaverroes.juntadeandalucia.es\/plurilinguismodelegacionmalaga\/files\/2023\/12\/foto6-768x1024.png 768w, https:\/\/blogsaverroes.juntadeandalucia.es\/plurilinguismodelegacionmalaga\/files\/2023\/12\/foto6-1152x1536.png 1152w, https:\/\/blogsaverroes.juntadeandalucia.es\/plurilinguismodelegacionmalaga\/files\/2023\/12\/foto6.png 1500w\" sizes=\"(max-width: 225px) 100vw, 225px\" \/><\/p>\n<p class=\"western\" align=\"justify\"><span style=\"font-family: Comic Sans MS, serif\"><span style=\"font-size: large\">En abril recibiremos la visita de los alumnos y las alumnas y profesores alemanes, donde nuestro clima, nuestro paisaje, nuestros alumnos y alumnas, nuestras familias, nuestras actividades y nuestro centro educativo intentar\u00e1n igualar o mejorar el trato recibido por nosotros en Alemania. Hasta entonces nos queda concretar y determinar un amplio programa de actividades, siendo el punto de referencia el Sol y nuestras c\u00e1lidas playas.<\/span><\/span><\/p>\n<p align=\"justify\"><img loading=\"lazy\" decoding=\"async\" class=\"size-medium wp-image-10775 alignleft\" src=\"https:\/\/blogsaverroes.juntadeandalucia.es\/plurilinguismodelegacionmalaga\/files\/2023\/12\/foto7-300x226.png\" alt=\"\" width=\"300\" height=\"226\" srcset=\"https:\/\/blogsaverroes.juntadeandalucia.es\/plurilinguismodelegacionmalaga\/files\/2023\/12\/foto7-300x226.png 300w, https:\/\/blogsaverroes.juntadeandalucia.es\/plurilinguismodelegacionmalaga\/files\/2023\/12\/foto7-1024x773.png 1024w, https:\/\/blogsaverroes.juntadeandalucia.es\/plurilinguismodelegacionmalaga\/files\/2023\/12\/foto7-768x579.png 768w, https:\/\/blogsaverroes.juntadeandalucia.es\/plurilinguismodelegacionmalaga\/files\/2023\/12\/foto7.png 1299w\" sizes=\"(max-width: 300px) 100vw, 300px\" \/><\/p>\n<p class=\"western\" align=\"justify\"><span style=\"font-family: Comic Sans MS, serif\"><span style=\"font-size: large\">La ense\u00f1anza tiene especial sentido cuando se realiza con alegr\u00eda e ilusi\u00f3n. Los idiomas, la educaci\u00f3n y nuestros j\u00f3venes estudiantes se han unidos para realizar un magn\u00edfico intercambio ling\u00fc\u00edstico.<\/span><\/span><\/p>\n<p align=\"justify\"><img loading=\"lazy\" decoding=\"async\" class=\"alignnone wp-image-10776\" src=\"https:\/\/blogsaverroes.juntadeandalucia.es\/plurilinguismodelegacionmalaga\/files\/2023\/12\/foto8-300x177.jpg\" alt=\"\" width=\"431\" height=\"254\" srcset=\"https:\/\/blogsaverroes.juntadeandalucia.es\/plurilinguismodelegacionmalaga\/files\/2023\/12\/foto8-300x177.jpg 300w, https:\/\/blogsaverroes.juntadeandalucia.es\/plurilinguismodelegacionmalaga\/files\/2023\/12\/foto8-1024x603.jpg 1024w, https:\/\/blogsaverroes.juntadeandalucia.es\/plurilinguismodelegacionmalaga\/files\/2023\/12\/foto8-768x452.jpg 768w, https:\/\/blogsaverroes.juntadeandalucia.es\/plurilinguismodelegacionmalaga\/files\/2023\/12\/foto8.jpg 1299w\" sizes=\"(max-width: 431px) 100vw, 431px\" \/><\/p>\n","protected":false},"excerpt":{"rendered":"<p>A trav\u00e9s del Programa de intercambios escolares, convocado por la Consejer\u00eda de Desarrollo Educativo y Formaci\u00f3n Profesional, 18 alumnos y alumnas de 3.\u00ba ESO del I.E.S. Jorge Guill\u00e9n de Torrox han podido participar desde&#46;&#46;&#46;<\/p>\n","protected":false},"author":8062,"featured_media":10769,"comment_status":"open","ping_status":"open","sticky":false,"template":"","format":"standard","meta":{"ngg_post_thumbnail":0,"footnotes":""},"categories":[1174746],"tags":[],"aioseo_notices":[],"_links":{"self":[{"href":"https:\/\/blogsaverroes.juntadeandalucia.es\/plurilinguismodelegacionmalaga\/wp-json\/wp\/v2\/posts\/10768"}],"collection":[{"href":"https:\/\/blogsaverroes.juntadeandalucia.es\/plurilinguismodelegacionmalaga\/wp-json\/wp\/v2\/posts"}],"about":[{"href":"https:\/\/blogsaverroes.juntadeandalucia.es\/plurilinguismodelegacionmalaga\/wp-json\/wp\/v2\/types\/post"}],"author":[{"embeddable":true,"href":"https:\/\/blogsaverroes.juntadeandalucia.es\/plurilinguismodelegacionmalaga\/wp-json\/wp\/v2\/users\/8062"}],"replies":[{"embeddable":true,"href":"https:\/\/blogsaverroes.juntadeandalucia.es\/plurilinguismodelegacionmalaga\/wp-json\/wp\/v2\/comments?post=10768"}],"version-history":[{"count":1,"href":"https:\/\/blogsaverroes.juntadeandalucia.es\/plurilinguismodelegacionmalaga\/wp-json\/wp\/v2\/posts\/10768\/revisions"}],"predecessor-version":[{"id":10777,"href":"https:\/\/blogsaverroes.juntadeandalucia.es\/plurilinguismodelegacionmalaga\/wp-json\/wp\/v2\/posts\/10768\/revisions\/10777"}],"wp:featuredmedia":[{"embeddable":true,"href":"https:\/\/blogsaverroes.juntadeandalucia.es\/plurilinguismodelegacionmalaga\/wp-json\/wp\/v2\/media\/10769"}],"wp:attachment":[{"href":"https:\/\/blogsaverroes.juntadeandalucia.es\/plurilinguismodelegacionmalaga\/wp-json\/wp\/v2\/media?parent=10768"}],"wp:term":[{"taxonomy":"category","embeddable":true,"href":"https:\/\/blogsaverroes.juntadeandalucia.es\/plurilinguismodelegacionmalaga\/wp-json\/wp\/v2\/categories?post=10768"},{"taxonomy":"post_tag","embeddable":true,"href":"https:\/\/blogsaverroes.juntadeandalucia.es\/plurilinguismodelegacionmalaga\/wp-json\/wp\/v2\/tags?post=10768"}],"curies":[{"name":"wp","href":"https:\/\/api.w.org\/{rel}","templated":true}]}}