{"id":10868,"date":"2024-03-08T08:51:10","date_gmt":"2024-03-08T07:51:10","guid":{"rendered":"https:\/\/blogsaverroes.juntadeandalucia.es\/plurilinguismodelegacionmalaga\/?p=10868"},"modified":"2024-03-08T08:51:21","modified_gmt":"2024-03-08T07:51:21","slug":"inmersion-linguistica-para-docentes-anl","status":"publish","type":"post","link":"https:\/\/blogsaverroes.juntadeandalucia.es\/plurilinguismodelegacionmalaga\/2024\/03\/08\/inmersion-linguistica-para-docentes-anl\/","title":{"rendered":"INMERSI\u00d3N LING\u00dc\u00cdSTICA PARA DOCENTES ANL"},"content":{"rendered":"<p>Se convocan plazas para realizar <strong>Estancias de Inmersi\u00f3n Ling\u00fc\u00edstica<\/strong> en Reino Unido o Irlanda y Francia para el profesorado con destino definitivo en Centros P\u00fablicos Biling\u00fces dependientes de la Consejer\u00eda de Desarrollo Educativo y Formaci\u00f3n Profesional de Andaluc\u00eda para el a\u00f1o 2024.&nbsp;<\/p>\n<p>Las estancias tendr\u00e1n una duraci\u00f3n de dos semanas, entre los meses de julio y agosto de 2024.&nbsp;<\/p>\n<p>El n\u00famero total de plazas convocadas es 240, distribuidas en 220 plazas para realizar estancia de inmersi\u00f3n ling\u00fc\u00edstica en lengua inglesa y 20 plazas para estancias de inmersi\u00f3n en lengua francesa.<\/p>\n<p>El plazo de presentaci\u00f3n de solicitudes es de 10 d\u00edas h\u00e1biles a partir de la publicaci\u00f3n de esta convocatoria en BOJA. La solicitud deber\u00e1 presentarse telem\u00e1ticamente a trav\u00e9s del <a href=\"https:\/\/www.juntadeandalucia.es\/educacion\/portaldocente\/\" target=\"_blank\" rel=\"noopener noreferrer\">Portal del Personal Docente<\/a> de la Consejer\u00eda de Desarrollo Educativo y Formaci\u00f3n Profesional&nbsp;<\/p>\n<p><a href=\"https:\/\/juntadeandalucia.es\/eboja\/2024\/48\/BOJA24-048-00005-41605-01_00298232.pdf\" target=\"_blank\" rel=\"noopener noreferrer\">M\u00e1s informaci\u00f3n<\/a><\/p>\n<p><img loading=\"lazy\" decoding=\"async\" class=\"alignnone wp-image-10870\" src=\"https:\/\/blogsaverroes.juntadeandalucia.es\/plurilinguismodelegacionmalaga\/files\/2024\/03\/Pluriling\u00fcismo-1-300x300.jpg\" alt=\"\" width=\"552\" height=\"552\" srcset=\"https:\/\/blogsaverroes.juntadeandalucia.es\/plurilinguismodelegacionmalaga\/files\/2024\/03\/Pluriling\u00fcismo-1-300x300.jpg 300w, https:\/\/blogsaverroes.juntadeandalucia.es\/plurilinguismodelegacionmalaga\/files\/2024\/03\/Pluriling\u00fcismo-1-1024x1024.jpg 1024w, https:\/\/blogsaverroes.juntadeandalucia.es\/plurilinguismodelegacionmalaga\/files\/2024\/03\/Pluriling\u00fcismo-1-150x150.jpg 150w, https:\/\/blogsaverroes.juntadeandalucia.es\/plurilinguismodelegacionmalaga\/files\/2024\/03\/Pluriling\u00fcismo-1-768x768.jpg 768w, https:\/\/blogsaverroes.juntadeandalucia.es\/plurilinguismodelegacionmalaga\/files\/2024\/03\/Pluriling\u00fcismo-1-1536x1536.jpg 1536w, https:\/\/blogsaverroes.juntadeandalucia.es\/plurilinguismodelegacionmalaga\/files\/2024\/03\/Pluriling\u00fcismo-1-80x80.jpg 80w, https:\/\/blogsaverroes.juntadeandalucia.es\/plurilinguismodelegacionmalaga\/files\/2024\/03\/Pluriling\u00fcismo-1-320x320.jpg 320w, https:\/\/blogsaverroes.juntadeandalucia.es\/plurilinguismodelegacionmalaga\/files\/2024\/03\/Pluriling\u00fcismo-1.jpg 1563w\" sizes=\"(max-width: 552px) 100vw, 552px\" \/><\/p>\n","protected":false},"excerpt":{"rendered":"<p>Se convocan plazas para realizar Estancias de Inmersi\u00f3n Ling\u00fc\u00edstica en Reino Unido o Irlanda y Francia para el profesorado con destino definitivo en Centros P\u00fablicos Biling\u00fces dependientes de la Consejer\u00eda de Desarrollo Educativo y&#46;&#46;&#46;<\/p>\n","protected":false},"author":8062,"featured_media":10871,"comment_status":"open","ping_status":"open","sticky":false,"template":"","format":"standard","meta":{"ngg_post_thumbnail":0,"footnotes":""},"categories":[32427],"tags":[],"aioseo_notices":[],"_links":{"self":[{"href":"https:\/\/blogsaverroes.juntadeandalucia.es\/plurilinguismodelegacionmalaga\/wp-json\/wp\/v2\/posts\/10868"}],"collection":[{"href":"https:\/\/blogsaverroes.juntadeandalucia.es\/plurilinguismodelegacionmalaga\/wp-json\/wp\/v2\/posts"}],"about":[{"href":"https:\/\/blogsaverroes.juntadeandalucia.es\/plurilinguismodelegacionmalaga\/wp-json\/wp\/v2\/types\/post"}],"author":[{"embeddable":true,"href":"https:\/\/blogsaverroes.juntadeandalucia.es\/plurilinguismodelegacionmalaga\/wp-json\/wp\/v2\/users\/8062"}],"replies":[{"embeddable":true,"href":"https:\/\/blogsaverroes.juntadeandalucia.es\/plurilinguismodelegacionmalaga\/wp-json\/wp\/v2\/comments?post=10868"}],"version-history":[{"count":1,"href":"https:\/\/blogsaverroes.juntadeandalucia.es\/plurilinguismodelegacionmalaga\/wp-json\/wp\/v2\/posts\/10868\/revisions"}],"predecessor-version":[{"id":10872,"href":"https:\/\/blogsaverroes.juntadeandalucia.es\/plurilinguismodelegacionmalaga\/wp-json\/wp\/v2\/posts\/10868\/revisions\/10872"}],"wp:featuredmedia":[{"embeddable":true,"href":"https:\/\/blogsaverroes.juntadeandalucia.es\/plurilinguismodelegacionmalaga\/wp-json\/wp\/v2\/media\/10871"}],"wp:attachment":[{"href":"https:\/\/blogsaverroes.juntadeandalucia.es\/plurilinguismodelegacionmalaga\/wp-json\/wp\/v2\/media?parent=10868"}],"wp:term":[{"taxonomy":"category","embeddable":true,"href":"https:\/\/blogsaverroes.juntadeandalucia.es\/plurilinguismodelegacionmalaga\/wp-json\/wp\/v2\/categories?post=10868"},{"taxonomy":"post_tag","embeddable":true,"href":"https:\/\/blogsaverroes.juntadeandalucia.es\/plurilinguismodelegacionmalaga\/wp-json\/wp\/v2\/tags?post=10868"}],"curies":[{"name":"wp","href":"https:\/\/api.w.org\/{rel}","templated":true}]}}