{"id":10895,"date":"2024-03-22T10:16:48","date_gmt":"2024-03-22T09:16:48","guid":{"rendered":"https:\/\/blogsaverroes.juntadeandalucia.es\/plurilinguismodelegacionmalaga\/?p=10895"},"modified":"2024-03-22T11:50:28","modified_gmt":"2024-03-22T10:50:28","slug":"xi-campamento-linguistico-aleman-der-schatz-von-hiltrud-hengst","status":"publish","type":"post","link":"https:\/\/blogsaverroes.juntadeandalucia.es\/plurilinguismodelegacionmalaga\/2024\/03\/22\/xi-campamento-linguistico-aleman-der-schatz-von-hiltrud-hengst\/","title":{"rendered":"XI Campamento Ling\u00fc\u00edstico Alem\u00e1n &#8220;Der Schatz von Hiltrud Hengst&#8221;"},"content":{"rendered":"<p><img loading=\"lazy\" decoding=\"async\" class=\"wp-image-10897 aligncenter\" src=\"https:\/\/blogsaverroes.juntadeandalucia.es\/plurilinguismodelegacionmalaga\/files\/2024\/03\/Deutschcamp-23-24-300x225.jpeg\" alt=\"\" width=\"363\" height=\"272\" srcset=\"https:\/\/blogsaverroes.juntadeandalucia.es\/plurilinguismodelegacionmalaga\/files\/2024\/03\/Deutschcamp-23-24-300x225.jpeg 300w, https:\/\/blogsaverroes.juntadeandalucia.es\/plurilinguismodelegacionmalaga\/files\/2024\/03\/Deutschcamp-23-24-1024x768.jpeg 1024w, https:\/\/blogsaverroes.juntadeandalucia.es\/plurilinguismodelegacionmalaga\/files\/2024\/03\/Deutschcamp-23-24-768x576.jpeg 768w, https:\/\/blogsaverroes.juntadeandalucia.es\/plurilinguismodelegacionmalaga\/files\/2024\/03\/Deutschcamp-23-24-1536x1152.jpeg 1536w, https:\/\/blogsaverroes.juntadeandalucia.es\/plurilinguismodelegacionmalaga\/files\/2024\/03\/Deutschcamp-23-24.jpeg 1600w\" sizes=\"(max-width: 363px) 100vw, 363px\" \/><\/p>\n<p>Desde el 19 al 21 de marzo se ha celebrado en el Centro Eurolatinoamericano de Juventud (CEULAJ) de Mollina el <strong>XI Campamento Ling\u00fc\u00edstico de Alem\u00e1n<\/strong>, que desde ahora se denomina &#8220;Hiltrud Hengst&#8221;.<\/p>\n<p><img loading=\"lazy\" decoding=\"async\" class=\"wp-image-10896 alignright\" src=\"https:\/\/blogsaverroes.juntadeandalucia.es\/plurilinguismodelegacionmalaga\/files\/2024\/03\/Deutschcamp-23-24--300x135.jpeg\" alt=\"\" width=\"603\" height=\"271\" srcset=\"https:\/\/blogsaverroes.juntadeandalucia.es\/plurilinguismodelegacionmalaga\/files\/2024\/03\/Deutschcamp-23-24--300x135.jpeg 300w, https:\/\/blogsaverroes.juntadeandalucia.es\/plurilinguismodelegacionmalaga\/files\/2024\/03\/Deutschcamp-23-24--1024x461.jpeg 1024w, https:\/\/blogsaverroes.juntadeandalucia.es\/plurilinguismodelegacionmalaga\/files\/2024\/03\/Deutschcamp-23-24--768x346.jpeg 768w, https:\/\/blogsaverroes.juntadeandalucia.es\/plurilinguismodelegacionmalaga\/files\/2024\/03\/Deutschcamp-23-24--1536x692.jpeg 1536w, https:\/\/blogsaverroes.juntadeandalucia.es\/plurilinguismodelegacionmalaga\/files\/2024\/03\/Deutschcamp-23-24-.jpeg 1672w\" sizes=\"(max-width: 603px) 100vw, 603px\" \/><img loading=\"lazy\" decoding=\"async\" class=\"alignnone wp-image-10899\" src=\"https:\/\/blogsaverroes.juntadeandalucia.es\/plurilinguismodelegacionmalaga\/files\/2024\/03\/WhatsApp-Image-2024-03-21-at-13.18.29-300x135.jpeg\" alt=\"\" width=\"611\" height=\"275\" srcset=\"https:\/\/blogsaverroes.juntadeandalucia.es\/plurilinguismodelegacionmalaga\/files\/2024\/03\/WhatsApp-Image-2024-03-21-at-13.18.29-300x135.jpeg 300w, https:\/\/blogsaverroes.juntadeandalucia.es\/plurilinguismodelegacionmalaga\/files\/2024\/03\/WhatsApp-Image-2024-03-21-at-13.18.29-1024x461.jpeg 1024w, https:\/\/blogsaverroes.juntadeandalucia.es\/plurilinguismodelegacionmalaga\/files\/2024\/03\/WhatsApp-Image-2024-03-21-at-13.18.29-768x345.jpeg 768w, https:\/\/blogsaverroes.juntadeandalucia.es\/plurilinguismodelegacionmalaga\/files\/2024\/03\/WhatsApp-Image-2024-03-21-at-13.18.29-1536x691.jpeg 1536w, https:\/\/blogsaverroes.juntadeandalucia.es\/plurilinguismodelegacionmalaga\/files\/2024\/03\/WhatsApp-Image-2024-03-21-at-13.18.29.jpeg 2048w\" sizes=\"(max-width: 611px) 100vw, 611px\" \/><\/p>\n<p>Cerca de 200 j\u00f3venes estudiantes de alem\u00e1n de entre 13 y 15 a\u00f1os procedentes de 8 institutos de toda Andaluc\u00eda se han sumergido durante 3 d\u00edas en el aprendizaje del alem\u00e1n, demostrando sus habilidades ling\u00fc\u00edsticas y su capacidad de trabajo en equipo a trav\u00e9s de diferentes actividades, juegos y pruebas. Los estudiantes se han organizado en 8 equipos representando a 8 regiones diferentes de habla alemana. Los 8 pueblos han competido entre ellos con el objetivo de ganar monedas que les permiten comprar pistas para la b\u00fasqueda final del tesoro. Durante este trepidante viaje en busca del tesoro les han acompa\u00f1ado sus profesores y los auxiliares de conversaci\u00f3n.&nbsp;<\/p>\n<p>Este a\u00f1o ha sido m\u00e1s especial si cabe, pues han asistido los familiares de Hiltrud Hengst, profesora alemana ya fallecida y que luch\u00f3 infatigablemente por la introducci\u00f3n del alem\u00e1n en Andaluc\u00eda. A partir de este momento en agradecimiento y homenaje a su figura, el campamento llevar\u00e1 su nombre. A la inauguraci\u00f3n del <em>Campamento Hiltrud Hengst<\/em> ha asistido representaci\u00f3n del Consulado de Alemania en M\u00e1laga, la Responsable Provincial de Pluriling\u00fcismo de M\u00e1laga, Raquel P\u00e9rez Villard\u00f3n y la Jefa de Servicio de Ordenaci\u00f3n Educativa, do\u00f1a Aurora D\u00edaz Camacho.&nbsp;<\/p>\n<p>Se agradece especialmente al profesorado implicado por su esfuerzo y trabajo, a los asistentes de conversaci\u00f3n, al alumnado participante y a sus familias; por supuesto tambi\u00e9n a los docentes de los centros participantes y a sus equipos directivos, al consulado de Alemania en M\u00e1laga, por su apoyo y financiaci\u00f3n, a la<em> Asociaci\u00f3n de Germanistas de Andaluc\u00eda<\/em> (AGA) y al <em>Goethe Institut<\/em> por su apoyo financiero para que el esfuerzo de las familias fuese menor.&nbsp;<\/p>\n<p>&nbsp;<\/p>\n","protected":false},"excerpt":{"rendered":"<p>Desde el 19 al 21 de marzo se ha celebrado en el Centro Eurolatinoamericano de Juventud (CEULAJ) de Mollina el XI Campamento Ling\u00fc\u00edstico de Alem\u00e1n, que desde ahora se denomina &#8220;Hiltrud Hengst&#8221;. Cerca de&#46;&#46;&#46;<\/p>\n","protected":false},"author":8062,"featured_media":10900,"comment_status":"open","ping_status":"open","sticky":false,"template":"","format":"standard","meta":{"ngg_post_thumbnail":0,"footnotes":""},"categories":[70,32427],"tags":[],"aioseo_notices":[],"_links":{"self":[{"href":"https:\/\/blogsaverroes.juntadeandalucia.es\/plurilinguismodelegacionmalaga\/wp-json\/wp\/v2\/posts\/10895"}],"collection":[{"href":"https:\/\/blogsaverroes.juntadeandalucia.es\/plurilinguismodelegacionmalaga\/wp-json\/wp\/v2\/posts"}],"about":[{"href":"https:\/\/blogsaverroes.juntadeandalucia.es\/plurilinguismodelegacionmalaga\/wp-json\/wp\/v2\/types\/post"}],"author":[{"embeddable":true,"href":"https:\/\/blogsaverroes.juntadeandalucia.es\/plurilinguismodelegacionmalaga\/wp-json\/wp\/v2\/users\/8062"}],"replies":[{"embeddable":true,"href":"https:\/\/blogsaverroes.juntadeandalucia.es\/plurilinguismodelegacionmalaga\/wp-json\/wp\/v2\/comments?post=10895"}],"version-history":[{"count":3,"href":"https:\/\/blogsaverroes.juntadeandalucia.es\/plurilinguismodelegacionmalaga\/wp-json\/wp\/v2\/posts\/10895\/revisions"}],"predecessor-version":[{"id":10904,"href":"https:\/\/blogsaverroes.juntadeandalucia.es\/plurilinguismodelegacionmalaga\/wp-json\/wp\/v2\/posts\/10895\/revisions\/10904"}],"wp:featuredmedia":[{"embeddable":true,"href":"https:\/\/blogsaverroes.juntadeandalucia.es\/plurilinguismodelegacionmalaga\/wp-json\/wp\/v2\/media\/10900"}],"wp:attachment":[{"href":"https:\/\/blogsaverroes.juntadeandalucia.es\/plurilinguismodelegacionmalaga\/wp-json\/wp\/v2\/media?parent=10895"}],"wp:term":[{"taxonomy":"category","embeddable":true,"href":"https:\/\/blogsaverroes.juntadeandalucia.es\/plurilinguismodelegacionmalaga\/wp-json\/wp\/v2\/categories?post=10895"},{"taxonomy":"post_tag","embeddable":true,"href":"https:\/\/blogsaverroes.juntadeandalucia.es\/plurilinguismodelegacionmalaga\/wp-json\/wp\/v2\/tags?post=10895"}],"curies":[{"name":"wp","href":"https:\/\/api.w.org\/{rel}","templated":true}]}}