{"id":10945,"date":"2024-04-03T13:33:48","date_gmt":"2024-04-03T11:33:48","guid":{"rendered":"https:\/\/blogsaverroes.juntadeandalucia.es\/plurilinguismodelegacionmalaga\/?p=10945"},"modified":"2024-04-03T13:33:48","modified_gmt":"2024-04-03T11:33:48","slug":"alumnado-del-i-e-s-juan-de-la-cierva-en-holanda","status":"publish","type":"post","link":"https:\/\/blogsaverroes.juntadeandalucia.es\/plurilinguismodelegacionmalaga\/2024\/04\/03\/alumnado-del-i-e-s-juan-de-la-cierva-en-holanda\/","title":{"rendered":"Alumnado del I.E.S. Juan de la Cierva en Holanda"},"content":{"rendered":"<div dir=\"ltr\">\n<div>En el I.E.S. Juan de la Cierva de V\u00e9lez-M\u00e1laga hemos realizado un intercambio cultural con familias con el centro VanderCapellen de Zwolle, Pa\u00edses Bajos. En una primera parte, el alumnado holand\u00e9s vino a V\u00e9lez-M\u00e1laga durante el mes de noviembre y durante los d\u00edas 4 al 8 de marzo, doce alumnos de 1.\u00ba de Bachillerato han convivido con familias holandesas y han visitado el centro educativo, incluso asistido a clases con sus compa\u00f1eros. Se han visitado igualmente ciudades como Amsterdam, Zwolle y Deventer (donde practicamos uno de sus deportes nacionales, el patinaje sobre hielo)<img loading=\"lazy\" decoding=\"async\" class=\" wp-image-10951 alignright\" src=\"https:\/\/blogsaverroes.juntadeandalucia.es\/plurilinguismodelegacionmalaga\/files\/2024\/04\/1709983666179-300x225.jpg\" alt=\"\" width=\"372\" height=\"279\" srcset=\"https:\/\/blogsaverroes.juntadeandalucia.es\/plurilinguismodelegacionmalaga\/files\/2024\/04\/1709983666179-300x225.jpg 300w, https:\/\/blogsaverroes.juntadeandalucia.es\/plurilinguismodelegacionmalaga\/files\/2024\/04\/1709983666179-1024x768.jpg 1024w, https:\/\/blogsaverroes.juntadeandalucia.es\/plurilinguismodelegacionmalaga\/files\/2024\/04\/1709983666179-768x576.jpg 768w, https:\/\/blogsaverroes.juntadeandalucia.es\/plurilinguismodelegacionmalaga\/files\/2024\/04\/1709983666179-1536x1152.jpg 1536w, https:\/\/blogsaverroes.juntadeandalucia.es\/plurilinguismodelegacionmalaga\/files\/2024\/04\/1709983666179.jpg 2048w\" sizes=\"(max-width: 372px) 100vw, 372px\" \/>. La experiencia ha sido muy beneficiosa y enriquecedora, al aprender aspectos culturales y, sobre todo, de tolerancia y respeto, as\u00ed como la mejora de las habilidades ling\u00fc\u00edsticas en Ingl\u00e9s.<\/div>\n<div>&nbsp;<\/div>\n<div><img loading=\"lazy\" decoding=\"async\" class=\"alignnone size-medium wp-image-10948\" src=\"https:\/\/blogsaverroes.juntadeandalucia.es\/plurilinguismodelegacionmalaga\/files\/2024\/04\/1709983666202-300x223.jpg\" alt=\"\" width=\"300\" height=\"223\" srcset=\"https:\/\/blogsaverroes.juntadeandalucia.es\/plurilinguismodelegacionmalaga\/files\/2024\/04\/1709983666202-300x223.jpg 300w, https:\/\/blogsaverroes.juntadeandalucia.es\/plurilinguismodelegacionmalaga\/files\/2024\/04\/1709983666202-1024x760.jpg 1024w, https:\/\/blogsaverroes.juntadeandalucia.es\/plurilinguismodelegacionmalaga\/files\/2024\/04\/1709983666202-768x570.jpg 768w, https:\/\/blogsaverroes.juntadeandalucia.es\/plurilinguismodelegacionmalaga\/files\/2024\/04\/1709983666202-1536x1139.jpg 1536w, https:\/\/blogsaverroes.juntadeandalucia.es\/plurilinguismodelegacionmalaga\/files\/2024\/04\/1709983666202.jpg 1599w\" sizes=\"(max-width: 300px) 100vw, 300px\" \/><img loading=\"lazy\" decoding=\"async\" class=\"alignnone  wp-image-10949\" src=\"https:\/\/blogsaverroes.juntadeandalucia.es\/plurilinguismodelegacionmalaga\/files\/2024\/04\/1709983666211-300x169.jpg\" alt=\"\" width=\"396\" height=\"223\" srcset=\"https:\/\/blogsaverroes.juntadeandalucia.es\/plurilinguismodelegacionmalaga\/files\/2024\/04\/1709983666211-300x169.jpg 300w, https:\/\/blogsaverroes.juntadeandalucia.es\/plurilinguismodelegacionmalaga\/files\/2024\/04\/1709983666211-1024x576.jpg 1024w, https:\/\/blogsaverroes.juntadeandalucia.es\/plurilinguismodelegacionmalaga\/files\/2024\/04\/1709983666211-768x432.jpg 768w, https:\/\/blogsaverroes.juntadeandalucia.es\/plurilinguismodelegacionmalaga\/files\/2024\/04\/1709983666211-1536x864.jpg 1536w, https:\/\/blogsaverroes.juntadeandalucia.es\/plurilinguismodelegacionmalaga\/files\/2024\/04\/1709983666211.jpg 1920w\" sizes=\"(max-width: 396px) 100vw, 396px\" \/><img loading=\"lazy\" decoding=\"async\" class=\"alignnone  wp-image-10946\" src=\"https:\/\/blogsaverroes.juntadeandalucia.es\/plurilinguismodelegacionmalaga\/files\/2024\/04\/1709983666195-300x168.jpg\" alt=\"\" width=\"402\" height=\"225\" srcset=\"https:\/\/blogsaverroes.juntadeandalucia.es\/plurilinguismodelegacionmalaga\/files\/2024\/04\/1709983666195-300x168.jpg 300w, https:\/\/blogsaverroes.juntadeandalucia.es\/plurilinguismodelegacionmalaga\/files\/2024\/04\/1709983666195-1024x574.jpg 1024w, https:\/\/blogsaverroes.juntadeandalucia.es\/plurilinguismodelegacionmalaga\/files\/2024\/04\/1709983666195-768x431.jpg 768w, https:\/\/blogsaverroes.juntadeandalucia.es\/plurilinguismodelegacionmalaga\/files\/2024\/04\/1709983666195-1536x861.jpg 1536w, https:\/\/blogsaverroes.juntadeandalucia.es\/plurilinguismodelegacionmalaga\/files\/2024\/04\/1709983666195-2048x1148.jpg 2048w\" sizes=\"(max-width: 402px) 100vw, 402px\" \/><\/div>\n<div>&nbsp;<\/div>\n<div>&nbsp;<\/div>\n<div>\u00a1Volveremos a repetir!<\/div>\n<div><img loading=\"lazy\" decoding=\"async\" class=\" wp-image-10950 alignleft\" src=\"https:\/\/blogsaverroes.juntadeandalucia.es\/plurilinguismodelegacionmalaga\/files\/2024\/04\/1709983666218-226x300.jpg\" alt=\"\" width=\"264\" height=\"350\" srcset=\"https:\/\/blogsaverroes.juntadeandalucia.es\/plurilinguismodelegacionmalaga\/files\/2024\/04\/1709983666218-226x300.jpg 226w, https:\/\/blogsaverroes.juntadeandalucia.es\/plurilinguismodelegacionmalaga\/files\/2024\/04\/1709983666218-771x1024.jpg 771w, https:\/\/blogsaverroes.juntadeandalucia.es\/plurilinguismodelegacionmalaga\/files\/2024\/04\/1709983666218-768x1020.jpg 768w, https:\/\/blogsaverroes.juntadeandalucia.es\/plurilinguismodelegacionmalaga\/files\/2024\/04\/1709983666218-1157x1536.jpg 1157w, https:\/\/blogsaverroes.juntadeandalucia.es\/plurilinguismodelegacionmalaga\/files\/2024\/04\/1709983666218-1542x2048.jpg 1542w, https:\/\/blogsaverroes.juntadeandalucia.es\/plurilinguismodelegacionmalaga\/files\/2024\/04\/1709983666218-scaled.jpg 1928w\" sizes=\"(max-width: 264px) 100vw, 264px\" \/> &nbsp;<\/div>\n<div>&nbsp;<\/div>\n<p><img loading=\"lazy\" decoding=\"async\" class=\"wp-image-10947 alignleft\" src=\"https:\/\/blogsaverroes.juntadeandalucia.es\/plurilinguismodelegacionmalaga\/files\/2024\/04\/1709983666168-225x300.jpg\" alt=\"\" width=\"365\" height=\"487\" srcset=\"https:\/\/blogsaverroes.juntadeandalucia.es\/plurilinguismodelegacionmalaga\/files\/2024\/04\/1709983666168-225x300.jpg 225w, https:\/\/blogsaverroes.juntadeandalucia.es\/plurilinguismodelegacionmalaga\/files\/2024\/04\/1709983666168-768x1024.jpg 768w, https:\/\/blogsaverroes.juntadeandalucia.es\/plurilinguismodelegacionmalaga\/files\/2024\/04\/1709983666168-1152x1536.jpg 1152w, https:\/\/blogsaverroes.juntadeandalucia.es\/plurilinguismodelegacionmalaga\/files\/2024\/04\/1709983666168.jpg 1200w\" sizes=\"(max-width: 365px) 100vw, 365px\" \/><\/div>\n<p>&nbsp;<\/p>\n","protected":false},"excerpt":{"rendered":"<p>En el I.E.S. Juan de la Cierva de V\u00e9lez-M\u00e1laga hemos realizado un intercambio cultural con familias con el centro VanderCapellen de Zwolle, Pa\u00edses Bajos. En una primera parte, el alumnado holand\u00e9s vino a V\u00e9lez-M\u00e1laga&#46;&#46;&#46;<\/p>\n","protected":false},"author":8062,"featured_media":10952,"comment_status":"open","ping_status":"open","sticky":false,"template":"","format":"standard","meta":{"ngg_post_thumbnail":0,"footnotes":""},"categories":[21040,1174746],"tags":[],"aioseo_notices":[],"_links":{"self":[{"href":"https:\/\/blogsaverroes.juntadeandalucia.es\/plurilinguismodelegacionmalaga\/wp-json\/wp\/v2\/posts\/10945"}],"collection":[{"href":"https:\/\/blogsaverroes.juntadeandalucia.es\/plurilinguismodelegacionmalaga\/wp-json\/wp\/v2\/posts"}],"about":[{"href":"https:\/\/blogsaverroes.juntadeandalucia.es\/plurilinguismodelegacionmalaga\/wp-json\/wp\/v2\/types\/post"}],"author":[{"embeddable":true,"href":"https:\/\/blogsaverroes.juntadeandalucia.es\/plurilinguismodelegacionmalaga\/wp-json\/wp\/v2\/users\/8062"}],"replies":[{"embeddable":true,"href":"https:\/\/blogsaverroes.juntadeandalucia.es\/plurilinguismodelegacionmalaga\/wp-json\/wp\/v2\/comments?post=10945"}],"version-history":[{"count":2,"href":"https:\/\/blogsaverroes.juntadeandalucia.es\/plurilinguismodelegacionmalaga\/wp-json\/wp\/v2\/posts\/10945\/revisions"}],"predecessor-version":[{"id":10954,"href":"https:\/\/blogsaverroes.juntadeandalucia.es\/plurilinguismodelegacionmalaga\/wp-json\/wp\/v2\/posts\/10945\/revisions\/10954"}],"wp:featuredmedia":[{"embeddable":true,"href":"https:\/\/blogsaverroes.juntadeandalucia.es\/plurilinguismodelegacionmalaga\/wp-json\/wp\/v2\/media\/10952"}],"wp:attachment":[{"href":"https:\/\/blogsaverroes.juntadeandalucia.es\/plurilinguismodelegacionmalaga\/wp-json\/wp\/v2\/media?parent=10945"}],"wp:term":[{"taxonomy":"category","embeddable":true,"href":"https:\/\/blogsaverroes.juntadeandalucia.es\/plurilinguismodelegacionmalaga\/wp-json\/wp\/v2\/categories?post=10945"},{"taxonomy":"post_tag","embeddable":true,"href":"https:\/\/blogsaverroes.juntadeandalucia.es\/plurilinguismodelegacionmalaga\/wp-json\/wp\/v2\/tags?post=10945"}],"curies":[{"name":"wp","href":"https:\/\/api.w.org\/{rel}","templated":true}]}}