{"id":10975,"date":"2024-04-25T10:05:56","date_gmt":"2024-04-25T08:05:56","guid":{"rendered":"https:\/\/blogsaverroes.juntadeandalucia.es\/plurilinguismodelegacionmalaga\/?p=10975"},"modified":"2024-04-25T11:39:51","modified_gmt":"2024-04-25T09:39:51","slug":"ii-jornadas-de-bilinguismo-i-e-s-miraya-del-mar","status":"publish","type":"post","link":"https:\/\/blogsaverroes.juntadeandalucia.es\/plurilinguismodelegacionmalaga\/2024\/04\/25\/ii-jornadas-de-bilinguismo-i-e-s-miraya-del-mar\/","title":{"rendered":"II Jornadas de Biling\u00fcismo I.E.S. Miraya del Mar"},"content":{"rendered":"<p style=\"font-weight: 400\">Los d\u00edas 18 y 19 de abril se celebraron en el IES Miraya del Mar las II Jornadas de Biling\u00fcismo.&nbsp;Este curso la tem\u00e1tica elegida ha sido&nbsp;\u00abEl Desarrollo Sostenible en la Axarqu\u00eda\u00bb (<i>Sustainable Development in the Axarquia).<\/i><\/p>\n<p>Para este evento se han llevado a cabo 51 actuaciones de 17 grupos diferentes de 1.\u00ba a 3.\u00ba de la E.S.O. y se ha implicado a muchos departamentos.<\/p>\n<p>Estas jornadas tienen como objetivo principal promover y celebrar el aprendizaje de idiomas entre los estudiantes. Los alumnos han explorado conceptos clave como la conservaci\u00f3n del entorno, el uso responsable de los recursos, la importancia del reciclaje y el consumo consciente. Este tipo de actividades, integradas de forma transversal, brindan a los alumnos una comprensi\u00f3n m\u00e1s profunda de c\u00f3mo contribuir al bienestar ambiental en su comunidad.<\/p>\n<p dir=\"ltr\"><img loading=\"lazy\" decoding=\"async\" class=\"wp-image-10978 aligncenter\" src=\"https:\/\/blogsaverroes.juntadeandalucia.es\/plurilinguismodelegacionmalaga\/files\/2024\/04\/GEOGRAFIA-2o-HORA-JUEVES-300x169.jpg\" alt=\"\" width=\"452\" height=\"254\" srcset=\"https:\/\/blogsaverroes.juntadeandalucia.es\/plurilinguismodelegacionmalaga\/files\/2024\/04\/GEOGRAFIA-2o-HORA-JUEVES-300x169.jpg 300w, https:\/\/blogsaverroes.juntadeandalucia.es\/plurilinguismodelegacionmalaga\/files\/2024\/04\/GEOGRAFIA-2o-HORA-JUEVES.jpg 640w\" sizes=\"(max-width: 452px) 100vw, 452px\" \/><\/p>\n<p dir=\"ltr\">Estas jornadas no solo fomentan el aprendizaje, sino tambi\u00e9n la conciencia y el compromiso hacia un futuro m\u00e1s sostenible en la regi\u00f3n. Adem\u00e1s se han analizado los problemas y retos a los que nos enfrentamos en la actualidad, reflexionando sobre las causas y consecuencias de intervenciones humanas en el pasado, pr\u00e1cticas de cultivo y de turismo actuales, los problemas derivados de la sequ\u00eda, el cambio clim\u00e1tico y su repercusi\u00f3n en nuestra sociedad. Del mismo modo, se fortalece la conexi\u00f3n de los estudiantes con su entorno, impulsando su sentido de pertenencia y compromiso con la preservaci\u00f3n de la biodiversidad local. En \u00faltima instancia, al integrar la sostenibilidad en la educaci\u00f3n, se forja una generaci\u00f3n m\u00e1s consciente y comprometida con la protecci\u00f3n del medio ambiente en la zona.<\/p>\n<p dir=\"ltr\">Todas estas actividades han tenido como principal objetivo la mejora de la competencia ling\u00fc\u00edstica, tanto en espa\u00f1ol co<img loading=\"lazy\" decoding=\"async\" class=\" wp-image-10977 alignright\" src=\"https:\/\/blogsaverroes.juntadeandalucia.es\/plurilinguismodelegacionmalaga\/files\/2024\/04\/EF-3o-A-300x300.jpg\" alt=\"\" width=\"452\" height=\"452\" srcset=\"https:\/\/blogsaverroes.juntadeandalucia.es\/plurilinguismodelegacionmalaga\/files\/2024\/04\/EF-3o-A-300x300.jpg 300w, https:\/\/blogsaverroes.juntadeandalucia.es\/plurilinguismodelegacionmalaga\/files\/2024\/04\/EF-3o-A-150x150.jpg 150w, https:\/\/blogsaverroes.juntadeandalucia.es\/plurilinguismodelegacionmalaga\/files\/2024\/04\/EF-3o-A-80x80.jpg 80w, https:\/\/blogsaverroes.juntadeandalucia.es\/plurilinguismodelegacionmalaga\/files\/2024\/04\/EF-3o-A-320x320.jpg 320w, https:\/\/blogsaverroes.juntadeandalucia.es\/plurilinguismodelegacionmalaga\/files\/2024\/04\/EF-3o-A.jpg 640w\" sizes=\"(max-width: 452px) 100vw, 452px\" \/>mo en ingl\u00e9s y en franc\u00e9s, al fomentar el uso activo de los idiomas en contextos relevantes y la exposici\u00f3n a vocabulario especializado.<\/p>\n<p dir=\"ltr\">La particularidad de ser unas jornadas de puertas abiertas a otros colectivos de la comunidad educativa permite compartir buenas pr\u00e1cticas, crear una red de aprendizaje colaborativo y contribuir a la formaci\u00f3n integral de los participantes y al impulso de iniciativas eco-educativas.<\/p>\n<p dir=\"ltr\"><img loading=\"lazy\" decoding=\"async\" class=\"alignnone wp-image-10979\" src=\"https:\/\/blogsaverroes.juntadeandalucia.es\/plurilinguismodelegacionmalaga\/files\/2024\/04\/1od-ef-300x300.jpg\" alt=\"\" width=\"414\" height=\"414\" srcset=\"https:\/\/blogsaverroes.juntadeandalucia.es\/plurilinguismodelegacionmalaga\/files\/2024\/04\/1od-ef-300x300.jpg 300w, https:\/\/blogsaverroes.juntadeandalucia.es\/plurilinguismodelegacionmalaga\/files\/2024\/04\/1od-ef-150x150.jpg 150w, https:\/\/blogsaverroes.juntadeandalucia.es\/plurilinguismodelegacionmalaga\/files\/2024\/04\/1od-ef-80x80.jpg 80w, https:\/\/blogsaverroes.juntadeandalucia.es\/plurilinguismodelegacionmalaga\/files\/2024\/04\/1od-ef-320x320.jpg 320w, https:\/\/blogsaverroes.juntadeandalucia.es\/plurilinguismodelegacionmalaga\/files\/2024\/04\/1od-ef.jpg 640w\" sizes=\"(max-width: 414px) 100vw, 414px\" \/><img loading=\"lazy\" decoding=\"async\" class=\"wp-image-10980 alignright\" src=\"https:\/\/blogsaverroes.juntadeandalucia.es\/plurilinguismodelegacionmalaga\/files\/2024\/04\/3of-fr-300x300.jpg\" alt=\"\" width=\"545\" height=\"545\" srcset=\"https:\/\/blogsaverroes.juntadeandalucia.es\/plurilinguismodelegacionmalaga\/files\/2024\/04\/3of-fr-300x300.jpg 300w, https:\/\/blogsaverroes.juntadeandalucia.es\/plurilinguismodelegacionmalaga\/files\/2024\/04\/3of-fr-1024x1024.jpg 1024w, https:\/\/blogsaverroes.juntadeandalucia.es\/plurilinguismodelegacionmalaga\/files\/2024\/04\/3of-fr-150x150.jpg 150w, https:\/\/blogsaverroes.juntadeandalucia.es\/plurilinguismodelegacionmalaga\/files\/2024\/04\/3of-fr-768x768.jpg 768w, https:\/\/blogsaverroes.juntadeandalucia.es\/plurilinguismodelegacionmalaga\/files\/2024\/04\/3of-fr-80x80.jpg 80w, https:\/\/blogsaverroes.juntadeandalucia.es\/plurilinguismodelegacionmalaga\/files\/2024\/04\/3of-fr-320x320.jpg 320w, https:\/\/blogsaverroes.juntadeandalucia.es\/plurilinguismodelegacionmalaga\/files\/2024\/04\/3of-fr.jpg 1280w\" sizes=\"(max-width: 545px) 100vw, 545px\" \/>&nbsp;<\/p>\n<p dir=\"ltr\">Durante estas jornadas, los alumnos han presentado una variedad de actividades dise\u00f1adas para mejorar sus habilidades, tanto en idiomas extranjeros como en el suyo propio. Han realizado <a href=\"https:\/\/youtu.be\/WpYkvD0UEXQ\">interpretaciones musicales <\/a>de canciones del repertorio popular, elegidas por su reflexi\u00f3n sobre tem\u00e1tica medioambiental.<\/p>\n<p>Para m\u00e1s informaci\u00f3n sobre todas las actividades realizadas, pueden visitar el <a href=\"https:\/\/mirayabilingue.blogspot.com\/2024\/04\/ii-jornadas-de-bilinguismo-del-ies.html\">blog<\/a> del biling\u00fcismo del centro.<\/p>\n<p><iframe loading=\"lazy\" title=\"Before the deluge by Jackson Browne\" width=\"500\" height=\"281\" src=\"https:\/\/www.youtube.com\/embed\/5gfZIxdfLVQ?feature=oembed&#038;wmode=opaque\" frameborder=\"0\" allow=\"accelerometer; autoplay; clipboard-write; encrypted-media; gyroscope; picture-in-picture; web-share\" referrerpolicy=\"strict-origin-when-cross-origin\" allowfullscreen><\/iframe><\/p>\n<p dir=\"ltr\">&nbsp;<\/p>\n<p dir=\"ltr\">&nbsp;<\/p>\n","protected":false},"excerpt":{"rendered":"<p>Los d\u00edas 18 y 19 de abril se celebraron en el IES Miraya del Mar las II Jornadas de Biling\u00fcismo.&nbsp;Este curso la tem\u00e1tica elegida ha sido&nbsp;\u00abEl Desarrollo Sostenible en la Axarqu\u00eda\u00bb (Sustainable Development in&#46;&#46;&#46;<\/p>\n","protected":false},"author":8062,"featured_media":10982,"comment_status":"open","ping_status":"open","sticky":false,"template":"","format":"standard","meta":{"ngg_post_thumbnail":0,"footnotes":""},"categories":[70],"tags":[],"aioseo_notices":[],"_links":{"self":[{"href":"https:\/\/blogsaverroes.juntadeandalucia.es\/plurilinguismodelegacionmalaga\/wp-json\/wp\/v2\/posts\/10975"}],"collection":[{"href":"https:\/\/blogsaverroes.juntadeandalucia.es\/plurilinguismodelegacionmalaga\/wp-json\/wp\/v2\/posts"}],"about":[{"href":"https:\/\/blogsaverroes.juntadeandalucia.es\/plurilinguismodelegacionmalaga\/wp-json\/wp\/v2\/types\/post"}],"author":[{"embeddable":true,"href":"https:\/\/blogsaverroes.juntadeandalucia.es\/plurilinguismodelegacionmalaga\/wp-json\/wp\/v2\/users\/8062"}],"replies":[{"embeddable":true,"href":"https:\/\/blogsaverroes.juntadeandalucia.es\/plurilinguismodelegacionmalaga\/wp-json\/wp\/v2\/comments?post=10975"}],"version-history":[{"count":6,"href":"https:\/\/blogsaverroes.juntadeandalucia.es\/plurilinguismodelegacionmalaga\/wp-json\/wp\/v2\/posts\/10975\/revisions"}],"predecessor-version":[{"id":10988,"href":"https:\/\/blogsaverroes.juntadeandalucia.es\/plurilinguismodelegacionmalaga\/wp-json\/wp\/v2\/posts\/10975\/revisions\/10988"}],"wp:featuredmedia":[{"embeddable":true,"href":"https:\/\/blogsaverroes.juntadeandalucia.es\/plurilinguismodelegacionmalaga\/wp-json\/wp\/v2\/media\/10982"}],"wp:attachment":[{"href":"https:\/\/blogsaverroes.juntadeandalucia.es\/plurilinguismodelegacionmalaga\/wp-json\/wp\/v2\/media?parent=10975"}],"wp:term":[{"taxonomy":"category","embeddable":true,"href":"https:\/\/blogsaverroes.juntadeandalucia.es\/plurilinguismodelegacionmalaga\/wp-json\/wp\/v2\/categories?post=10975"},{"taxonomy":"post_tag","embeddable":true,"href":"https:\/\/blogsaverroes.juntadeandalucia.es\/plurilinguismodelegacionmalaga\/wp-json\/wp\/v2\/tags?post=10975"}],"curies":[{"name":"wp","href":"https:\/\/api.w.org\/{rel}","templated":true}]}}