{"id":10991,"date":"2024-04-29T09:29:20","date_gmt":"2024-04-29T07:29:20","guid":{"rendered":"https:\/\/blogsaverroes.juntadeandalucia.es\/plurilinguismodelegacionmalaga\/?p=10991"},"modified":"2024-04-29T09:34:42","modified_gmt":"2024-04-29T07:34:42","slug":"movilidad-erasmus-cofinanciada-por-la-union-europea-de-grupo-de-10-alumnos-del-i-e-s-huelin-al-centro-frances-boris-vian-en-coudekerque-branche","status":"publish","type":"post","link":"https:\/\/blogsaverroes.juntadeandalucia.es\/plurilinguismodelegacionmalaga\/2024\/04\/29\/movilidad-erasmus-cofinanciada-por-la-union-europea-de-grupo-de-10-alumnos-del-i-e-s-huelin-al-centro-frances-boris-vian-en-coudekerque-branche\/","title":{"rendered":"Movilidad Erasmus+, cofinanciada por la Uni\u00f3n Europea, de grupo de 10 alumnos del I.E.S. Huelin al centro franc\u00e9s \u00abBoris Vian\u00bb en Coudekerque-Branche"},"content":{"rendered":"<p>Diez alumnos de 2.\u00ba de ESO, acompa\u00f1ados de los profesores Nieves Mar\u00eda Caba\u00f1as y Emilio Guzm\u00e1n del I.E.S. Huelin, han realizado una movilidad de grupo Erasmus+ al centro franc\u00e9s \u00abBoris Vian\u00bb en Coudekerque-Branche desde el 7 al 14 de abril. Durante la estancia han coincidido con un instituto espa\u00f1ol y otro italiano. Entre las actividades realizadas podemos destacar las siguientes:<\/p>\n<ul>\n<li>Talleres sobre el agua y la protecci\u00f3n del medio ambiente y experimentos en el laboratorio sobre la relaci\u00f3n entre el aumento de la temperatura y el deshielo en los polos y la subida del nivel de los mares;<\/li>\n<\/ul>\n<p><img loading=\"lazy\" decoding=\"async\" class=\"wp-image-10992 aligncenter\" src=\"https:\/\/blogsaverroes.juntadeandalucia.es\/plurilinguismodelegacionmalaga\/files\/2024\/04\/CONCIENCIACION-MEDIOAMBIENTAL-300x146.jpg\" alt=\"\" width=\"526\" height=\"256\" srcset=\"https:\/\/blogsaverroes.juntadeandalucia.es\/plurilinguismodelegacionmalaga\/files\/2024\/04\/CONCIENCIACION-MEDIOAMBIENTAL-300x146.jpg 300w, https:\/\/blogsaverroes.juntadeandalucia.es\/plurilinguismodelegacionmalaga\/files\/2024\/04\/CONCIENCIACION-MEDIOAMBIENTAL-1024x498.jpg 1024w, https:\/\/blogsaverroes.juntadeandalucia.es\/plurilinguismodelegacionmalaga\/files\/2024\/04\/CONCIENCIACION-MEDIOAMBIENTAL-768x373.jpg 768w, https:\/\/blogsaverroes.juntadeandalucia.es\/plurilinguismodelegacionmalaga\/files\/2024\/04\/CONCIENCIACION-MEDIOAMBIENTAL-1536x747.jpg 1536w, https:\/\/blogsaverroes.juntadeandalucia.es\/plurilinguismodelegacionmalaga\/files\/2024\/04\/CONCIENCIACION-MEDIOAMBIENTAL-2048x996.jpg 2048w\" sizes=\"(max-width: 526px) 100vw, 526px\" \/><\/p>\n<ul>\n<li>visita a los espacios naturales Las Dunas de Flandre, situadas entre el puerto de Dunkerque y la frontera con B\u00e9lgica, al cabo Blanc Nez en el peque\u00f1o pueblo de Escalles y al sistema Wateringues de control del agua y las mareas para evitar las inundaciones en la regi\u00f3n de Dunkerque, que est\u00e1 bajo el nivel del mar;<\/li>\n<li>visita tur\u00edstica a Dunkerque, situada en el norte de Francia sobre un polder y cuyo nombre proviene de las palabras en lengua flamenca \u201cdun(e)\u201d, duna y \u201ckerke\u201d, iglesia;<\/li>\n<li>paseo en barco por el canal hacia Bergues, ciudad medieval con su campanario de 50 campanas y Patrimonio de la Humanidad por la Unesco desde 2005;<\/li>\n<li>visita a Nausicaa, el mayor acuario de Europa en Boulogne-sur-Mer;<\/li>\n<li>actividades deportivas y recreativas tanto en el colegio como en el centro deportivo de alto rendimiento La PAarc des Rives de l\u2019Aa.<\/li>\n<\/ul>\n<p><img loading=\"lazy\" decoding=\"async\" class=\"wp-image-10994 alignleft\" src=\"https:\/\/blogsaverroes.juntadeandalucia.es\/plurilinguismodelegacionmalaga\/files\/2024\/04\/ACUARIO-NAUSICAA-300x146.jpg\" alt=\"\" width=\"522\" height=\"254\" srcset=\"https:\/\/blogsaverroes.juntadeandalucia.es\/plurilinguismodelegacionmalaga\/files\/2024\/04\/ACUARIO-NAUSICAA-300x146.jpg 300w, https:\/\/blogsaverroes.juntadeandalucia.es\/plurilinguismodelegacionmalaga\/files\/2024\/04\/ACUARIO-NAUSICAA-1024x498.jpg 1024w, https:\/\/blogsaverroes.juntadeandalucia.es\/plurilinguismodelegacionmalaga\/files\/2024\/04\/ACUARIO-NAUSICAA-768x373.jpg 768w, https:\/\/blogsaverroes.juntadeandalucia.es\/plurilinguismodelegacionmalaga\/files\/2024\/04\/ACUARIO-NAUSICAA-1536x747.jpg 1536w, https:\/\/blogsaverroes.juntadeandalucia.es\/plurilinguismodelegacionmalaga\/files\/2024\/04\/ACUARIO-NAUSICAA-2048x996.jpg 2048w\" sizes=\"(max-width: 522px) 100vw, 522px\" \/><img loading=\"lazy\" decoding=\"async\" class=\"wp-image-10996 alignleft\" src=\"https:\/\/blogsaverroes.juntadeandalucia.es\/plurilinguismodelegacionmalaga\/files\/2024\/04\/DUNAS-FLANDRE-300x225.jpg\" alt=\"\" width=\"414\" height=\"310\" srcset=\"https:\/\/blogsaverroes.juntadeandalucia.es\/plurilinguismodelegacionmalaga\/files\/2024\/04\/DUNAS-FLANDRE-300x225.jpg 300w, https:\/\/blogsaverroes.juntadeandalucia.es\/plurilinguismodelegacionmalaga\/files\/2024\/04\/DUNAS-FLANDRE-1024x768.jpg 1024w, https:\/\/blogsaverroes.juntadeandalucia.es\/plurilinguismodelegacionmalaga\/files\/2024\/04\/DUNAS-FLANDRE-768x576.jpg 768w, https:\/\/blogsaverroes.juntadeandalucia.es\/plurilinguismodelegacionmalaga\/files\/2024\/04\/DUNAS-FLANDRE-1536x1152.jpg 1536w, https:\/\/blogsaverroes.juntadeandalucia.es\/plurilinguismodelegacionmalaga\/files\/2024\/04\/DUNAS-FLANDRE.jpg 1600w\" sizes=\"(max-width: 414px) 100vw, 414px\" \/><\/p>\n<p><img loading=\"lazy\" decoding=\"async\" class=\"wp-image-10993 alignnone\" src=\"https:\/\/blogsaverroes.juntadeandalucia.es\/plurilinguismodelegacionmalaga\/files\/2024\/04\/FIESTA-DESPEDIDA-300x146.jpg\" alt=\"\" width=\"530\" height=\"258\" srcset=\"https:\/\/blogsaverroes.juntadeandalucia.es\/plurilinguismodelegacionmalaga\/files\/2024\/04\/FIESTA-DESPEDIDA-300x146.jpg 300w, https:\/\/blogsaverroes.juntadeandalucia.es\/plurilinguismodelegacionmalaga\/files\/2024\/04\/FIESTA-DESPEDIDA-1024x498.jpg 1024w, https:\/\/blogsaverroes.juntadeandalucia.es\/plurilinguismodelegacionmalaga\/files\/2024\/04\/FIESTA-DESPEDIDA-768x373.jpg 768w, https:\/\/blogsaverroes.juntadeandalucia.es\/plurilinguismodelegacionmalaga\/files\/2024\/04\/FIESTA-DESPEDIDA-1536x747.jpg 1536w, https:\/\/blogsaverroes.juntadeandalucia.es\/plurilinguismodelegacionmalaga\/files\/2024\/04\/FIESTA-DESPEDIDA-2048x996.jpg 2048w\" sizes=\"(max-width: 530px) 100vw, 530px\" \/><\/p>\n<p>&nbsp;<\/p>\n<p>&nbsp;<\/p>\n<p>&nbsp;La semana finaliz\u00f3 en el auditorio Jean Vilar del Ayuntamiento de Coudekerque-Branche con la entrega de certificados, cena con productos franceses ofrecida por las familias francesas y fiesta de despedida con m\u00fasica y baile, donde los alumnos, profesores y familias convivieron en un ambiente festivo y de alegr\u00eda.<\/p>\n<p><img loading=\"lazy\" decoding=\"async\" class=\"wp-image-10995 alignleft\" src=\"https:\/\/blogsaverroes.juntadeandalucia.es\/plurilinguismodelegacionmalaga\/files\/2024\/04\/EXPERIMENTO-DESHIELO-EN-LOS-POLOS-300x146.jpg\" alt=\"\" width=\"547\" height=\"266\" srcset=\"https:\/\/blogsaverroes.juntadeandalucia.es\/plurilinguismodelegacionmalaga\/files\/2024\/04\/EXPERIMENTO-DESHIELO-EN-LOS-POLOS-300x146.jpg 300w, https:\/\/blogsaverroes.juntadeandalucia.es\/plurilinguismodelegacionmalaga\/files\/2024\/04\/EXPERIMENTO-DESHIELO-EN-LOS-POLOS-1024x498.jpg 1024w, https:\/\/blogsaverroes.juntadeandalucia.es\/plurilinguismodelegacionmalaga\/files\/2024\/04\/EXPERIMENTO-DESHIELO-EN-LOS-POLOS-768x373.jpg 768w, https:\/\/blogsaverroes.juntadeandalucia.es\/plurilinguismodelegacionmalaga\/files\/2024\/04\/EXPERIMENTO-DESHIELO-EN-LOS-POLOS-1536x747.jpg 1536w, https:\/\/blogsaverroes.juntadeandalucia.es\/plurilinguismodelegacionmalaga\/files\/2024\/04\/EXPERIMENTO-DESHIELO-EN-LOS-POLOS-2048x996.jpg 2048w\" sizes=\"(max-width: 547px) 100vw, 547px\" \/>En esta experiencia enriquecedora e inolvidable, los alumnos han ampliado su horizonte y aparte de las competencias estrictamente acad\u00e9micas y ling\u00fc\u00edsticas, han mejorado sus competencias personales, sociales, emocionales y ejecutivas. Finalmente destacan las fuertes relaciones afectivas establecidas entre los profesores, alumnos y familias anfitrionas, como as\u00ed se pudo observar en las tristes despedidas del domingo 14 de abril.<\/p>\n","protected":false},"excerpt":{"rendered":"<p>Diez alumnos de 2.\u00ba de ESO, acompa\u00f1ados de los profesores Nieves Mar\u00eda Caba\u00f1as y Emilio Guzm\u00e1n del I.E.S. Huelin, han realizado una movilidad de grupo Erasmus+ al centro franc\u00e9s \u00abBoris Vian\u00bb en Coudekerque-Branche desde&#46;&#46;&#46;<\/p>\n","protected":false},"author":8062,"featured_media":10997,"comment_status":"open","ping_status":"open","sticky":false,"template":"","format":"standard","meta":{"ngg_post_thumbnail":0,"footnotes":""},"categories":[],"tags":[],"aioseo_notices":[],"_links":{"self":[{"href":"https:\/\/blogsaverroes.juntadeandalucia.es\/plurilinguismodelegacionmalaga\/wp-json\/wp\/v2\/posts\/10991"}],"collection":[{"href":"https:\/\/blogsaverroes.juntadeandalucia.es\/plurilinguismodelegacionmalaga\/wp-json\/wp\/v2\/posts"}],"about":[{"href":"https:\/\/blogsaverroes.juntadeandalucia.es\/plurilinguismodelegacionmalaga\/wp-json\/wp\/v2\/types\/post"}],"author":[{"embeddable":true,"href":"https:\/\/blogsaverroes.juntadeandalucia.es\/plurilinguismodelegacionmalaga\/wp-json\/wp\/v2\/users\/8062"}],"replies":[{"embeddable":true,"href":"https:\/\/blogsaverroes.juntadeandalucia.es\/plurilinguismodelegacionmalaga\/wp-json\/wp\/v2\/comments?post=10991"}],"version-history":[{"count":6,"href":"https:\/\/blogsaverroes.juntadeandalucia.es\/plurilinguismodelegacionmalaga\/wp-json\/wp\/v2\/posts\/10991\/revisions"}],"predecessor-version":[{"id":11004,"href":"https:\/\/blogsaverroes.juntadeandalucia.es\/plurilinguismodelegacionmalaga\/wp-json\/wp\/v2\/posts\/10991\/revisions\/11004"}],"wp:featuredmedia":[{"embeddable":true,"href":"https:\/\/blogsaverroes.juntadeandalucia.es\/plurilinguismodelegacionmalaga\/wp-json\/wp\/v2\/media\/10997"}],"wp:attachment":[{"href":"https:\/\/blogsaverroes.juntadeandalucia.es\/plurilinguismodelegacionmalaga\/wp-json\/wp\/v2\/media?parent=10991"}],"wp:term":[{"taxonomy":"category","embeddable":true,"href":"https:\/\/blogsaverroes.juntadeandalucia.es\/plurilinguismodelegacionmalaga\/wp-json\/wp\/v2\/categories?post=10991"},{"taxonomy":"post_tag","embeddable":true,"href":"https:\/\/blogsaverroes.juntadeandalucia.es\/plurilinguismodelegacionmalaga\/wp-json\/wp\/v2\/tags?post=10991"}],"curies":[{"name":"wp","href":"https:\/\/api.w.org\/{rel}","templated":true}]}}