{"id":11018,"date":"2024-05-06T09:02:36","date_gmt":"2024-05-06T07:02:36","guid":{"rendered":"https:\/\/blogsaverroes.juntadeandalucia.es\/plurilinguismodelegacionmalaga\/?p=11018"},"modified":"2024-05-06T09:02:36","modified_gmt":"2024-05-06T07:02:36","slug":"alice-in-wonderland-en-el-c-e-i-p-tierno-galvan-de-malaga","status":"publish","type":"post","link":"https:\/\/blogsaverroes.juntadeandalucia.es\/plurilinguismodelegacionmalaga\/2024\/05\/06\/alice-in-wonderland-en-el-c-e-i-p-tierno-galvan-de-malaga\/","title":{"rendered":"\u00abAlice in Wonderland\u00bb en el C.E.I.P. Tierno Galv\u00e1n de M\u00e1laga"},"content":{"rendered":"<p>El pasado mes de abril se realizaron en nuestro centro C.E.I.P. Tierno Galv\u00e1n de M\u00e1laga actividades de cuentacuentos en ingl\u00e9s para todo el alumnado, desde Infantil 3 a\u00f1os hasta 6.\u00b0 de Primaria. Se llevaron a cabo en la biblioteca de nuestro centro y en colaboraci\u00f3n con el AMPA, el Plan de Biblioteca y el Proyecto de Biling\u00fcismo.<\/p>\n<p>Nuestras auxiliares de conversaci\u00f3n Samantha y Abby realizaron un cuentacuentos adaptado a cada nivel de la obra &#8220;Alice in Wonderland&#8221; como actividad complementaria a la obra de teatro \u00abAlicia en el pa\u00eds de las maravillas\u00bb realizada la semana anterior por el grupo de teatro en nuestro centro. La actividad ha consistido en una lectura en ingl\u00e9s adaptada cada cada nivel de la obra junto con una proyecci\u00f3n de im\u00e1genes para ayudar a la comprensi\u00f3n lectora tras la cual nuestras auxiliares han realizado un juego de preguntas de comprensi\u00f3n oral al alumnado y finalmente, se concluy\u00f3 la tarea con realizaci\u00f3n de manualidades relacionadas con la historia de Alicia que, al mismo tiempo, ha sido el eje conductor de nuestra Semana Cultural este curso escolar.<\/p>\n<p><img loading=\"lazy\" decoding=\"async\" class=\"wp-image-11021 alignleft\" src=\"https:\/\/blogsaverroes.juntadeandalucia.es\/plurilinguismodelegacionmalaga\/files\/2024\/05\/20240423_103043-300x225.jpg\" alt=\"\" width=\"445\" height=\"334\" srcset=\"https:\/\/blogsaverroes.juntadeandalucia.es\/plurilinguismodelegacionmalaga\/files\/2024\/05\/20240423_103043-300x225.jpg 300w, https:\/\/blogsaverroes.juntadeandalucia.es\/plurilinguismodelegacionmalaga\/files\/2024\/05\/20240423_103043-1024x768.jpg 1024w, https:\/\/blogsaverroes.juntadeandalucia.es\/plurilinguismodelegacionmalaga\/files\/2024\/05\/20240423_103043-768x576.jpg 768w, https:\/\/blogsaverroes.juntadeandalucia.es\/plurilinguismodelegacionmalaga\/files\/2024\/05\/20240423_103043-1536x1152.jpg 1536w, https:\/\/blogsaverroes.juntadeandalucia.es\/plurilinguismodelegacionmalaga\/files\/2024\/05\/20240423_103043-2048x1536.jpg 2048w\" sizes=\"(max-width: 445px) 100vw, 445px\" \/><\/p>\n<p><img loading=\"lazy\" decoding=\"async\" class=\"wp-image-11020 alignright\" src=\"https:\/\/blogsaverroes.juntadeandalucia.es\/plurilinguismodelegacionmalaga\/files\/2024\/05\/20240423_100903-300x245.jpg\" alt=\"\" width=\"419\" height=\"342\" srcset=\"https:\/\/blogsaverroes.juntadeandalucia.es\/plurilinguismodelegacionmalaga\/files\/2024\/05\/20240423_100903-300x245.jpg 300w, https:\/\/blogsaverroes.juntadeandalucia.es\/plurilinguismodelegacionmalaga\/files\/2024\/05\/20240423_100903-1024x836.jpg 1024w, https:\/\/blogsaverroes.juntadeandalucia.es\/plurilinguismodelegacionmalaga\/files\/2024\/05\/20240423_100903-768x627.jpg 768w, https:\/\/blogsaverroes.juntadeandalucia.es\/plurilinguismodelegacionmalaga\/files\/2024\/05\/20240423_100903-1536x1254.jpg 1536w, https:\/\/blogsaverroes.juntadeandalucia.es\/plurilinguismodelegacionmalaga\/files\/2024\/05\/20240423_100903-2048x1672.jpg 2048w\" sizes=\"(max-width: 419px) 100vw, 419px\" \/><\/p>\n<p>\u00a1Enhorabuena a nuestras auxiliares y a todos los compa\u00f1eros y colaboradores que nos han ayudado en la realizaci\u00f3n de esta bonita actividad y, por supuesto, enhorabuena a nuestros protagonistas, nuestro alumnado, que ha disfrutado y aprendido much\u00edsimo con &nbsp;esta experiencia!<\/p>\n","protected":false},"excerpt":{"rendered":"<p>El pasado mes de abril se realizaron en nuestro centro C.E.I.P. Tierno Galv\u00e1n de M\u00e1laga actividades de cuentacuentos en ingl\u00e9s para todo el alumnado, desde Infantil 3 a\u00f1os hasta 6.\u00b0 de Primaria. Se llevaron&#46;&#46;&#46;<\/p>\n","protected":false},"author":8062,"featured_media":11019,"comment_status":"open","ping_status":"open","sticky":false,"template":"","format":"standard","meta":{"ngg_post_thumbnail":0,"footnotes":""},"categories":[70],"tags":[],"aioseo_notices":[],"_links":{"self":[{"href":"https:\/\/blogsaverroes.juntadeandalucia.es\/plurilinguismodelegacionmalaga\/wp-json\/wp\/v2\/posts\/11018"}],"collection":[{"href":"https:\/\/blogsaverroes.juntadeandalucia.es\/plurilinguismodelegacionmalaga\/wp-json\/wp\/v2\/posts"}],"about":[{"href":"https:\/\/blogsaverroes.juntadeandalucia.es\/plurilinguismodelegacionmalaga\/wp-json\/wp\/v2\/types\/post"}],"author":[{"embeddable":true,"href":"https:\/\/blogsaverroes.juntadeandalucia.es\/plurilinguismodelegacionmalaga\/wp-json\/wp\/v2\/users\/8062"}],"replies":[{"embeddable":true,"href":"https:\/\/blogsaverroes.juntadeandalucia.es\/plurilinguismodelegacionmalaga\/wp-json\/wp\/v2\/comments?post=11018"}],"version-history":[{"count":1,"href":"https:\/\/blogsaverroes.juntadeandalucia.es\/plurilinguismodelegacionmalaga\/wp-json\/wp\/v2\/posts\/11018\/revisions"}],"predecessor-version":[{"id":11022,"href":"https:\/\/blogsaverroes.juntadeandalucia.es\/plurilinguismodelegacionmalaga\/wp-json\/wp\/v2\/posts\/11018\/revisions\/11022"}],"wp:featuredmedia":[{"embeddable":true,"href":"https:\/\/blogsaverroes.juntadeandalucia.es\/plurilinguismodelegacionmalaga\/wp-json\/wp\/v2\/media\/11019"}],"wp:attachment":[{"href":"https:\/\/blogsaverroes.juntadeandalucia.es\/plurilinguismodelegacionmalaga\/wp-json\/wp\/v2\/media?parent=11018"}],"wp:term":[{"taxonomy":"category","embeddable":true,"href":"https:\/\/blogsaverroes.juntadeandalucia.es\/plurilinguismodelegacionmalaga\/wp-json\/wp\/v2\/categories?post=11018"},{"taxonomy":"post_tag","embeddable":true,"href":"https:\/\/blogsaverroes.juntadeandalucia.es\/plurilinguismodelegacionmalaga\/wp-json\/wp\/v2\/tags?post=11018"}],"curies":[{"name":"wp","href":"https:\/\/api.w.org\/{rel}","templated":true}]}}