{"id":11031,"date":"2024-05-06T09:34:34","date_gmt":"2024-05-06T07:34:34","guid":{"rendered":"https:\/\/blogsaverroes.juntadeandalucia.es\/plurilinguismodelegacionmalaga\/?p=11031"},"modified":"2024-05-06T09:37:58","modified_gmt":"2024-05-06T07:37:58","slug":"observacion-job-shadowing-en-rumania-i-e-s-miraya-del-mar","status":"publish","type":"post","link":"https:\/\/blogsaverroes.juntadeandalucia.es\/plurilinguismodelegacionmalaga\/2024\/05\/06\/observacion-job-shadowing-en-rumania-i-e-s-miraya-del-mar\/","title":{"rendered":"Observaci\u00f3n Job Shadowing en Ruman\u00eda I.E.S. Miraya del Mar"},"content":{"rendered":"<p dir=\"ltr\">Durante la semana del 10 al 16 de marzo de 2024, dos profesoras del I.E.S. Miraya del Mar de Torre del Mar, Anne-Sophie Hatton y Carmen Ruiz, han realizado una actividad de observaci\u00f3n de tipo<em> Job Shadowing<\/em> en el Liceul Teoretic Emil Racovi\u021b\u0103 de Gala\u021bi (Ruman\u00eda).<\/p>\n<p dir=\"ltr\">Esta actividad ha tenido lugar gracias al proyecto Erasmus+ KA122-SCH \u00abPatios escolares m\u00e1s verdes para un mejor aprendizaje al aire libre\u00bb, financiado por la Uni\u00f3n Europea, que ha permitido a las dos profesoras contrastar la realidad educativa y formativa de Ruman\u00eda con la espa\u00f1ola.<\/p>\n<div>\n<div id=\"m_2383131543759663993gmail-h.457c32e6f20c1329_31\">\n<p dir=\"ltr\"><img loading=\"lazy\" decoding=\"async\" class=\" wp-image-11034 alignleft\" src=\"https:\/\/blogsaverroes.juntadeandalucia.es\/plurilinguismodelegacionmalaga\/files\/2024\/05\/WhatsApp-Image-2024-05-01-at-12.35.201-169x300.jpeg\" alt=\"\" width=\"276\" height=\"490\" srcset=\"https:\/\/blogsaverroes.juntadeandalucia.es\/plurilinguismodelegacionmalaga\/files\/2024\/05\/WhatsApp-Image-2024-05-01-at-12.35.201-169x300.jpeg 169w, https:\/\/blogsaverroes.juntadeandalucia.es\/plurilinguismodelegacionmalaga\/files\/2024\/05\/WhatsApp-Image-2024-05-01-at-12.35.201-576x1024.jpeg 576w, https:\/\/blogsaverroes.juntadeandalucia.es\/plurilinguismodelegacionmalaga\/files\/2024\/05\/WhatsApp-Image-2024-05-01-at-12.35.201-768x1365.jpeg 768w, https:\/\/blogsaverroes.juntadeandalucia.es\/plurilinguismodelegacionmalaga\/files\/2024\/05\/WhatsApp-Image-2024-05-01-at-12.35.201-864x1536.jpeg 864w, https:\/\/blogsaverroes.juntadeandalucia.es\/plurilinguismodelegacionmalaga\/files\/2024\/05\/WhatsApp-Image-2024-05-01-at-12.35.201.jpeg 1125w\" sizes=\"(max-width: 276px) 100vw, 276px\" \/><\/p>\n<p dir=\"ltr\">Durante su estancia han asistido a clase como observadoras para presenciar las estrategias y herramientas utilizadas en el centro rumano para la ense\u00f1anza de varias asignaturas: Lengua y Literatura Rumana, Ingl\u00e9s, Franc\u00e9s, F\u00edsica y Qu\u00edmica, Inform\u00e1tica, Matem\u00e1ticas y Econom\u00eda. Adem\u00e1s, este intercambio de buenas pr\u00e1cticas les ha permitido adquirir competencias para mejorar y estimular el desarrollo de nuevos proyectos Erasmus+ m\u00e1s adelante en el I.E.S. Miraya del Mar.<\/p>\n<p dir=\"ltr\">Las docentes visitaron tambi\u00e9n los diversos espacios del centro rumano y comprobaron la utilizaci\u00f3n de estos, con especial atenci\u00f3n a las dos aulas al aire libre, donde tienen lugar algunas clases cuando el tiempo lo permite. Es de destacar que el centro rebosa de plantas en cada uno de sus rincones y ofrece al alumnado una cancha de f\u00fatbol de c\u00e9sped. Con el fin de concienciar a su alumnado de los problemas relacionados con el medioambiente, cada a\u00f1o en abril celebran la \u00abS\u0103pt\u0103m\u00e2na verde\u00bb. Se trata de una semana muy especial que se celebra a nivel nacional. Gracias a nuestro proyecto Erasmus+, doce alumnos previamente seleccionados de 3.\u00ba ESO del I.E.S. Miraya del Mar han tenido la gran suerte de participar de manera activa e in situ.<\/p>\n<\/div>\n<\/div>\n<p dir=\"ltr\">A lo largo de estos d\u00edas de <em>Job Shadowing<\/em>, Carmen y Anne-Sophie han podido adentrarse en el sistema educativo rumano y constatar la importancia de los idiomas y, en general, de la educaci\u00f3n para un pr\u00f3spero futuro profesional de los j\u00f3venes rumanos. El \u00faltimo d\u00eda de su estancia, las docentes espa\u00f1olas dieron una charla y una presentaci\u00f3n sobre la provincia de M\u00e1laga y sobre algunas costumbres espa\u00f1olas, seguidas de una videoconferencia en directo con el centro espa\u00f1ol en la que tanto el alumnado como el profesorado participantes en este proyecto pudieron verse y charlar antes de la movilidad de abril. El ingl\u00e9s ha sido el medio de comunicaci\u00f3n principal no solo para las profesoras durante su estancia en Ruman\u00eda, sino tambi\u00e9n para los alumnos espa\u00f1oles durante la videollamada con los alumnos rumanos.<\/p>\n<p dir=\"ltr\"><img loading=\"lazy\" decoding=\"async\" class=\" wp-image-11032 alignright\" src=\"https:\/\/blogsaverroes.juntadeandalucia.es\/plurilinguismodelegacionmalaga\/files\/2024\/05\/plantas-300x224.jpg\" alt=\"\" width=\"372\" height=\"278\" srcset=\"https:\/\/blogsaverroes.juntadeandalucia.es\/plurilinguismodelegacionmalaga\/files\/2024\/05\/plantas-300x224.jpg 300w, https:\/\/blogsaverroes.juntadeandalucia.es\/plurilinguismodelegacionmalaga\/files\/2024\/05\/plantas-1024x765.jpg 1024w, https:\/\/blogsaverroes.juntadeandalucia.es\/plurilinguismodelegacionmalaga\/files\/2024\/05\/plantas-768x573.jpg 768w, https:\/\/blogsaverroes.juntadeandalucia.es\/plurilinguismodelegacionmalaga\/files\/2024\/05\/plantas.jpg 1121w\" sizes=\"(max-width: 372px) 100vw, 372px\" \/>Esta primera experiencia Erasmus+ para el I.E.S. Miraya del Mar ha sido muy provechosa y ha supuesto un primer paso hacia otros proyectos europeos que ojal\u00e1 que sean igual de interesantes y enriquecedores. Para m\u00e1s informaci\u00f3n sobre el proceso de internacionalizaci\u00f3n y apertura a Europa que est\u00e1 llevado a cabo el IES Miraya del Mar a trav\u00e9s del programa Erasmus+, os invitamos a visitar la web Erasmus+ del centro: <a href=\"http:\/\/bit.ly\/erasmusplusmirayadelmar\" target=\"_blank\" rel=\"noopener\">bit.ly\/erasmusplusmirayadelmar<\/a><\/p>\n<div>\n<div id=\"m_2383131543759663993gmail-h.457c32e6f20c1329_31\">\n<div id=\"m_2383131543759663993gmail-h.457c32e6f20c1329_45\">\n<div id=\"m_2383131543759663993gmail-h.457c32e6f20c1329_58\">\n<p dir=\"ltr\"><img loading=\"lazy\" decoding=\"async\" class=\" wp-image-11033 aligncenter\" src=\"https:\/\/blogsaverroes.juntadeandalucia.es\/plurilinguismodelegacionmalaga\/files\/2024\/05\/WhatsApp-Image-2024-05-01-at-12.35.19-300x225.jpeg\" alt=\"\" width=\"426\" height=\"319\" srcset=\"https:\/\/blogsaverroes.juntadeandalucia.es\/plurilinguismodelegacionmalaga\/files\/2024\/05\/WhatsApp-Image-2024-05-01-at-12.35.19-300x225.jpeg 300w, https:\/\/blogsaverroes.juntadeandalucia.es\/plurilinguismodelegacionmalaga\/files\/2024\/05\/WhatsApp-Image-2024-05-01-at-12.35.19-1024x768.jpeg 1024w, https:\/\/blogsaverroes.juntadeandalucia.es\/plurilinguismodelegacionmalaga\/files\/2024\/05\/WhatsApp-Image-2024-05-01-at-12.35.19-768x576.jpeg 768w, https:\/\/blogsaverroes.juntadeandalucia.es\/plurilinguismodelegacionmalaga\/files\/2024\/05\/WhatsApp-Image-2024-05-01-at-12.35.19-1536x1152.jpeg 1536w, https:\/\/blogsaverroes.juntadeandalucia.es\/plurilinguismodelegacionmalaga\/files\/2024\/05\/WhatsApp-Image-2024-05-01-at-12.35.19.jpeg 2048w\" sizes=\"(max-width: 426px) 100vw, 426px\" \/><\/p>\n<\/div>\n<\/div>\n<\/div>\n<\/div>\n","protected":false},"excerpt":{"rendered":"<p>Durante la semana del 10 al 16 de marzo de 2024, dos profesoras del I.E.S. Miraya del Mar de Torre del Mar, Anne-Sophie Hatton y Carmen Ruiz, han realizado una actividad de observaci\u00f3n de&#46;&#46;&#46;<\/p>\n","protected":false},"author":8062,"featured_media":11035,"comment_status":"open","ping_status":"open","sticky":false,"template":"","format":"standard","meta":{"ngg_post_thumbnail":0,"footnotes":""},"categories":[],"tags":[],"aioseo_notices":[],"_links":{"self":[{"href":"https:\/\/blogsaverroes.juntadeandalucia.es\/plurilinguismodelegacionmalaga\/wp-json\/wp\/v2\/posts\/11031"}],"collection":[{"href":"https:\/\/blogsaverroes.juntadeandalucia.es\/plurilinguismodelegacionmalaga\/wp-json\/wp\/v2\/posts"}],"about":[{"href":"https:\/\/blogsaverroes.juntadeandalucia.es\/plurilinguismodelegacionmalaga\/wp-json\/wp\/v2\/types\/post"}],"author":[{"embeddable":true,"href":"https:\/\/blogsaverroes.juntadeandalucia.es\/plurilinguismodelegacionmalaga\/wp-json\/wp\/v2\/users\/8062"}],"replies":[{"embeddable":true,"href":"https:\/\/blogsaverroes.juntadeandalucia.es\/plurilinguismodelegacionmalaga\/wp-json\/wp\/v2\/comments?post=11031"}],"version-history":[{"count":3,"href":"https:\/\/blogsaverroes.juntadeandalucia.es\/plurilinguismodelegacionmalaga\/wp-json\/wp\/v2\/posts\/11031\/revisions"}],"predecessor-version":[{"id":11038,"href":"https:\/\/blogsaverroes.juntadeandalucia.es\/plurilinguismodelegacionmalaga\/wp-json\/wp\/v2\/posts\/11031\/revisions\/11038"}],"wp:featuredmedia":[{"embeddable":true,"href":"https:\/\/blogsaverroes.juntadeandalucia.es\/plurilinguismodelegacionmalaga\/wp-json\/wp\/v2\/media\/11035"}],"wp:attachment":[{"href":"https:\/\/blogsaverroes.juntadeandalucia.es\/plurilinguismodelegacionmalaga\/wp-json\/wp\/v2\/media?parent=11031"}],"wp:term":[{"taxonomy":"category","embeddable":true,"href":"https:\/\/blogsaverroes.juntadeandalucia.es\/plurilinguismodelegacionmalaga\/wp-json\/wp\/v2\/categories?post=11031"},{"taxonomy":"post_tag","embeddable":true,"href":"https:\/\/blogsaverroes.juntadeandalucia.es\/plurilinguismodelegacionmalaga\/wp-json\/wp\/v2\/tags?post=11031"}],"curies":[{"name":"wp","href":"https:\/\/api.w.org\/{rel}","templated":true}]}}