{"id":11040,"date":"2024-05-06T10:15:12","date_gmt":"2024-05-06T08:15:12","guid":{"rendered":"https:\/\/blogsaverroes.juntadeandalucia.es\/plurilinguismodelegacionmalaga\/?p=11040"},"modified":"2024-05-06T10:17:15","modified_gmt":"2024-05-06T08:17:15","slug":"visita-alumnos-de-acg-strathallan-de-nueva-zelanda-al-i-e-s-sierra-almijara","status":"publish","type":"post","link":"https:\/\/blogsaverroes.juntadeandalucia.es\/plurilinguismodelegacionmalaga\/2024\/05\/06\/visita-alumnos-de-acg-strathallan-de-nueva-zelanda-al-i-e-s-sierra-almijara\/","title":{"rendered":"Visita alumnos de ACG Strathallan de Nueva Zelanda al I.E.S. Sierra Almijara"},"content":{"rendered":"<p align=\"justify\"><span style=\"font-family: verdana, geneva, sans-serif;font-size: 12pt\">A finales de abril de 2024 la comunidad educativa del I.E.S. Sierra Almijara de Nerja ha disfrutado de la visita de alumnado y profesorado procedente de ACG Strathallan (Karaka, de Auckland, Nueva Zelanda). Gracias a esta visita han podido profundizar en uno de los objetivos de su programa Erasmus+. En concreto, han podido enriquecer de manera pr\u00e1ctica su comprensi\u00f3n y expresi\u00f3n oral en ingl\u00e9s. <\/span><\/p>\n<p align=\"justify\"><span style=\"font-family: verdana, geneva, sans-serif;font-size: 12pt\"><img loading=\"lazy\" decoding=\"async\" class=\"alignnone wp-image-11042\" src=\"https:\/\/blogsaverroes.juntadeandalucia.es\/plurilinguismodelegacionmalaga\/files\/2024\/05\/9-300x251.png\" alt=\"\" width=\"382\" height=\"320\" srcset=\"https:\/\/blogsaverroes.juntadeandalucia.es\/plurilinguismodelegacionmalaga\/files\/2024\/05\/9-300x251.png 300w, https:\/\/blogsaverroes.juntadeandalucia.es\/plurilinguismodelegacionmalaga\/files\/2024\/05\/9-768x644.png 768w, https:\/\/blogsaverroes.juntadeandalucia.es\/plurilinguismodelegacionmalaga\/files\/2024\/05\/9.png 940w\" sizes=\"(max-width: 382px) 100vw, 382px\" \/> <img loading=\"lazy\" decoding=\"async\" class=\"alignnone wp-image-11043\" src=\"https:\/\/blogsaverroes.juntadeandalucia.es\/plurilinguismodelegacionmalaga\/files\/2024\/05\/10-300x251.png\" alt=\"\" width=\"382\" height=\"320\" srcset=\"https:\/\/blogsaverroes.juntadeandalucia.es\/plurilinguismodelegacionmalaga\/files\/2024\/05\/10-300x251.png 300w, https:\/\/blogsaverroes.juntadeandalucia.es\/plurilinguismodelegacionmalaga\/files\/2024\/05\/10-768x644.png 768w, https:\/\/blogsaverroes.juntadeandalucia.es\/plurilinguismodelegacionmalaga\/files\/2024\/05\/10.png 940w\" sizes=\"(max-width: 382px) 100vw, 382px\" \/> &nbsp;<img loading=\"lazy\" decoding=\"async\" class=\"alignnone wp-image-11045\" src=\"https:\/\/blogsaverroes.juntadeandalucia.es\/plurilinguismodelegacionmalaga\/files\/2024\/05\/8-300x251.png\" alt=\"\" width=\"369\" height=\"309\" srcset=\"https:\/\/blogsaverroes.juntadeandalucia.es\/plurilinguismodelegacionmalaga\/files\/2024\/05\/8-300x251.png 300w, https:\/\/blogsaverroes.juntadeandalucia.es\/plurilinguismodelegacionmalaga\/files\/2024\/05\/8-768x644.png 768w, https:\/\/blogsaverroes.juntadeandalucia.es\/plurilinguismodelegacionmalaga\/files\/2024\/05\/8.png 940w\" sizes=\"(max-width: 369px) 100vw, 369px\" \/> <img loading=\"lazy\" decoding=\"async\" class=\" wp-image-11046 alignright\" src=\"https:\/\/blogsaverroes.juntadeandalucia.es\/plurilinguismodelegacionmalaga\/files\/2024\/05\/5-300x251.png\" alt=\"\" width=\"465\" height=\"389\" srcset=\"https:\/\/blogsaverroes.juntadeandalucia.es\/plurilinguismodelegacionmalaga\/files\/2024\/05\/5-300x251.png 300w, https:\/\/blogsaverroes.juntadeandalucia.es\/plurilinguismodelegacionmalaga\/files\/2024\/05\/5-768x644.png 768w, https:\/\/blogsaverroes.juntadeandalucia.es\/plurilinguismodelegacionmalaga\/files\/2024\/05\/5.png 940w\" sizes=\"(max-width: 465px) 100vw, 465px\" \/> <img loading=\"lazy\" decoding=\"async\" class=\" wp-image-11047 aligncenter\" src=\"https:\/\/blogsaverroes.juntadeandalucia.es\/plurilinguismodelegacionmalaga\/files\/2024\/05\/7-300x251.png\" alt=\"\" width=\"420\" height=\"351\" srcset=\"https:\/\/blogsaverroes.juntadeandalucia.es\/plurilinguismodelegacionmalaga\/files\/2024\/05\/7-300x251.png 300w, https:\/\/blogsaverroes.juntadeandalucia.es\/plurilinguismodelegacionmalaga\/files\/2024\/05\/7-768x644.png 768w, https:\/\/blogsaverroes.juntadeandalucia.es\/plurilinguismodelegacionmalaga\/files\/2024\/05\/7.png 940w\" sizes=\"(max-width: 420px) 100vw, 420px\" \/><\/span><\/p>\n<p align=\"justify\"><span style=\"font-family: verdana, geneva, sans-serif;font-size: 12pt\">A trav\u00e9s de esta iniciativa 22 alumnos de 3.\u00ba E.S.O. del I.E.S. Sierra Almijara y 22 de ACG Strathallan han compartido din\u00e1micas colectivas para romper el hielo y conocerse, talleres en los que han podido aproximarse a la cultura espa\u00f1ola y han podido aprender de la neozelandesa, un desayuno con productos t\u00edpicos como churros y actividades deportivas. Junto a ello, han asistido a clases de Ingl\u00e9s, Tecnolog\u00eda y Filosof\u00eda pudiendo as\u00ed comprobar de primera mano c\u00f3mo es la realidad educativa espa\u00f1ola. Para finalizar la jornada, se han llevado a cabo un taller de sevillanas y una serie de actuaciones en las que han podido disfrutar de forma rec\u00edproca del talento del alumnado y profesorado visitante como del nuestro propio.&nbsp;<\/span><\/p>\n","protected":false},"excerpt":{"rendered":"<p>A finales de abril de 2024 la comunidad educativa del I.E.S. Sierra Almijara de Nerja ha disfrutado de la visita de alumnado y profesorado procedente de ACG Strathallan (Karaka, de Auckland, Nueva Zelanda). Gracias&#46;&#46;&#46;<\/p>\n","protected":false},"author":8062,"featured_media":11041,"comment_status":"open","ping_status":"open","sticky":false,"template":"","format":"standard","meta":{"ngg_post_thumbnail":0,"footnotes":""},"categories":[],"tags":[],"aioseo_notices":[],"_links":{"self":[{"href":"https:\/\/blogsaverroes.juntadeandalucia.es\/plurilinguismodelegacionmalaga\/wp-json\/wp\/v2\/posts\/11040"}],"collection":[{"href":"https:\/\/blogsaverroes.juntadeandalucia.es\/plurilinguismodelegacionmalaga\/wp-json\/wp\/v2\/posts"}],"about":[{"href":"https:\/\/blogsaverroes.juntadeandalucia.es\/plurilinguismodelegacionmalaga\/wp-json\/wp\/v2\/types\/post"}],"author":[{"embeddable":true,"href":"https:\/\/blogsaverroes.juntadeandalucia.es\/plurilinguismodelegacionmalaga\/wp-json\/wp\/v2\/users\/8062"}],"replies":[{"embeddable":true,"href":"https:\/\/blogsaverroes.juntadeandalucia.es\/plurilinguismodelegacionmalaga\/wp-json\/wp\/v2\/comments?post=11040"}],"version-history":[{"count":4,"href":"https:\/\/blogsaverroes.juntadeandalucia.es\/plurilinguismodelegacionmalaga\/wp-json\/wp\/v2\/posts\/11040\/revisions"}],"predecessor-version":[{"id":11051,"href":"https:\/\/blogsaverroes.juntadeandalucia.es\/plurilinguismodelegacionmalaga\/wp-json\/wp\/v2\/posts\/11040\/revisions\/11051"}],"wp:featuredmedia":[{"embeddable":true,"href":"https:\/\/blogsaverroes.juntadeandalucia.es\/plurilinguismodelegacionmalaga\/wp-json\/wp\/v2\/media\/11041"}],"wp:attachment":[{"href":"https:\/\/blogsaverroes.juntadeandalucia.es\/plurilinguismodelegacionmalaga\/wp-json\/wp\/v2\/media?parent=11040"}],"wp:term":[{"taxonomy":"category","embeddable":true,"href":"https:\/\/blogsaverroes.juntadeandalucia.es\/plurilinguismodelegacionmalaga\/wp-json\/wp\/v2\/categories?post=11040"},{"taxonomy":"post_tag","embeddable":true,"href":"https:\/\/blogsaverroes.juntadeandalucia.es\/plurilinguismodelegacionmalaga\/wp-json\/wp\/v2\/tags?post=11040"}],"curies":[{"name":"wp","href":"https:\/\/api.w.org\/{rel}","templated":true}]}}