{"id":11149,"date":"2024-05-21T08:22:10","date_gmt":"2024-05-21T06:22:10","guid":{"rendered":"https:\/\/blogsaverroes.juntadeandalucia.es\/plurilinguismodelegacionmalaga\/?p=11149"},"modified":"2024-05-21T08:22:10","modified_gmt":"2024-05-21T06:22:10","slug":"alumnos-del-i-e-s-cerro-del-viento-inmersion-linguistica-en-kent-inglaterra","status":"publish","type":"post","link":"https:\/\/blogsaverroes.juntadeandalucia.es\/plurilinguismodelegacionmalaga\/2024\/05\/21\/alumnos-del-i-e-s-cerro-del-viento-inmersion-linguistica-en-kent-inglaterra\/","title":{"rendered":"Alumnos del I.E.S. Cerro del Viento &#8211; Inmersi\u00f3n ling\u00fc\u00edstica en Kent, Inglaterra"},"content":{"rendered":"<p><span style=\"font-family: verdana, geneva, sans-serif\">Del 5 al 12 de mayo de 2024 un total de 41 alumnos y alumnas de 3.\u00ba de E.S.O. del I.E.S. Cerro del Viento de Benalm\u00e1dena, junto a tres profesores han completado una semana de Inmersi\u00f3n Ling\u00fc\u00edstica en la escuela <em>Kent School of English<\/em> de la localidad de Broadstairs, Gran Breta\u00f1a, con la ayuda organizativa de<em> Stand Up Education<\/em> y de la Coordinaci\u00f3n Biling\u00fce m\u00e1s el Departamento de Ingl\u00e9s. Se han alojado en familias y han tenido un programa de actividades culturales que les ha permitido visitar Rochester, Broadstaris, Margate, Dover, Canterbury y Londres. Les ha acompa\u00f1ado un inmejorable tiempo que les ha permitido disfrutar al m\u00e1ximo de esta experiencia.&nbsp;<\/span><\/p>\n<div class=\"_a9zs\">\n<h1 class=\"_ap3a _aaco _aacu _aacx _aad7 _aade\" dir=\"auto\"><img loading=\"lazy\" decoding=\"async\" class=\"wp-image-11150 alignleft\" src=\"https:\/\/blogsaverroes.juntadeandalucia.es\/plurilinguismodelegacionmalaga\/files\/2024\/05\/WhatsApp-Image-2024-05-09-at-12.35.27-2-240x300.jpeg\" alt=\"\" width=\"317\" height=\"396\" srcset=\"https:\/\/blogsaverroes.juntadeandalucia.es\/plurilinguismodelegacionmalaga\/files\/2024\/05\/WhatsApp-Image-2024-05-09-at-12.35.27-2-240x300.jpeg 240w, https:\/\/blogsaverroes.juntadeandalucia.es\/plurilinguismodelegacionmalaga\/files\/2024\/05\/WhatsApp-Image-2024-05-09-at-12.35.27-2-819x1024.jpeg 819w, https:\/\/blogsaverroes.juntadeandalucia.es\/plurilinguismodelegacionmalaga\/files\/2024\/05\/WhatsApp-Image-2024-05-09-at-12.35.27-2-768x960.jpeg 768w, https:\/\/blogsaverroes.juntadeandalucia.es\/plurilinguismodelegacionmalaga\/files\/2024\/05\/WhatsApp-Image-2024-05-09-at-12.35.27-2-1229x1536.jpeg 1229w, https:\/\/blogsaverroes.juntadeandalucia.es\/plurilinguismodelegacionmalaga\/files\/2024\/05\/WhatsApp-Image-2024-05-09-at-12.35.27-2.jpeg 1280w\" sizes=\"(max-width: 317px) 100vw, 317px\" \/>&nbsp;&nbsp;<img loading=\"lazy\" decoding=\"async\" class=\"wp-image-11151 alignleft\" style=\"font-size: 16px\" src=\"https:\/\/blogsaverroes.juntadeandalucia.es\/plurilinguismodelegacionmalaga\/files\/2024\/05\/WhatsApp-Image-2024-05-09-at-12.35.27-1-169x300.jpeg\" alt=\"\" width=\"278\" height=\"494\" srcset=\"https:\/\/blogsaverroes.juntadeandalucia.es\/plurilinguismodelegacionmalaga\/files\/2024\/05\/WhatsApp-Image-2024-05-09-at-12.35.27-1-169x300.jpeg 169w, https:\/\/blogsaverroes.juntadeandalucia.es\/plurilinguismodelegacionmalaga\/files\/2024\/05\/WhatsApp-Image-2024-05-09-at-12.35.27-1-576x1024.jpeg 576w, https:\/\/blogsaverroes.juntadeandalucia.es\/plurilinguismodelegacionmalaga\/files\/2024\/05\/WhatsApp-Image-2024-05-09-at-12.35.27-1-768x1365.jpeg 768w, https:\/\/blogsaverroes.juntadeandalucia.es\/plurilinguismodelegacionmalaga\/files\/2024\/05\/WhatsApp-Image-2024-05-09-at-12.35.27-1-864x1536.jpeg 864w, https:\/\/blogsaverroes.juntadeandalucia.es\/plurilinguismodelegacionmalaga\/files\/2024\/05\/WhatsApp-Image-2024-05-09-at-12.35.27-1.jpeg 1134w\" sizes=\"(max-width: 278px) 100vw, 278px\" \/><\/h1>\n<h1 class=\"_ap3a _aaco _aacu _aacx _aad7 _aade\" dir=\"auto\"><img loading=\"lazy\" decoding=\"async\" class=\"wp-image-11152 aligncenter\" style=\"font-size: 16px\" src=\"https:\/\/blogsaverroes.juntadeandalucia.es\/plurilinguismodelegacionmalaga\/files\/2024\/05\/WhatsApp-Image-2024-05-09-at-12.35.27-300x300.jpeg\" alt=\"\" width=\"461\" height=\"461\" srcset=\"https:\/\/blogsaverroes.juntadeandalucia.es\/plurilinguismodelegacionmalaga\/files\/2024\/05\/WhatsApp-Image-2024-05-09-at-12.35.27-300x300.jpeg 300w, https:\/\/blogsaverroes.juntadeandalucia.es\/plurilinguismodelegacionmalaga\/files\/2024\/05\/WhatsApp-Image-2024-05-09-at-12.35.27-1024x1024.jpeg 1024w, https:\/\/blogsaverroes.juntadeandalucia.es\/plurilinguismodelegacionmalaga\/files\/2024\/05\/WhatsApp-Image-2024-05-09-at-12.35.27-150x150.jpeg 150w, https:\/\/blogsaverroes.juntadeandalucia.es\/plurilinguismodelegacionmalaga\/files\/2024\/05\/WhatsApp-Image-2024-05-09-at-12.35.27-768x768.jpeg 768w, https:\/\/blogsaverroes.juntadeandalucia.es\/plurilinguismodelegacionmalaga\/files\/2024\/05\/WhatsApp-Image-2024-05-09-at-12.35.27-1536x1536.jpeg 1536w, https:\/\/blogsaverroes.juntadeandalucia.es\/plurilinguismodelegacionmalaga\/files\/2024\/05\/WhatsApp-Image-2024-05-09-at-12.35.27-80x80.jpeg 80w, https:\/\/blogsaverroes.juntadeandalucia.es\/plurilinguismodelegacionmalaga\/files\/2024\/05\/WhatsApp-Image-2024-05-09-at-12.35.27-320x320.jpeg 320w, https:\/\/blogsaverroes.juntadeandalucia.es\/plurilinguismodelegacionmalaga\/files\/2024\/05\/WhatsApp-Image-2024-05-09-at-12.35.27.jpeg 2048w\" sizes=\"(max-width: 461px) 100vw, 461px\" \/><\/h1>\n<h1 dir=\"auto\">&nbsp;<\/h1>\n<h1 class=\"_ap3a _aaco _aacu _aacx _aad7 _aade\" dir=\"auto\"><span style=\"font-size: 12pt;font-family: verdana, geneva, sans-serif\"><a href=\"https:\/\/blogsaverroes.juntadeandalucia.es\/plurilinguismodelegacionmalaga\/files\/2024\/05\/CANVA-CULTURAL-INGLATERRA.pdf\">CANVA CULTURAL INGLATERRA<\/a><\/span><\/h1>\n<\/div>\n<div class=\"x9f619 xjbqb8w x78zum5 x168nmei x13lgxp2 x5pf9jr xo71vjh x1xmf6yo x12nagc x1n2onr6 x1plvlek xryxfnj x1c4vz4f x2lah0s xdt5ytf xqjyukv x1qjc9v5 x1oa3qoh x1nhvcw1\">&nbsp;<\/div>\n","protected":false},"excerpt":{"rendered":"<p>Del 5 al 12 de mayo de 2024 un total de 41 alumnos y alumnas de 3.\u00ba de E.S.O. del I.E.S. Cerro del Viento de Benalm\u00e1dena, junto a tres profesores han completado una semana&#46;&#46;&#46;<\/p>\n","protected":false},"author":8062,"featured_media":11153,"comment_status":"open","ping_status":"open","sticky":false,"template":"","format":"standard","meta":{"ngg_post_thumbnail":0,"footnotes":""},"categories":[],"tags":[],"aioseo_notices":[],"_links":{"self":[{"href":"https:\/\/blogsaverroes.juntadeandalucia.es\/plurilinguismodelegacionmalaga\/wp-json\/wp\/v2\/posts\/11149"}],"collection":[{"href":"https:\/\/blogsaverroes.juntadeandalucia.es\/plurilinguismodelegacionmalaga\/wp-json\/wp\/v2\/posts"}],"about":[{"href":"https:\/\/blogsaverroes.juntadeandalucia.es\/plurilinguismodelegacionmalaga\/wp-json\/wp\/v2\/types\/post"}],"author":[{"embeddable":true,"href":"https:\/\/blogsaverroes.juntadeandalucia.es\/plurilinguismodelegacionmalaga\/wp-json\/wp\/v2\/users\/8062"}],"replies":[{"embeddable":true,"href":"https:\/\/blogsaverroes.juntadeandalucia.es\/plurilinguismodelegacionmalaga\/wp-json\/wp\/v2\/comments?post=11149"}],"version-history":[{"count":3,"href":"https:\/\/blogsaverroes.juntadeandalucia.es\/plurilinguismodelegacionmalaga\/wp-json\/wp\/v2\/posts\/11149\/revisions"}],"predecessor-version":[{"id":11157,"href":"https:\/\/blogsaverroes.juntadeandalucia.es\/plurilinguismodelegacionmalaga\/wp-json\/wp\/v2\/posts\/11149\/revisions\/11157"}],"wp:featuredmedia":[{"embeddable":true,"href":"https:\/\/blogsaverroes.juntadeandalucia.es\/plurilinguismodelegacionmalaga\/wp-json\/wp\/v2\/media\/11153"}],"wp:attachment":[{"href":"https:\/\/blogsaverroes.juntadeandalucia.es\/plurilinguismodelegacionmalaga\/wp-json\/wp\/v2\/media?parent=11149"}],"wp:term":[{"taxonomy":"category","embeddable":true,"href":"https:\/\/blogsaverroes.juntadeandalucia.es\/plurilinguismodelegacionmalaga\/wp-json\/wp\/v2\/categories?post=11149"},{"taxonomy":"post_tag","embeddable":true,"href":"https:\/\/blogsaverroes.juntadeandalucia.es\/plurilinguismodelegacionmalaga\/wp-json\/wp\/v2\/tags?post=11149"}],"curies":[{"name":"wp","href":"https:\/\/api.w.org\/{rel}","templated":true}]}}