{"id":11173,"date":"2024-05-22T09:47:40","date_gmt":"2024-05-22T07:47:40","guid":{"rendered":"https:\/\/blogsaverroes.juntadeandalucia.es\/plurilinguismodelegacionmalaga\/?p=11173"},"modified":"2024-05-22T10:08:54","modified_gmt":"2024-05-22T08:08:54","slug":"c-e-i-p-antonio-machado-primer-ano-de-acreditacion-erasmus","status":"publish","type":"post","link":"https:\/\/blogsaverroes.juntadeandalucia.es\/plurilinguismodelegacionmalaga\/2024\/05\/22\/c-e-i-p-antonio-machado-primer-ano-de-acreditacion-erasmus\/","title":{"rendered":"C.E.I.P. Antonio Machado, primer a\u00f1o de acreditaci\u00f3n Erasmus+"},"content":{"rendered":"<p><span style=\"font-family: verdana, geneva, sans-serif\">Con motivo de este primer a\u00f1o de acreditaci\u00f3n Erasmus+, el C.E.I.P. Antonio Machado de M\u00e1laga, ha realizado diferentes modalidades de movilidad.<\/span><\/p>\n<p><span style=\"font-family: verdana, geneva, sans-serif\">Para formaci\u00f3n del profesorado se han realizado cuatro movilidades: dos a Noruega y otras dos a Finlandia con v<img loading=\"lazy\" decoding=\"async\" class=\" wp-image-11174 alignleft\" src=\"https:\/\/blogsaverroes.juntadeandalucia.es\/plurilinguismodelegacionmalaga\/files\/2024\/05\/Machado-300x225.jpg\" alt=\"\" width=\"368\" height=\"276\" srcset=\"https:\/\/blogsaverroes.juntadeandalucia.es\/plurilinguismodelegacionmalaga\/files\/2024\/05\/Machado-300x225.jpg 300w, https:\/\/blogsaverroes.juntadeandalucia.es\/plurilinguismodelegacionmalaga\/files\/2024\/05\/Machado-1024x768.jpg 1024w, https:\/\/blogsaverroes.juntadeandalucia.es\/plurilinguismodelegacionmalaga\/files\/2024\/05\/Machado-768x576.jpg 768w, https:\/\/blogsaverroes.juntadeandalucia.es\/plurilinguismodelegacionmalaga\/files\/2024\/05\/Machado-1536x1152.jpg 1536w, https:\/\/blogsaverroes.juntadeandalucia.es\/plurilinguismodelegacionmalaga\/files\/2024\/05\/Machado.jpg 2000w\" sizes=\"(max-width: 368px) 100vw, 368px\" \/>isitas<img loading=\"lazy\" decoding=\"async\" class=\" wp-image-11175 alignright\" src=\"https:\/\/blogsaverroes.juntadeandalucia.es\/plurilinguismodelegacionmalaga\/files\/2024\/05\/maachado2-300x225.jpg\" alt=\"\" width=\"339\" height=\"254\" srcset=\"https:\/\/blogsaverroes.juntadeandalucia.es\/plurilinguismodelegacionmalaga\/files\/2024\/05\/maachado2-300x225.jpg 300w, https:\/\/blogsaverroes.juntadeandalucia.es\/plurilinguismodelegacionmalaga\/files\/2024\/05\/maachado2-1024x768.jpg 1024w, https:\/\/blogsaverroes.juntadeandalucia.es\/plurilinguismodelegacionmalaga\/files\/2024\/05\/maachado2-768x576.jpg 768w, https:\/\/blogsaverroes.juntadeandalucia.es\/plurilinguismodelegacionmalaga\/files\/2024\/05\/maachado2-1536x1152.jpg 1536w, https:\/\/blogsaverroes.juntadeandalucia.es\/plurilinguismodelegacionmalaga\/files\/2024\/05\/maachado2.jpg 1600w\" sizes=\"(max-width: 339px) 100vw, 339px\" \/> estructuradas para conocer el sistema educativo de esos pa\u00edses.<\/span><\/p>\n<p>&nbsp;<\/p>\n<p><span style=\"font-family: verdana, geneva, sans-serif\">En relaci\u00f3n al alumnado, han viajado en febrero hasta Gulbene (Letonia) con 6 alumnos de 6.\u00ba de Educaci\u00f3n Primaria, donde han podido convivir y compartir experiencias educativas y culturales con ellos.<\/span><\/p>\n<p><img loading=\"lazy\" decoding=\"async\" class=\" wp-image-11179 alignright\" style=\"font-family: verdana, geneva, sans-serif\" src=\"https:\/\/blogsaverroes.juntadeandalucia.es\/plurilinguismodelegacionmalaga\/files\/2024\/05\/Machado4-300x225.jpg\" alt=\"\" width=\"338\" height=\"254\" srcset=\"https:\/\/blogsaverroes.juntadeandalucia.es\/plurilinguismodelegacionmalaga\/files\/2024\/05\/Machado4-300x225.jpg 300w, https:\/\/blogsaverroes.juntadeandalucia.es\/plurilinguismodelegacionmalaga\/files\/2024\/05\/Machado4-1024x768.jpg 1024w, https:\/\/blogsaverroes.juntadeandalucia.es\/plurilinguismodelegacionmalaga\/files\/2024\/05\/Machado4-768x576.jpg 768w, https:\/\/blogsaverroes.juntadeandalucia.es\/plurilinguismodelegacionmalaga\/files\/2024\/05\/Machado4-1536x1152.jpg 1536w, https:\/\/blogsaverroes.juntadeandalucia.es\/plurilinguismodelegacionmalaga\/files\/2024\/05\/Machado4.jpg 1600w\" sizes=\"(max-width: 338px) 100vw, 338px\" \/><span style=\"font-family: verdana, geneva, sans-serif\">El pasado 5 de mayo fue el C.E.I.P. Antonio Machado el centro anfitri\u00f3n de un grupo de ocho alumnos de Gulbene.&nbsp;<\/span><span style=\"font-family: verdana, geneva, sans-serif\">Ha sido una semana muy intensa y emotiva porque ya se han creado lazos importantes tanto con el profesorado, alumnado como con las familias.<\/span><\/p>\n<p><span style=\"font-family: verdana, geneva, sans-serif\">Se han llevado a cabo talleres muy interesantes: uno sobre Picasso, el cubismo y la m\u00fasica, otro multisensorial de plantas arom\u00e1ticas, pintado de camisetas, juegos cooperativos, etc\u00e9tera.<\/span><\/p>\n<p><img loading=\"lazy\" decoding=\"async\" class=\"alignnone wp-image-11178\" src=\"https:\/\/blogsaverroes.juntadeandalucia.es\/plurilinguismodelegacionmalaga\/files\/2024\/05\/Machado5-225x300.jpg\" alt=\"\" width=\"363\" height=\"484\" srcset=\"https:\/\/blogsaverroes.juntadeandalucia.es\/plurilinguismodelegacionmalaga\/files\/2024\/05\/Machado5-225x300.jpg 225w, https:\/\/blogsaverroes.juntadeandalucia.es\/plurilinguismodelegacionmalaga\/files\/2024\/05\/Machado5-768x1024.jpg 768w, https:\/\/blogsaverroes.juntadeandalucia.es\/plurilinguismodelegacionmalaga\/files\/2024\/05\/Machado5-1152x1536.jpg 1152w, https:\/\/blogsaverroes.juntadeandalucia.es\/plurilinguismodelegacionmalaga\/files\/2024\/05\/Machado5.jpg 1200w\" sizes=\"(max-width: 363px) 100vw, 363px\" \/><img loading=\"lazy\" decoding=\"async\" class=\"wp-image-11177 alignright\" src=\"https:\/\/blogsaverroes.juntadeandalucia.es\/plurilinguismodelegacionmalaga\/files\/2024\/05\/Machado6-300x226.jpg\" alt=\"\" width=\"470\" height=\"354\" srcset=\"https:\/\/blogsaverroes.juntadeandalucia.es\/plurilinguismodelegacionmalaga\/files\/2024\/05\/Machado6-300x226.jpg 300w, https:\/\/blogsaverroes.juntadeandalucia.es\/plurilinguismodelegacionmalaga\/files\/2024\/05\/Machado6-1024x771.jpg 1024w, https:\/\/blogsaverroes.juntadeandalucia.es\/plurilinguismodelegacionmalaga\/files\/2024\/05\/Machado6-768x578.jpg 768w, https:\/\/blogsaverroes.juntadeandalucia.es\/plurilinguismodelegacionmalaga\/files\/2024\/05\/Machado6-1536x1157.jpg 1536w, https:\/\/blogsaverroes.juntadeandalucia.es\/plurilinguismodelegacionmalaga\/files\/2024\/05\/Machado6.jpg 2040w\" sizes=\"(max-width: 470px) 100vw, 470px\" \/><\/p>\n<p><span style=\"font-family: verdana, geneva, sans-serif\">Como broche final de la semana el centro fue invitado invitado por el Ayuntamiento de M\u00e1laga a celebrar el d\u00eda de la Uni\u00f3n Europea con Don Francisco De la Torre, concejales y el cuerpo consular.<\/span><\/p>\n<p><span style=\"font-family: verdana, geneva, sans-serif\">All\u00ed, el alumnado pudo intervenir hablando de lo que para ellos significaba la Uni\u00f3n Europea y los proyectos Erasmus+.&nbsp;<\/span><\/p>\n<p style=\"text-align: center\"><span style=\"font-size: 14pt;font-family: verdana, geneva, sans-serif\">\u00a1Enhorabuena!<\/span><\/p>\n<p>&nbsp;<\/p>\n<p><img loading=\"lazy\" decoding=\"async\" class=\" wp-image-11176 aligncenter\" src=\"https:\/\/blogsaverroes.juntadeandalucia.es\/plurilinguismodelegacionmalaga\/files\/2024\/05\/Machado7-300x225.jpg\" alt=\"\" width=\"439\" height=\"329\" srcset=\"https:\/\/blogsaverroes.juntadeandalucia.es\/plurilinguismodelegacionmalaga\/files\/2024\/05\/Machado7-300x225.jpg 300w, https:\/\/blogsaverroes.juntadeandalucia.es\/plurilinguismodelegacionmalaga\/files\/2024\/05\/Machado7-1024x768.jpg 1024w, https:\/\/blogsaverroes.juntadeandalucia.es\/plurilinguismodelegacionmalaga\/files\/2024\/05\/Machado7-768x576.jpg 768w, https:\/\/blogsaverroes.juntadeandalucia.es\/plurilinguismodelegacionmalaga\/files\/2024\/05\/Machado7-1536x1152.jpg 1536w, https:\/\/blogsaverroes.juntadeandalucia.es\/plurilinguismodelegacionmalaga\/files\/2024\/05\/Machado7.jpg 1600w\" sizes=\"(max-width: 439px) 100vw, 439px\" \/><\/p>\n<p>&nbsp;&nbsp; &nbsp;<\/p>\n<p>&nbsp;<\/p>\n","protected":false},"excerpt":{"rendered":"<p>Con motivo de este primer a\u00f1o de acreditaci\u00f3n Erasmus+, el C.E.I.P. Antonio Machado de M\u00e1laga, ha realizado diferentes modalidades de movilidad. Para formaci\u00f3n del profesorado se han realizado cuatro movilidades: dos a Noruega y&#46;&#46;&#46;<\/p>\n","protected":false},"author":8062,"featured_media":11180,"comment_status":"open","ping_status":"open","sticky":false,"template":"","format":"standard","meta":{"ngg_post_thumbnail":0,"footnotes":""},"categories":[],"tags":[],"aioseo_notices":[],"_links":{"self":[{"href":"https:\/\/blogsaverroes.juntadeandalucia.es\/plurilinguismodelegacionmalaga\/wp-json\/wp\/v2\/posts\/11173"}],"collection":[{"href":"https:\/\/blogsaverroes.juntadeandalucia.es\/plurilinguismodelegacionmalaga\/wp-json\/wp\/v2\/posts"}],"about":[{"href":"https:\/\/blogsaverroes.juntadeandalucia.es\/plurilinguismodelegacionmalaga\/wp-json\/wp\/v2\/types\/post"}],"author":[{"embeddable":true,"href":"https:\/\/blogsaverroes.juntadeandalucia.es\/plurilinguismodelegacionmalaga\/wp-json\/wp\/v2\/users\/8062"}],"replies":[{"embeddable":true,"href":"https:\/\/blogsaverroes.juntadeandalucia.es\/plurilinguismodelegacionmalaga\/wp-json\/wp\/v2\/comments?post=11173"}],"version-history":[{"count":3,"href":"https:\/\/blogsaverroes.juntadeandalucia.es\/plurilinguismodelegacionmalaga\/wp-json\/wp\/v2\/posts\/11173\/revisions"}],"predecessor-version":[{"id":11183,"href":"https:\/\/blogsaverroes.juntadeandalucia.es\/plurilinguismodelegacionmalaga\/wp-json\/wp\/v2\/posts\/11173\/revisions\/11183"}],"wp:featuredmedia":[{"embeddable":true,"href":"https:\/\/blogsaverroes.juntadeandalucia.es\/plurilinguismodelegacionmalaga\/wp-json\/wp\/v2\/media\/11180"}],"wp:attachment":[{"href":"https:\/\/blogsaverroes.juntadeandalucia.es\/plurilinguismodelegacionmalaga\/wp-json\/wp\/v2\/media?parent=11173"}],"wp:term":[{"taxonomy":"category","embeddable":true,"href":"https:\/\/blogsaverroes.juntadeandalucia.es\/plurilinguismodelegacionmalaga\/wp-json\/wp\/v2\/categories?post=11173"},{"taxonomy":"post_tag","embeddable":true,"href":"https:\/\/blogsaverroes.juntadeandalucia.es\/plurilinguismodelegacionmalaga\/wp-json\/wp\/v2\/tags?post=11173"}],"curies":[{"name":"wp","href":"https:\/\/api.w.org\/{rel}","templated":true}]}}