{"id":11192,"date":"2024-05-23T11:44:38","date_gmt":"2024-05-23T09:44:38","guid":{"rendered":"https:\/\/blogsaverroes.juntadeandalucia.es\/plurilinguismodelegacionmalaga\/?p=11192"},"modified":"2024-05-23T11:44:38","modified_gmt":"2024-05-23T09:44:38","slug":"resolucion-de-22-de-mayo-de-2024-pec-b2-ee-oo-ii","status":"publish","type":"post","link":"https:\/\/blogsaverroes.juntadeandalucia.es\/plurilinguismodelegacionmalaga\/2024\/05\/23\/resolucion-de-22-de-mayo-de-2024-pec-b2-ee-oo-ii\/","title":{"rendered":"Resoluci\u00f3n de 22 de mayo de 2024, PEC B2 EE.OO.II."},"content":{"rendered":"<p>Publicada la Resoluci\u00f3n de 22 de mayo de 2024, de la Direcci\u00f3n General de Ordenaci\u00f3n, Inclusi\u00f3n, Participaci\u00f3n y Evaluaci\u00f3n Educativa, por la que se regula el procedimiento para la obtenci\u00f3n del Certificado de Nivel Intermedio B2 para el alumnado que cursa Bachillerato Biling\u00fce y Pluriling\u00fce y se establece la colaboraci\u00f3n con las Escuelas Oficiales de Idiomas y los centros docentes durante el curso 2024\/2025<\/p>\n<p><a href=\"https:\/\/blogsaverroes.juntadeandalucia.es\/plurilinguismodelegacionmalaga\/files\/2024\/05\/Resolucion-22-de-mayo-PEC-BachillF.pdf\">Resoluci\u00f3n 22 de mayo PEC Bachill(F)<\/a><\/p>\n","protected":false},"excerpt":{"rendered":"<p>Publicada la Resoluci\u00f3n de 22 de mayo de 2024, de la Direcci\u00f3n General de Ordenaci\u00f3n, Inclusi\u00f3n, Participaci\u00f3n y Evaluaci\u00f3n Educativa, por la que se regula el procedimiento para la obtenci\u00f3n del Certificado de Nivel&#46;&#46;&#46;<\/p>\n","protected":false},"author":8062,"featured_media":11194,"comment_status":"open","ping_status":"open","sticky":false,"template":"","format":"standard","meta":{"ngg_post_thumbnail":0,"footnotes":""},"categories":[],"tags":[],"aioseo_notices":[],"_links":{"self":[{"href":"https:\/\/blogsaverroes.juntadeandalucia.es\/plurilinguismodelegacionmalaga\/wp-json\/wp\/v2\/posts\/11192"}],"collection":[{"href":"https:\/\/blogsaverroes.juntadeandalucia.es\/plurilinguismodelegacionmalaga\/wp-json\/wp\/v2\/posts"}],"about":[{"href":"https:\/\/blogsaverroes.juntadeandalucia.es\/plurilinguismodelegacionmalaga\/wp-json\/wp\/v2\/types\/post"}],"author":[{"embeddable":true,"href":"https:\/\/blogsaverroes.juntadeandalucia.es\/plurilinguismodelegacionmalaga\/wp-json\/wp\/v2\/users\/8062"}],"replies":[{"embeddable":true,"href":"https:\/\/blogsaverroes.juntadeandalucia.es\/plurilinguismodelegacionmalaga\/wp-json\/wp\/v2\/comments?post=11192"}],"version-history":[{"count":2,"href":"https:\/\/blogsaverroes.juntadeandalucia.es\/plurilinguismodelegacionmalaga\/wp-json\/wp\/v2\/posts\/11192\/revisions"}],"predecessor-version":[{"id":11196,"href":"https:\/\/blogsaverroes.juntadeandalucia.es\/plurilinguismodelegacionmalaga\/wp-json\/wp\/v2\/posts\/11192\/revisions\/11196"}],"wp:featuredmedia":[{"embeddable":true,"href":"https:\/\/blogsaverroes.juntadeandalucia.es\/plurilinguismodelegacionmalaga\/wp-json\/wp\/v2\/media\/11194"}],"wp:attachment":[{"href":"https:\/\/blogsaverroes.juntadeandalucia.es\/plurilinguismodelegacionmalaga\/wp-json\/wp\/v2\/media?parent=11192"}],"wp:term":[{"taxonomy":"category","embeddable":true,"href":"https:\/\/blogsaverroes.juntadeandalucia.es\/plurilinguismodelegacionmalaga\/wp-json\/wp\/v2\/categories?post=11192"},{"taxonomy":"post_tag","embeddable":true,"href":"https:\/\/blogsaverroes.juntadeandalucia.es\/plurilinguismodelegacionmalaga\/wp-json\/wp\/v2\/tags?post=11192"}],"curies":[{"name":"wp","href":"https:\/\/api.w.org\/{rel}","templated":true}]}}