{"id":11198,"date":"2024-05-24T14:09:00","date_gmt":"2024-05-24T12:09:00","guid":{"rendered":"https:\/\/blogsaverroes.juntadeandalucia.es\/plurilinguismodelegacionmalaga\/?p=11198"},"modified":"2024-05-24T14:09:00","modified_gmt":"2024-05-24T12:09:00","slug":"alumnado-del-i-e-s-miraya-del-mar-de-intercambio-en-londres","status":"publish","type":"post","link":"https:\/\/blogsaverroes.juntadeandalucia.es\/plurilinguismodelegacionmalaga\/2024\/05\/24\/alumnado-del-i-e-s-miraya-del-mar-de-intercambio-en-londres\/","title":{"rendered":"Alumnado del I.E.S. Miraya del Mar de intercambio en Londres"},"content":{"rendered":"<p><span style=\"font-family: verdana, geneva, sans-serif\">22 alumnos de 2.\u00ba ESO del I.E.S. Miraya del Mar de Torre del Mar han pasado, junto con los profesores de ingl\u00e9s Victoria Fern\u00e1ndez y Andr\u00e9s Jim\u00e9nez, una semana en Londres (9-15 mayo) como primera parte de un intercambio escolar con <em>Whitgift School<\/em>. Los estudiantes se han alojado con familias y, adem\u00e1s de asistir a clase y hacer actividades deportivas como esgrima en el centro educativo londinense, han visitado todos los monumentos, museos y lugares m\u00e1s emblem\u00e1ticos de la capital inglesa, tales como <em>Buckingham Palace<\/em>, <em>Covent Garden<\/em> y <em>Trafalgar Square<\/em>. Han tenido tambi\u00e9n la oportunidad de disfrutar de las maravillosas vistas panor\u00e1micas de la ciudad desde el <em>London Eye<\/em> y han asistido al musical <em>The Lion King<\/em>. Como segunda parte del intercambio, los estudiantes ingleses &nbsp;devolver\u00e1n la visita en junio.<\/span><\/p>\n<p><img loading=\"lazy\" decoding=\"async\" class=\"alignnone  wp-image-11200\" style=\"font-family: verdana, geneva, sans-serif\" src=\"https:\/\/blogsaverroes.juntadeandalucia.es\/plurilinguismodelegacionmalaga\/files\/2024\/05\/980695b6-e5b0-492d-a5ea-334c5f17267b-300x225.jpg\" alt=\"\" width=\"475\" height=\"356\" srcset=\"https:\/\/blogsaverroes.juntadeandalucia.es\/plurilinguismodelegacionmalaga\/files\/2024\/05\/980695b6-e5b0-492d-a5ea-334c5f17267b-300x225.jpg 300w, https:\/\/blogsaverroes.juntadeandalucia.es\/plurilinguismodelegacionmalaga\/files\/2024\/05\/980695b6-e5b0-492d-a5ea-334c5f17267b-1024x768.jpg 1024w, https:\/\/blogsaverroes.juntadeandalucia.es\/plurilinguismodelegacionmalaga\/files\/2024\/05\/980695b6-e5b0-492d-a5ea-334c5f17267b-768x576.jpg 768w, https:\/\/blogsaverroes.juntadeandalucia.es\/plurilinguismodelegacionmalaga\/files\/2024\/05\/980695b6-e5b0-492d-a5ea-334c5f17267b.jpg 1280w\" sizes=\"(max-width: 475px) 100vw, 475px\" \/><img loading=\"lazy\" decoding=\"async\" class=\" wp-image-11201 alignright\" style=\"font-family: verdana, geneva, sans-serif\" src=\"https:\/\/blogsaverroes.juntadeandalucia.es\/plurilinguismodelegacionmalaga\/files\/2024\/05\/7e8e94e1-dac3-46d3-8024-18111ed0ce79-300x225.jpg\" alt=\"\" width=\"477\" height=\"358\" srcset=\"https:\/\/blogsaverroes.juntadeandalucia.es\/plurilinguismodelegacionmalaga\/files\/2024\/05\/7e8e94e1-dac3-46d3-8024-18111ed0ce79-300x225.jpg 300w, https:\/\/blogsaverroes.juntadeandalucia.es\/plurilinguismodelegacionmalaga\/files\/2024\/05\/7e8e94e1-dac3-46d3-8024-18111ed0ce79-1024x768.jpg 1024w, https:\/\/blogsaverroes.juntadeandalucia.es\/plurilinguismodelegacionmalaga\/files\/2024\/05\/7e8e94e1-dac3-46d3-8024-18111ed0ce79-768x576.jpg 768w, https:\/\/blogsaverroes.juntadeandalucia.es\/plurilinguismodelegacionmalaga\/files\/2024\/05\/7e8e94e1-dac3-46d3-8024-18111ed0ce79.jpg 1280w\" sizes=\"(max-width: 477px) 100vw, 477px\" \/><\/p>\n","protected":false},"excerpt":{"rendered":"<p>22 alumnos de 2.\u00ba ESO del I.E.S. Miraya del Mar de Torre del Mar han pasado, junto con los profesores de ingl\u00e9s Victoria Fern\u00e1ndez y Andr\u00e9s Jim\u00e9nez, una semana en Londres (9-15 mayo) como&#46;&#46;&#46;<\/p>\n","protected":false},"author":8062,"featured_media":11199,"comment_status":"open","ping_status":"open","sticky":false,"template":"","format":"standard","meta":{"ngg_post_thumbnail":0,"footnotes":""},"categories":[1174746],"tags":[],"aioseo_notices":[],"_links":{"self":[{"href":"https:\/\/blogsaverroes.juntadeandalucia.es\/plurilinguismodelegacionmalaga\/wp-json\/wp\/v2\/posts\/11198"}],"collection":[{"href":"https:\/\/blogsaverroes.juntadeandalucia.es\/plurilinguismodelegacionmalaga\/wp-json\/wp\/v2\/posts"}],"about":[{"href":"https:\/\/blogsaverroes.juntadeandalucia.es\/plurilinguismodelegacionmalaga\/wp-json\/wp\/v2\/types\/post"}],"author":[{"embeddable":true,"href":"https:\/\/blogsaverroes.juntadeandalucia.es\/plurilinguismodelegacionmalaga\/wp-json\/wp\/v2\/users\/8062"}],"replies":[{"embeddable":true,"href":"https:\/\/blogsaverroes.juntadeandalucia.es\/plurilinguismodelegacionmalaga\/wp-json\/wp\/v2\/comments?post=11198"}],"version-history":[{"count":3,"href":"https:\/\/blogsaverroes.juntadeandalucia.es\/plurilinguismodelegacionmalaga\/wp-json\/wp\/v2\/posts\/11198\/revisions"}],"predecessor-version":[{"id":11204,"href":"https:\/\/blogsaverroes.juntadeandalucia.es\/plurilinguismodelegacionmalaga\/wp-json\/wp\/v2\/posts\/11198\/revisions\/11204"}],"wp:featuredmedia":[{"embeddable":true,"href":"https:\/\/blogsaverroes.juntadeandalucia.es\/plurilinguismodelegacionmalaga\/wp-json\/wp\/v2\/media\/11199"}],"wp:attachment":[{"href":"https:\/\/blogsaverroes.juntadeandalucia.es\/plurilinguismodelegacionmalaga\/wp-json\/wp\/v2\/media?parent=11198"}],"wp:term":[{"taxonomy":"category","embeddable":true,"href":"https:\/\/blogsaverroes.juntadeandalucia.es\/plurilinguismodelegacionmalaga\/wp-json\/wp\/v2\/categories?post=11198"},{"taxonomy":"post_tag","embeddable":true,"href":"https:\/\/blogsaverroes.juntadeandalucia.es\/plurilinguismodelegacionmalaga\/wp-json\/wp\/v2\/tags?post=11198"}],"curies":[{"name":"wp","href":"https:\/\/api.w.org\/{rel}","templated":true}]}}