{"id":11257,"date":"2024-06-11T08:55:57","date_gmt":"2024-06-11T06:55:57","guid":{"rendered":"https:\/\/blogsaverroes.juntadeandalucia.es\/plurilinguismodelegacionmalaga\/?p=11257"},"modified":"2024-06-11T08:55:57","modified_gmt":"2024-06-11T06:55:57","slug":"i-e-s-sierra-de-mijas-erasmus-en-alemania","status":"publish","type":"post","link":"https:\/\/blogsaverroes.juntadeandalucia.es\/plurilinguismodelegacionmalaga\/2024\/06\/11\/i-e-s-sierra-de-mijas-erasmus-en-alemania\/","title":{"rendered":"I.E.S. Sierra de Mijas &#8211; Erasmus+ en Alemania"},"content":{"rendered":"<p><span style=\"font-family: verdana, geneva, sans-serif\">En el marco del programa Erasmus+, 8 alumnos de 4.\u00ba de E.S.O. visitaron el instituto alem\u00e1n de Elz, un peque\u00f1o pueblo de interior, donde pudieron practicar ingl\u00e9s, adem\u00e1s de asistir a clases en el otro idioma y realizar actividades diversas de car\u00e1cter l\u00fadico-pedag\u00f3gico, como una gimkana en Limburg, una visita a Frankfurt o una ruta cicloturista. <\/span><\/p>\n<p><span style=\"font-family: verdana, geneva, sans-serif\"><img loading=\"lazy\" decoding=\"async\" class=\"wp-image-11258 aligncenter\" src=\"https:\/\/blogsaverroes.juntadeandalucia.es\/plurilinguismodelegacionmalaga\/files\/2024\/06\/Sierra-de-Mijas-300x225.jpg\" alt=\"\" width=\"491\" height=\"368\" srcset=\"https:\/\/blogsaverroes.juntadeandalucia.es\/plurilinguismodelegacionmalaga\/files\/2024\/06\/Sierra-de-Mijas-300x225.jpg 300w, https:\/\/blogsaverroes.juntadeandalucia.es\/plurilinguismodelegacionmalaga\/files\/2024\/06\/Sierra-de-Mijas-768x576.jpg 768w, https:\/\/blogsaverroes.juntadeandalucia.es\/plurilinguismodelegacionmalaga\/files\/2024\/06\/Sierra-de-Mijas.jpg 1024w\" sizes=\"(max-width: 491px) 100vw, 491px\" \/><\/span><\/p>\n<p><span style=\"font-family: verdana, geneva, sans-serif\">Posteriormente, un grupo de alumnos alemanes visitaron el IES Sierra de Mijas y adem\u00e1s de asistir a clases en d\u00edas alternos, realizaron varias visitas culturales por la provincia.&nbsp;<\/span><\/p>\n","protected":false},"excerpt":{"rendered":"<p>En el marco del programa Erasmus+, 8 alumnos de 4.\u00ba de E.S.O. visitaron el instituto alem\u00e1n de Elz, un peque\u00f1o pueblo de interior, donde pudieron practicar ingl\u00e9s, adem\u00e1s de asistir a clases en el&#46;&#46;&#46;<\/p>\n","protected":false},"author":8062,"featured_media":11258,"comment_status":"open","ping_status":"open","sticky":false,"template":"","format":"standard","meta":{"ngg_post_thumbnail":0,"footnotes":""},"categories":[],"tags":[21040],"aioseo_notices":[],"_links":{"self":[{"href":"https:\/\/blogsaverroes.juntadeandalucia.es\/plurilinguismodelegacionmalaga\/wp-json\/wp\/v2\/posts\/11257"}],"collection":[{"href":"https:\/\/blogsaverroes.juntadeandalucia.es\/plurilinguismodelegacionmalaga\/wp-json\/wp\/v2\/posts"}],"about":[{"href":"https:\/\/blogsaverroes.juntadeandalucia.es\/plurilinguismodelegacionmalaga\/wp-json\/wp\/v2\/types\/post"}],"author":[{"embeddable":true,"href":"https:\/\/blogsaverroes.juntadeandalucia.es\/plurilinguismodelegacionmalaga\/wp-json\/wp\/v2\/users\/8062"}],"replies":[{"embeddable":true,"href":"https:\/\/blogsaverroes.juntadeandalucia.es\/plurilinguismodelegacionmalaga\/wp-json\/wp\/v2\/comments?post=11257"}],"version-history":[{"count":1,"href":"https:\/\/blogsaverroes.juntadeandalucia.es\/plurilinguismodelegacionmalaga\/wp-json\/wp\/v2\/posts\/11257\/revisions"}],"predecessor-version":[{"id":11259,"href":"https:\/\/blogsaverroes.juntadeandalucia.es\/plurilinguismodelegacionmalaga\/wp-json\/wp\/v2\/posts\/11257\/revisions\/11259"}],"wp:featuredmedia":[{"embeddable":true,"href":"https:\/\/blogsaverroes.juntadeandalucia.es\/plurilinguismodelegacionmalaga\/wp-json\/wp\/v2\/media\/11258"}],"wp:attachment":[{"href":"https:\/\/blogsaverroes.juntadeandalucia.es\/plurilinguismodelegacionmalaga\/wp-json\/wp\/v2\/media?parent=11257"}],"wp:term":[{"taxonomy":"category","embeddable":true,"href":"https:\/\/blogsaverroes.juntadeandalucia.es\/plurilinguismodelegacionmalaga\/wp-json\/wp\/v2\/categories?post=11257"},{"taxonomy":"post_tag","embeddable":true,"href":"https:\/\/blogsaverroes.juntadeandalucia.es\/plurilinguismodelegacionmalaga\/wp-json\/wp\/v2\/tags?post=11257"}],"curies":[{"name":"wp","href":"https:\/\/api.w.org\/{rel}","templated":true}]}}