{"id":11260,"date":"2024-06-11T09:02:38","date_gmt":"2024-06-11T07:02:38","guid":{"rendered":"https:\/\/blogsaverroes.juntadeandalucia.es\/plurilinguismodelegacionmalaga\/?p=11260"},"modified":"2024-06-11T09:09:39","modified_gmt":"2024-06-11T07:09:39","slug":"i-semana-de-las-letras-en-el-i-e-s-sierra-de-mijas","status":"publish","type":"post","link":"https:\/\/blogsaverroes.juntadeandalucia.es\/plurilinguismodelegacionmalaga\/2024\/06\/11\/i-semana-de-las-letras-en-el-i-e-s-sierra-de-mijas\/","title":{"rendered":"I Semana de las Letras en el I.E.S. Sierra de Mijas"},"content":{"rendered":"<div>&nbsp;<\/div>\n<div style=\"text-align: center\"><span style=\"font-family: verdana, geneva, sans-serif\"><strong>Semana de las Letras<\/strong><\/span><\/div>\n<div>&nbsp;<\/div>\n<div><span style=\"font-family: verdana, geneva, sans-serif\">En abril de 2024, el I.E.S. Sierra de Mijas celebr\u00f3 su I Semana de las Letras, en la que el Departamento de Idiomas promovi\u00f3 acciones como un intercambio de libros usados entre el alumnado, la decoraci\u00f3n de los pelda\u00f1os de distintas escaleras con t\u00edtulos de libros en ingl\u00e9s, o la representaci\u00f3n simult\u00e1nea en varias escaleras de la conocida &#8220;escena del balc\u00f3n&#8221; de la obra de Shakespeare Romeo y Julieta, que adem\u00e1s fue interpretada en ingl\u00e9s.&nbsp;<\/span><\/div>\n<div><img loading=\"lazy\" decoding=\"async\" class=\" wp-image-11261 aligncenter\" src=\"https:\/\/blogsaverroes.juntadeandalucia.es\/plurilinguismodelegacionmalaga\/files\/2024\/06\/IMG_6997-1-300x225.jpg\" alt=\"\" width=\"388\" height=\"291\" srcset=\"https:\/\/blogsaverroes.juntadeandalucia.es\/plurilinguismodelegacionmalaga\/files\/2024\/06\/IMG_6997-1-300x225.jpg 300w, https:\/\/blogsaverroes.juntadeandalucia.es\/plurilinguismodelegacionmalaga\/files\/2024\/06\/IMG_6997-1.jpg 640w\" sizes=\"(max-width: 388px) 100vw, 388px\" \/><\/div>\n","protected":false},"excerpt":{"rendered":"<p>&nbsp; Semana de las Letras &nbsp; En abril de 2024, el I.E.S. Sierra de Mijas celebr\u00f3 su I Semana de las Letras, en la que el Departamento de Idiomas promovi\u00f3 acciones como un intercambio&#46;&#46;&#46;<\/p>\n","protected":false},"author":8062,"featured_media":11261,"comment_status":"open","ping_status":"open","sticky":false,"template":"","format":"standard","meta":{"ngg_post_thumbnail":0,"footnotes":""},"categories":[70],"tags":[],"aioseo_notices":[],"_links":{"self":[{"href":"https:\/\/blogsaverroes.juntadeandalucia.es\/plurilinguismodelegacionmalaga\/wp-json\/wp\/v2\/posts\/11260"}],"collection":[{"href":"https:\/\/blogsaverroes.juntadeandalucia.es\/plurilinguismodelegacionmalaga\/wp-json\/wp\/v2\/posts"}],"about":[{"href":"https:\/\/blogsaverroes.juntadeandalucia.es\/plurilinguismodelegacionmalaga\/wp-json\/wp\/v2\/types\/post"}],"author":[{"embeddable":true,"href":"https:\/\/blogsaverroes.juntadeandalucia.es\/plurilinguismodelegacionmalaga\/wp-json\/wp\/v2\/users\/8062"}],"replies":[{"embeddable":true,"href":"https:\/\/blogsaverroes.juntadeandalucia.es\/plurilinguismodelegacionmalaga\/wp-json\/wp\/v2\/comments?post=11260"}],"version-history":[{"count":1,"href":"https:\/\/blogsaverroes.juntadeandalucia.es\/plurilinguismodelegacionmalaga\/wp-json\/wp\/v2\/posts\/11260\/revisions"}],"predecessor-version":[{"id":11262,"href":"https:\/\/blogsaverroes.juntadeandalucia.es\/plurilinguismodelegacionmalaga\/wp-json\/wp\/v2\/posts\/11260\/revisions\/11262"}],"wp:featuredmedia":[{"embeddable":true,"href":"https:\/\/blogsaverroes.juntadeandalucia.es\/plurilinguismodelegacionmalaga\/wp-json\/wp\/v2\/media\/11261"}],"wp:attachment":[{"href":"https:\/\/blogsaverroes.juntadeandalucia.es\/plurilinguismodelegacionmalaga\/wp-json\/wp\/v2\/media?parent=11260"}],"wp:term":[{"taxonomy":"category","embeddable":true,"href":"https:\/\/blogsaverroes.juntadeandalucia.es\/plurilinguismodelegacionmalaga\/wp-json\/wp\/v2\/categories?post=11260"},{"taxonomy":"post_tag","embeddable":true,"href":"https:\/\/blogsaverroes.juntadeandalucia.es\/plurilinguismodelegacionmalaga\/wp-json\/wp\/v2\/tags?post=11260"}],"curies":[{"name":"wp","href":"https:\/\/api.w.org\/{rel}","templated":true}]}}