{"id":11280,"date":"2024-06-17T08:46:42","date_gmt":"2024-06-17T06:46:42","guid":{"rendered":"https:\/\/blogsaverroes.juntadeandalucia.es\/plurilinguismodelegacionmalaga\/?p=11280"},"modified":"2024-06-17T08:47:26","modified_gmt":"2024-06-17T06:47:26","slug":"erasmus-days-2024","status":"publish","type":"post","link":"https:\/\/blogsaverroes.juntadeandalucia.es\/plurilinguismodelegacionmalaga\/2024\/06\/17\/erasmus-days-2024\/","title":{"rendered":"\u00abErasmus Days 2024\u00bb"},"content":{"rendered":"<p>Ya est\u00e1 en marcha la edici\u00f3n de este a\u00f1o de #ErasmusDays,la campa\u00f1a de celebraci\u00f3n que pone en valor los beneficios del programa Erasmus+ de la Uni\u00f3n Europea, que este a\u00f1o cumple su 8.\u00aa edici\u00f3n. Toda la informaci\u00f3n se encuentra ya en <a href=\"http:\/\/sepie.es\/comunicacion\/redes.html\" target=\"_blank\" rel=\"noopener\">la secci\u00f3n de la web del SEPIE<\/a> dedicada a las campa\u00f1as. Se plantea superar la cifra de casi 1.000 eventos registrados en Espa\u00f1a de la edici\u00f3n del a\u00f1o pasado.<\/p>\n<p>La campa\u00f1a de #ErasmusDays es una oportunidad \u00fanica para dar visibilidad a los proyectos Erasmus+, involucrar a la comunidad educativa, llegar a la ciudadan\u00eda e implicar a los actores sociales (organizaciones de educaci\u00f3n y formaci\u00f3n, empresas, comunidades, asociaciones, responsables pol\u00edticos, medios de comunicaci\u00f3n, etc.). En&nbsp;<a href=\"http:\/\/sepie.es\/doc\/comunicacion\/publicaciones\/2024\/erasmusdays_infografia_2024.pdf\" target=\"_blank\" rel=\"noopener\">esta infograf\u00eda<\/a> podr\u00e1s encontrar m\u00e1s sobre la presente edici\u00f3n de los #ErasmusDays.<\/p>\n<p>A lo largo de seis d\u00edas,&nbsp;<strong>del 14 al 19 de octubre de 2024, #ErasmusDays<\/strong>&nbsp;busca movilizar a beneficiarios de proyectos y redes profesionales (estudiantes, docentes, formadores, familias, personal no docente, alumni\u2026), para que, a trav\u00e9s de actividades de comunicaci\u00f3n y difusi\u00f3n, compartan su experiencia de movilidad y cooperaci\u00f3n en Europa y en todo el mundo, promuevan las oportunidades financiadas por la Uni\u00f3n Europea, divulguen los&nbsp;<strong>valores&nbsp;comunes&nbsp;europeos<\/strong>&nbsp;y maximicen as\u00ed el <strong>impacto y repercusi\u00f3n de los proyecto Erasmus+<\/strong>. En 2024, con&nbsp;<strong>#ErasmusDays, \u00a1haremos que Europa brille de nuevo!<\/strong><\/p>\n<p>Esta edici\u00f3n 2024 de&nbsp;<strong>#ErasmusDays<\/strong>&nbsp;est\u00e1 enfocada no s\u00f3lo a los valores comunes europeos, sino tambi\u00e9n a las prioridades del programa Erasmus+ para 2021-2027 (inclusi\u00f3n y diversidad; transformaci\u00f3n digital; medio ambiente y lucha contra el cambio clim\u00e1tico; participaci\u00f3n en la vida democr\u00e1tica).<\/p>\n<p>Es el momento de visibilizar el programa Erasmus+ como motor de impulso y desarrollo que une diferentes pa\u00edses en torno a unos valores y metas comunes; por eso, animamos a todas las organizaciones de educaci\u00f3n y formaci\u00f3n a organizar y registrar sus actividades de difusi\u00f3n: todas las actividades, independientemente de su tem\u00e1tica, su formato y su extensi\u00f3n son&nbsp;<strong>bienvenidas, \u00a1incluso si todav\u00eda no se ha participado en un proyecto Erasmus+!<\/strong><\/p>\n<p>Desde este momento ya se pueden&nbsp;<a href=\"https:\/\/www.erasmusdays.eu\/organize-an-event\/\" target=\"_blank\" rel=\"noopener\">registrar actividades<\/a>, que ser\u00e1n validadas por la&nbsp;<strong>Agencia Nacional<\/strong>&nbsp;SEPIE y aparecer\u00e1n en el&nbsp;<a href=\"https:\/\/www.erasmusdays.eu\/\" target=\"_blank\" rel=\"noopener\">mapa de esta campa\u00f1a europea<\/a>.<\/p>\n<p>Para dar visibilidad a la participaci\u00f3n en esta iniciativa Erasmus+, invitamos tambi\u00e9n a compartir las actividades a trav\u00e9s de redes sociales (X: <a href=\"https:\/\/twitter.com\/sepiegob\/\" target=\"_blank\" rel=\"noopener\">@sepiegob<\/a>, Facebook:&nbsp;<a href=\"https:\/\/www.facebook.com\/ErasmusPlusSEPIE\" target=\"_blank\" rel=\"noopener\">@ErasmusPlusSEPIE<\/a>, Instagram:&nbsp;<a href=\"https:\/\/www.instagram.com\/sepie_gob\/\" target=\"_blank\" rel=\"noopener\">@sepie_gob<\/a>; TikTok:&nbsp;<a href=\"https:\/\/www.instagram.com\/sepie_gob\/\" target=\"_blank\" rel=\"noopener\">@sepiegob<\/a>; LinkedIn&nbsp;<a href=\"https:\/\/www.linkedin.com\/company\/servicio-espa%C3%B1ol-para-la-internacionalizaci%C3%B3n-de-la-educaci%C3%B3n-sepie\" target=\"_blank\" rel=\"noopener\">LinkedIn<\/a>), y para ello hay que&nbsp;<strong>etiquetar y mencionar a la Agencia Nacional SEPIE y utilizar #ErasmusDays<\/strong>&nbsp;en las publicaciones en redes sociales.<\/p>\n<p>Todos los&nbsp;<a href=\"http:\/\/sepie.es\/doc\/comunicacion\/erasmusdays\/2024\/Kit_Comunicacion_ErasmusDays2024.zip\" target=\"_blank\" rel=\"noopener\">materiales de comunicaci\u00f3n y difusi\u00f3n<\/a>&nbsp;de esta edici\u00f3n (banners para web y redes sociales, logotipos, plantillas, etc.) est\u00e1n disponibles para usarlos y planificar ya las actividades para los&nbsp;<strong>#ErasmusDays<\/strong>.<\/p>\n","protected":false},"excerpt":{"rendered":"<p>Ya est\u00e1 en marcha la edici\u00f3n de este a\u00f1o de #ErasmusDays,la campa\u00f1a de celebraci\u00f3n que pone en valor los beneficios del programa Erasmus+ de la Uni\u00f3n Europea, que este a\u00f1o cumple su 8.\u00aa edici\u00f3n.&#46;&#46;&#46;<\/p>\n","protected":false},"author":8062,"featured_media":11281,"comment_status":"open","ping_status":"open","sticky":false,"template":"","format":"standard","meta":{"ngg_post_thumbnail":0,"footnotes":""},"categories":[70],"tags":[21040],"aioseo_notices":[],"_links":{"self":[{"href":"https:\/\/blogsaverroes.juntadeandalucia.es\/plurilinguismodelegacionmalaga\/wp-json\/wp\/v2\/posts\/11280"}],"collection":[{"href":"https:\/\/blogsaverroes.juntadeandalucia.es\/plurilinguismodelegacionmalaga\/wp-json\/wp\/v2\/posts"}],"about":[{"href":"https:\/\/blogsaverroes.juntadeandalucia.es\/plurilinguismodelegacionmalaga\/wp-json\/wp\/v2\/types\/post"}],"author":[{"embeddable":true,"href":"https:\/\/blogsaverroes.juntadeandalucia.es\/plurilinguismodelegacionmalaga\/wp-json\/wp\/v2\/users\/8062"}],"replies":[{"embeddable":true,"href":"https:\/\/blogsaverroes.juntadeandalucia.es\/plurilinguismodelegacionmalaga\/wp-json\/wp\/v2\/comments?post=11280"}],"version-history":[{"count":2,"href":"https:\/\/blogsaverroes.juntadeandalucia.es\/plurilinguismodelegacionmalaga\/wp-json\/wp\/v2\/posts\/11280\/revisions"}],"predecessor-version":[{"id":11283,"href":"https:\/\/blogsaverroes.juntadeandalucia.es\/plurilinguismodelegacionmalaga\/wp-json\/wp\/v2\/posts\/11280\/revisions\/11283"}],"wp:featuredmedia":[{"embeddable":true,"href":"https:\/\/blogsaverroes.juntadeandalucia.es\/plurilinguismodelegacionmalaga\/wp-json\/wp\/v2\/media\/11281"}],"wp:attachment":[{"href":"https:\/\/blogsaverroes.juntadeandalucia.es\/plurilinguismodelegacionmalaga\/wp-json\/wp\/v2\/media?parent=11280"}],"wp:term":[{"taxonomy":"category","embeddable":true,"href":"https:\/\/blogsaverroes.juntadeandalucia.es\/plurilinguismodelegacionmalaga\/wp-json\/wp\/v2\/categories?post=11280"},{"taxonomy":"post_tag","embeddable":true,"href":"https:\/\/blogsaverroes.juntadeandalucia.es\/plurilinguismodelegacionmalaga\/wp-json\/wp\/v2\/tags?post=11280"}],"curies":[{"name":"wp","href":"https:\/\/api.w.org\/{rel}","templated":true}]}}