{"id":11370,"date":"2024-09-24T08:30:11","date_gmt":"2024-09-24T06:30:11","guid":{"rendered":"https:\/\/blogsaverroes.juntadeandalucia.es\/plurilinguismodelegacionmalaga\/?p=11370"},"modified":"2024-09-24T08:30:11","modified_gmt":"2024-09-24T06:30:11","slug":"picasso-mob-i-e-s-canovas-del-castillo","status":"publish","type":"post","link":"https:\/\/blogsaverroes.juntadeandalucia.es\/plurilinguismodelegacionmalaga\/2024\/09\/24\/picasso-mob-i-e-s-canovas-del-castillo\/","title":{"rendered":"Picasso Mob I.E.S. C\u00e1novas del Castillo"},"content":{"rendered":"<p dir=\"ltr\"><span style=\"font-family: verdana, geneva, sans-serif\">Durante este curso, seis alumnos de 1.\u00ba de Bachibac del I.E.S. C\u00e1novas del Castillo participan en el Programa <em>PicassoMob<\/em> con dos centros de Lyon, el <em>Lyc\u00e9e Amp\u00e8re<\/em> y el <em>Lyc\u00e9e Jean-Paul Sartre &#8211; Bron<\/em>.<\/span><\/p>\n<p dir=\"ltr\"><span style=\"font-family: verdana, geneva, sans-serif\">Los alumnos espa\u00f1oles estudiar\u00e1n en Francia durante un mes, del 16 de septiembre al 11 de octubre y los alumnos franceses vendr\u00e1n del 28 de octubre al 22 de noviembre.<\/span><\/p>\n<p dir=\"ltr\"><span style=\"font-family: verdana, geneva, sans-serif\">Las fotos son d<img loading=\"lazy\" decoding=\"async\" class=\" wp-image-11371 alignright\" src=\"https:\/\/blogsaverroes.juntadeandalucia.es\/plurilinguismodelegacionmalaga\/files\/2024\/09\/2024.09.17-LycAmpere1-225x300.jpg\" alt=\"\" width=\"312\" height=\"416\" srcset=\"https:\/\/blogsaverroes.juntadeandalucia.es\/plurilinguismodelegacionmalaga\/files\/2024\/09\/2024.09.17-LycAmpere1-225x300.jpg 225w, https:\/\/blogsaverroes.juntadeandalucia.es\/plurilinguismodelegacionmalaga\/files\/2024\/09\/2024.09.17-LycAmpere1-768x1024.jpg 768w, https:\/\/blogsaverroes.juntadeandalucia.es\/plurilinguismodelegacionmalaga\/files\/2024\/09\/2024.09.17-LycAmpere1-1152x1536.jpg 1152w, https:\/\/blogsaverroes.juntadeandalucia.es\/plurilinguismodelegacionmalaga\/files\/2024\/09\/2024.09.17-LycAmpere1.jpg 1200w\" sizes=\"(max-width: 312px) 100vw, 312px\" \/>el primer d\u00eda de clase de los cuatro alumnos que estudian en el <em>Lyc\u00e9e Amp\u00e8re<\/em>.<\/span><\/p>\n","protected":false},"excerpt":{"rendered":"<p>Durante este curso, seis alumnos de 1.\u00ba de Bachibac del I.E.S. C\u00e1novas del Castillo participan en el Programa PicassoMob con dos centros de Lyon, el Lyc\u00e9e Amp\u00e8re y el Lyc\u00e9e Jean-Paul Sartre &#8211; Bron.&#46;&#46;&#46;<\/p>\n","protected":false},"author":8062,"featured_media":11372,"comment_status":"open","ping_status":"open","sticky":false,"template":"","format":"standard","meta":{"ngg_post_thumbnail":0,"footnotes":""},"categories":[2284891,2284904],"tags":[],"aioseo_notices":[],"_links":{"self":[{"href":"https:\/\/blogsaverroes.juntadeandalucia.es\/plurilinguismodelegacionmalaga\/wp-json\/wp\/v2\/posts\/11370"}],"collection":[{"href":"https:\/\/blogsaverroes.juntadeandalucia.es\/plurilinguismodelegacionmalaga\/wp-json\/wp\/v2\/posts"}],"about":[{"href":"https:\/\/blogsaverroes.juntadeandalucia.es\/plurilinguismodelegacionmalaga\/wp-json\/wp\/v2\/types\/post"}],"author":[{"embeddable":true,"href":"https:\/\/blogsaverroes.juntadeandalucia.es\/plurilinguismodelegacionmalaga\/wp-json\/wp\/v2\/users\/8062"}],"replies":[{"embeddable":true,"href":"https:\/\/blogsaverroes.juntadeandalucia.es\/plurilinguismodelegacionmalaga\/wp-json\/wp\/v2\/comments?post=11370"}],"version-history":[{"count":3,"href":"https:\/\/blogsaverroes.juntadeandalucia.es\/plurilinguismodelegacionmalaga\/wp-json\/wp\/v2\/posts\/11370\/revisions"}],"predecessor-version":[{"id":11375,"href":"https:\/\/blogsaverroes.juntadeandalucia.es\/plurilinguismodelegacionmalaga\/wp-json\/wp\/v2\/posts\/11370\/revisions\/11375"}],"wp:featuredmedia":[{"embeddable":true,"href":"https:\/\/blogsaverroes.juntadeandalucia.es\/plurilinguismodelegacionmalaga\/wp-json\/wp\/v2\/media\/11372"}],"wp:attachment":[{"href":"https:\/\/blogsaverroes.juntadeandalucia.es\/plurilinguismodelegacionmalaga\/wp-json\/wp\/v2\/media?parent=11370"}],"wp:term":[{"taxonomy":"category","embeddable":true,"href":"https:\/\/blogsaverroes.juntadeandalucia.es\/plurilinguismodelegacionmalaga\/wp-json\/wp\/v2\/categories?post=11370"},{"taxonomy":"post_tag","embeddable":true,"href":"https:\/\/blogsaverroes.juntadeandalucia.es\/plurilinguismodelegacionmalaga\/wp-json\/wp\/v2\/tags?post=11370"}],"curies":[{"name":"wp","href":"https:\/\/api.w.org\/{rel}","templated":true}]}}