{"id":11415,"date":"2024-10-30T09:28:30","date_gmt":"2024-10-30T08:28:30","guid":{"rendered":"https:\/\/blogsaverroes.juntadeandalucia.es\/plurilinguismodelegacionmalaga\/?p=11415"},"modified":"2024-10-30T10:06:05","modified_gmt":"2024-10-30T09:06:05","slug":"movilidad-erasmus-cofinanciada-por-la-union-europea-de-10-alumnos-del-i-e-s-huelin-al-centro-sueco-rinmangymnasiet-en-eskilstuna","status":"publish","type":"post","link":"https:\/\/blogsaverroes.juntadeandalucia.es\/plurilinguismodelegacionmalaga\/2024\/10\/30\/movilidad-erasmus-cofinanciada-por-la-union-europea-de-10-alumnos-del-i-e-s-huelin-al-centro-sueco-rinmangymnasiet-en-eskilstuna\/","title":{"rendered":"Movilidad Erasmus+, cofinanciada por la Uni\u00f3n Europea, de 10 alumnos del I.E.S. Huelin al centro sueco \u00abRinmangymnasiet\u00bb en Eskilstuna"},"content":{"rendered":"<p>Diez alumnos, de 3.\u00ba y 4\u00ba de E.S.O. y de 1.\u00ba y 2.\u00ba de Bachillerato, acompa\u00f1ados de los profesores Araceli Mart\u00edn y Emilio Guzm\u00e1n del I.E.S. Huelin han realizado una movilidad de grupo Erasmus+ al centro sueco <em>Rinmangymnasiet<\/em> en Eskilstuna desde el 28 de septiembre al 5 de octubre de 2024. Durante la estancia han coincidido con un instituto alem\u00e1n. Entre las actividades realizadas podemos destacar las siguientes:<\/p>\n<p>1) Actividades de multijuegos y barbacoa de convivencia en la reserva natural de Vilsta;<\/p>\n<p><img loading=\"lazy\" decoding=\"async\" class=\"alignnone wp-image-11417\" src=\"https:\/\/blogsaverroes.juntadeandalucia.es\/plurilinguismodelegacionmalaga\/files\/2024\/10\/2-museo-Tekniska-225x300.jpg\" alt=\"\" width=\"349\" height=\"465\" srcset=\"https:\/\/blogsaverroes.juntadeandalucia.es\/plurilinguismodelegacionmalaga\/files\/2024\/10\/2-museo-Tekniska-225x300.jpg 225w, https:\/\/blogsaverroes.juntadeandalucia.es\/plurilinguismodelegacionmalaga\/files\/2024\/10\/2-museo-Tekniska-768x1024.jpg 768w, https:\/\/blogsaverroes.juntadeandalucia.es\/plurilinguismodelegacionmalaga\/files\/2024\/10\/2-museo-Tekniska.jpg 1080w\" sizes=\"(max-width: 349px) 100vw, 349px\" \/><img loading=\"lazy\" decoding=\"async\" class=\"wp-image-11418 alignright\" src=\"https:\/\/blogsaverroes.juntadeandalucia.es\/plurilinguismodelegacionmalaga\/files\/2024\/10\/3-museo-Munkstell-225x300.jpg\" alt=\"\" width=\"369\" height=\"492\" srcset=\"https:\/\/blogsaverroes.juntadeandalucia.es\/plurilinguismodelegacionmalaga\/files\/2024\/10\/3-museo-Munkstell-225x300.jpg 225w, https:\/\/blogsaverroes.juntadeandalucia.es\/plurilinguismodelegacionmalaga\/files\/2024\/10\/3-museo-Munkstell-768x1024.jpg 768w, https:\/\/blogsaverroes.juntadeandalucia.es\/plurilinguismodelegacionmalaga\/files\/2024\/10\/3-museo-Munkstell-1152x1536.jpg 1152w, https:\/\/blogsaverroes.juntadeandalucia.es\/plurilinguismodelegacionmalaga\/files\/2024\/10\/3-museo-Munkstell-1536x2048.jpg 1536w, https:\/\/blogsaverroes.juntadeandalucia.es\/plurilinguismodelegacionmalaga\/files\/2024\/10\/3-museo-Munkstell-scaled.jpg 1920w\" sizes=\"(max-width: 369px) 100vw, 369px\" \/><\/p>\n<p>2) Taller ecol\u00f3gico en el parquet Rinman y visita guiada a <em>ReTuna<\/em> en Eskilstuna, el mayor centro comercial de productos reciclados del mundo;<\/p>\n<p>3) Visitas culturales al museo <em>Munktell<\/em> de la ciudad de Eskilstuna y a Estocolmo, con recorrido hist\u00f3rico por el casco antiguo Gamla Stan, la ciudad nueva y museo nacional de la ciencia y tecnolog\u00eda <em>Tekniska<\/em>;<\/p>\n<p><img loading=\"lazy\" decoding=\"async\" class=\"wp-image-11419 alignright\" src=\"https:\/\/blogsaverroes.juntadeandalucia.es\/plurilinguismodelegacionmalaga\/files\/2024\/10\/4-retuna-taller-225x300.jpg\" alt=\"\" width=\"359\" height=\"478\" srcset=\"https:\/\/blogsaverroes.juntadeandalucia.es\/plurilinguismodelegacionmalaga\/files\/2024\/10\/4-retuna-taller-225x300.jpg 225w, https:\/\/blogsaverroes.juntadeandalucia.es\/plurilinguismodelegacionmalaga\/files\/2024\/10\/4-retuna-taller-768x1024.jpg 768w, https:\/\/blogsaverroes.juntadeandalucia.es\/plurilinguismodelegacionmalaga\/files\/2024\/10\/4-retuna-taller-1152x1536.jpg 1152w, https:\/\/blogsaverroes.juntadeandalucia.es\/plurilinguismodelegacionmalaga\/files\/2024\/10\/4-retuna-taller-1536x2048.jpg 1536w, https:\/\/blogsaverroes.juntadeandalucia.es\/plurilinguismodelegacionmalaga\/files\/2024\/10\/4-retuna-taller-scaled.jpg 1920w\" sizes=\"(max-width: 359px) 100vw, 359px\" \/><\/p>\n<p>4) Intercambio de presentaciones sobre el patrimonio cultural de las ciudades y escuelas espa\u00f1ola y alemana. Tanto los alumnos como los profesores participaron en una clase de lengua espa\u00f1ola en la que presentaron la cultura espa\u00f1ola con una demostraci\u00f3n de baile por sevillanas y asistieron a una presentaci\u00f3n de experimentos de qu\u00edmica <em>Chemistry is Magic<\/em>;<\/p>\n<p>5) Taller con participaci\u00f3n de los alumnos en grupos internacionales sobre los derechos humanos y la igualdad y la realizaci\u00f3n de un eje cronol\u00f3gico de los 3 pa\u00edses sobre la libertad de religi\u00f3n, el matrimonio del mismo sexo, la discriminaci\u00f3n de la homosexualidad y el derecho al aborto;<\/p>\n<p>6) Evaluaci\u00f3n de la movilidad, almuerzo, cena y fiesta de despedida con los alumnos y profesores suecos y alemanes en el instituto.<\/p>\n<p>En esta experiencia enriquecedora e inolvidable, aparte de las competencias estrictamente acad\u00e9micas y ling\u00fc\u00edsticas, los alumnos han mejorado sus competencias personales, sociales, emocionales y ejecutivas. Finalmente, cabe &nbsp; &nbsp;destacar las fuertes relaciones afectivas establecidas entre los profesores, alumnos y familias anfitrionas, como as\u00ed se pudo observar en las tristes despedidas del \u00faltimo d\u00eda.<\/p>\n<p><img loading=\"lazy\" decoding=\"async\" class=\" wp-image-11420 aligncenter\" src=\"https:\/\/blogsaverroes.juntadeandalucia.es\/plurilinguismodelegacionmalaga\/files\/2024\/10\/5-foto-final-viernes-300x225.jpg\" alt=\"\" width=\"379\" height=\"284\" srcset=\"https:\/\/blogsaverroes.juntadeandalucia.es\/plurilinguismodelegacionmalaga\/files\/2024\/10\/5-foto-final-viernes-300x225.jpg 300w, https:\/\/blogsaverroes.juntadeandalucia.es\/plurilinguismodelegacionmalaga\/files\/2024\/10\/5-foto-final-viernes-1024x768.jpg 1024w, https:\/\/blogsaverroes.juntadeandalucia.es\/plurilinguismodelegacionmalaga\/files\/2024\/10\/5-foto-final-viernes-768x576.jpg 768w, https:\/\/blogsaverroes.juntadeandalucia.es\/plurilinguismodelegacionmalaga\/files\/2024\/10\/5-foto-final-viernes-1536x1152.jpg 1536w, https:\/\/blogsaverroes.juntadeandalucia.es\/plurilinguismodelegacionmalaga\/files\/2024\/10\/5-foto-final-viernes.jpg 1600w\" sizes=\"(max-width: 379px) 100vw, 379px\" \/><\/p>\n","protected":false},"excerpt":{"rendered":"<p>Diez alumnos, de 3.\u00ba y 4\u00ba de E.S.O. y de 1.\u00ba y 2.\u00ba de Bachillerato, acompa\u00f1ados de los profesores Araceli Mart\u00edn y Emilio Guzm\u00e1n del I.E.S. Huelin han realizado una movilidad de grupo Erasmus+&#46;&#46;&#46;<\/p>\n","protected":false},"author":8062,"featured_media":11416,"comment_status":"open","ping_status":"open","sticky":false,"template":"","format":"standard","meta":{"ngg_post_thumbnail":0,"footnotes":""},"categories":[11909],"tags":[],"aioseo_notices":[],"_links":{"self":[{"href":"https:\/\/blogsaverroes.juntadeandalucia.es\/plurilinguismodelegacionmalaga\/wp-json\/wp\/v2\/posts\/11415"}],"collection":[{"href":"https:\/\/blogsaverroes.juntadeandalucia.es\/plurilinguismodelegacionmalaga\/wp-json\/wp\/v2\/posts"}],"about":[{"href":"https:\/\/blogsaverroes.juntadeandalucia.es\/plurilinguismodelegacionmalaga\/wp-json\/wp\/v2\/types\/post"}],"author":[{"embeddable":true,"href":"https:\/\/blogsaverroes.juntadeandalucia.es\/plurilinguismodelegacionmalaga\/wp-json\/wp\/v2\/users\/8062"}],"replies":[{"embeddable":true,"href":"https:\/\/blogsaverroes.juntadeandalucia.es\/plurilinguismodelegacionmalaga\/wp-json\/wp\/v2\/comments?post=11415"}],"version-history":[{"count":2,"href":"https:\/\/blogsaverroes.juntadeandalucia.es\/plurilinguismodelegacionmalaga\/wp-json\/wp\/v2\/posts\/11415\/revisions"}],"predecessor-version":[{"id":11423,"href":"https:\/\/blogsaverroes.juntadeandalucia.es\/plurilinguismodelegacionmalaga\/wp-json\/wp\/v2\/posts\/11415\/revisions\/11423"}],"wp:featuredmedia":[{"embeddable":true,"href":"https:\/\/blogsaverroes.juntadeandalucia.es\/plurilinguismodelegacionmalaga\/wp-json\/wp\/v2\/media\/11416"}],"wp:attachment":[{"href":"https:\/\/blogsaverroes.juntadeandalucia.es\/plurilinguismodelegacionmalaga\/wp-json\/wp\/v2\/media?parent=11415"}],"wp:term":[{"taxonomy":"category","embeddable":true,"href":"https:\/\/blogsaverroes.juntadeandalucia.es\/plurilinguismodelegacionmalaga\/wp-json\/wp\/v2\/categories?post=11415"},{"taxonomy":"post_tag","embeddable":true,"href":"https:\/\/blogsaverroes.juntadeandalucia.es\/plurilinguismodelegacionmalaga\/wp-json\/wp\/v2\/tags?post=11415"}],"curies":[{"name":"wp","href":"https:\/\/api.w.org\/{rel}","templated":true}]}}