{"id":11455,"date":"2024-11-05T08:41:11","date_gmt":"2024-11-05T07:41:11","guid":{"rendered":"https:\/\/blogsaverroes.juntadeandalucia.es\/plurilinguismodelegacionmalaga\/?p=11455"},"modified":"2024-11-05T08:41:11","modified_gmt":"2024-11-05T07:41:11","slug":"halloween-en-el-i-e-s-sierra-bermeja","status":"publish","type":"post","link":"https:\/\/blogsaverroes.juntadeandalucia.es\/plurilinguismodelegacionmalaga\/2024\/11\/05\/halloween-en-el-i-e-s-sierra-bermeja\/","title":{"rendered":"Halloween en el I.E.S. Sierra Bermeja"},"content":{"rendered":"<p align=\"justify\"><span style=\"font-size: 12pt;font-family: verdana, geneva, sans-serif\">Este a\u00f1o los departamentos de ingl\u00e9s y biling\u00fcismo del I.E.S. Sierra Bermeja se han aunado para crear una actividad <i><b>escalofriante<\/b><\/i> para celebrar Halloween. Nuestro alumnado de la ESO y aulas espec\u00edficas han decorado sus clases con todo lujo de detalles y han utilizado su creatividad para escenificar una puesta en escena terror\u00edfica. En este concurso, el alumnado ha cooperado y trabajado junto\/a, ha demostrado sus dotes de interpretaci\u00f3n, ha hablado en la lengua inglesa y ha disfrutado de un concurso que te pone los vellos de punta\u2026<\/span><\/p>\n<p align=\"justify\"><span style=\"font-family: verdana, geneva, sans-serif;font-size: 12pt\">Los ganadores (3.\u00ba E.S.O. F) han disfrutado de un regalito dulce, pero lo mejor ha sido c\u00f3mo hemos disfrutado juntos\/as.<\/span><\/p>\n<p><img loading=\"lazy\" decoding=\"async\" class=\"wp-image-11456 alignleft\" src=\"https:\/\/blogsaverroes.juntadeandalucia.es\/plurilinguismodelegacionmalaga\/files\/2024\/11\/1oC-300x225.jpg\" alt=\"\" width=\"439\" height=\"329\" srcset=\"https:\/\/blogsaverroes.juntadeandalucia.es\/plurilinguismodelegacionmalaga\/files\/2024\/11\/1oC-300x225.jpg 300w, https:\/\/blogsaverroes.juntadeandalucia.es\/plurilinguismodelegacionmalaga\/files\/2024\/11\/1oC-768x577.jpg 768w, https:\/\/blogsaverroes.juntadeandalucia.es\/plurilinguismodelegacionmalaga\/files\/2024\/11\/1oC.jpg 916w\" sizes=\"(max-width: 439px) 100vw, 439px\" \/><\/p>\n<p><img loading=\"lazy\" decoding=\"async\" class=\"wp-image-11461 alignright\" src=\"https:\/\/blogsaverroes.juntadeandalucia.es\/plurilinguismodelegacionmalaga\/files\/2024\/11\/3oC-300x225.jpg\" alt=\"\" width=\"461\" height=\"346\" srcset=\"https:\/\/blogsaverroes.juntadeandalucia.es\/plurilinguismodelegacionmalaga\/files\/2024\/11\/3oC-300x225.jpg 300w, https:\/\/blogsaverroes.juntadeandalucia.es\/plurilinguismodelegacionmalaga\/files\/2024\/11\/3oC-1024x768.jpg 1024w, https:\/\/blogsaverroes.juntadeandalucia.es\/plurilinguismodelegacionmalaga\/files\/2024\/11\/3oC-768x576.jpg 768w, https:\/\/blogsaverroes.juntadeandalucia.es\/plurilinguismodelegacionmalaga\/files\/2024\/11\/3oC-1536x1152.jpg 1536w, https:\/\/blogsaverroes.juntadeandalucia.es\/plurilinguismodelegacionmalaga\/files\/2024\/11\/3oC-2048x1536.jpg 2048w\" sizes=\"(max-width: 461px) 100vw, 461px\" \/><\/p>\n<p><img loading=\"lazy\" decoding=\"async\" class=\" wp-image-11458 alignright\" src=\"https:\/\/blogsaverroes.juntadeandalucia.es\/plurilinguismodelegacionmalaga\/files\/2024\/11\/2\u00b0B-300x225.jpg\" alt=\"\" width=\"476\" height=\"357\" srcset=\"https:\/\/blogsaverroes.juntadeandalucia.es\/plurilinguismodelegacionmalaga\/files\/2024\/11\/2\u00b0B-300x225.jpg 300w, https:\/\/blogsaverroes.juntadeandalucia.es\/plurilinguismodelegacionmalaga\/files\/2024\/11\/2\u00b0B-1024x768.jpg 1024w, https:\/\/blogsaverroes.juntadeandalucia.es\/plurilinguismodelegacionmalaga\/files\/2024\/11\/2\u00b0B-768x576.jpg 768w, https:\/\/blogsaverroes.juntadeandalucia.es\/plurilinguismodelegacionmalaga\/files\/2024\/11\/2\u00b0B-1536x1152.jpg 1536w, https:\/\/blogsaverroes.juntadeandalucia.es\/plurilinguismodelegacionmalaga\/files\/2024\/11\/2\u00b0B.jpg 2048w\" sizes=\"(max-width: 476px) 100vw, 476px\" \/><\/p>\n<p>&nbsp;<\/p>\n<p>&nbsp;<\/p>\n<p>&nbsp;<\/p>\n<p>&nbsp;<\/p>\n<p>&nbsp;<\/p>\n<p>&nbsp;<\/p>\n<p>&nbsp;<\/p>\n<p>&nbsp;<\/p>\n<p>&nbsp;<\/p>\n<p><span style=\"font-family: verdana, geneva, sans-serif;font-size: 12pt\">Si quieres ver el v\u00eddeo resumen, este es el link:<span style=\"color: #0563c1\"><u><a href=\"https:\/\/bilinguismo.iessierrabermeja.com\/festivities-celebrations\/halloween-2024\" target=\"_blank\" rel=\"noopener\">https:\/\/bilinguismo.iessierrabermeja.com\/festivities-celebrations\/halloween-2024<\/a><\/u><\/span><\/span><img loading=\"lazy\" decoding=\"async\" class=\"wp-image-11457 alignright\" src=\"https:\/\/blogsaverroes.juntadeandalucia.es\/plurilinguismodelegacionmalaga\/files\/2024\/11\/2\u00b0A-300x225.jpg\" alt=\"\" width=\"515\" height=\"386\" srcset=\"https:\/\/blogsaverroes.juntadeandalucia.es\/plurilinguismodelegacionmalaga\/files\/2024\/11\/2\u00b0A-300x225.jpg 300w, https:\/\/blogsaverroes.juntadeandalucia.es\/plurilinguismodelegacionmalaga\/files\/2024\/11\/2\u00b0A-1024x768.jpg 1024w, https:\/\/blogsaverroes.juntadeandalucia.es\/plurilinguismodelegacionmalaga\/files\/2024\/11\/2\u00b0A-768x576.jpg 768w, https:\/\/blogsaverroes.juntadeandalucia.es\/plurilinguismodelegacionmalaga\/files\/2024\/11\/2\u00b0A-1536x1152.jpg 1536w, https:\/\/blogsaverroes.juntadeandalucia.es\/plurilinguismodelegacionmalaga\/files\/2024\/11\/2\u00b0A.jpg 1600w\" sizes=\"(max-width: 515px) 100vw, 515px\" \/><\/p>\n<p>&nbsp;<\/p>\n<p>&nbsp;<img loading=\"lazy\" decoding=\"async\" class=\"alignnone  wp-image-11460\" src=\"https:\/\/blogsaverroes.juntadeandalucia.es\/plurilinguismodelegacionmalaga\/files\/2024\/11\/3o-F-2-300x225.jpg\" alt=\"\" width=\"554\" height=\"415\" srcset=\"https:\/\/blogsaverroes.juntadeandalucia.es\/plurilinguismodelegacionmalaga\/files\/2024\/11\/3o-F-2-300x225.jpg 300w, https:\/\/blogsaverroes.juntadeandalucia.es\/plurilinguismodelegacionmalaga\/files\/2024\/11\/3o-F-2-1024x768.jpg 1024w, https:\/\/blogsaverroes.juntadeandalucia.es\/plurilinguismodelegacionmalaga\/files\/2024\/11\/3o-F-2-768x576.jpg 768w, https:\/\/blogsaverroes.juntadeandalucia.es\/plurilinguismodelegacionmalaga\/files\/2024\/11\/3o-F-2-1536x1152.jpg 1536w, https:\/\/blogsaverroes.juntadeandalucia.es\/plurilinguismodelegacionmalaga\/files\/2024\/11\/3o-F-2-2048x1536.jpg 2048w\" sizes=\"(max-width: 554px) 100vw, 554px\" \/> &nbsp;<img loading=\"lazy\" decoding=\"async\" class=\"alignnone  wp-image-11462\" src=\"https:\/\/blogsaverroes.juntadeandalucia.es\/plurilinguismodelegacionmalaga\/files\/2024\/11\/prize--225x300.jpg\" alt=\"\" width=\"424\" height=\"565\" srcset=\"https:\/\/blogsaverroes.juntadeandalucia.es\/plurilinguismodelegacionmalaga\/files\/2024\/11\/prize--225x300.jpg 225w, https:\/\/blogsaverroes.juntadeandalucia.es\/plurilinguismodelegacionmalaga\/files\/2024\/11\/prize--768x1024.jpg 768w, https:\/\/blogsaverroes.juntadeandalucia.es\/plurilinguismodelegacionmalaga\/files\/2024\/11\/prize--1152x1536.jpg 1152w, https:\/\/blogsaverroes.juntadeandalucia.es\/plurilinguismodelegacionmalaga\/files\/2024\/11\/prize--1536x2048.jpg 1536w, https:\/\/blogsaverroes.juntadeandalucia.es\/plurilinguismodelegacionmalaga\/files\/2024\/11\/prize--scaled.jpg 1920w\" sizes=\"(max-width: 424px) 100vw, 424px\" \/><\/p>\n","protected":false},"excerpt":{"rendered":"<p>Este a\u00f1o los departamentos de ingl\u00e9s y biling\u00fcismo del I.E.S. Sierra Bermeja se han aunado para crear una actividad escalofriante para celebrar Halloween. Nuestro alumnado de la ESO y aulas espec\u00edficas han decorado sus&#46;&#46;&#46;<\/p>\n","protected":false},"author":8062,"featured_media":11459,"comment_status":"open","ping_status":"open","sticky":false,"template":"","format":"standard","meta":{"ngg_post_thumbnail":0,"footnotes":""},"categories":[70],"tags":[],"aioseo_notices":[],"_links":{"self":[{"href":"https:\/\/blogsaverroes.juntadeandalucia.es\/plurilinguismodelegacionmalaga\/wp-json\/wp\/v2\/posts\/11455"}],"collection":[{"href":"https:\/\/blogsaverroes.juntadeandalucia.es\/plurilinguismodelegacionmalaga\/wp-json\/wp\/v2\/posts"}],"about":[{"href":"https:\/\/blogsaverroes.juntadeandalucia.es\/plurilinguismodelegacionmalaga\/wp-json\/wp\/v2\/types\/post"}],"author":[{"embeddable":true,"href":"https:\/\/blogsaverroes.juntadeandalucia.es\/plurilinguismodelegacionmalaga\/wp-json\/wp\/v2\/users\/8062"}],"replies":[{"embeddable":true,"href":"https:\/\/blogsaverroes.juntadeandalucia.es\/plurilinguismodelegacionmalaga\/wp-json\/wp\/v2\/comments?post=11455"}],"version-history":[{"count":2,"href":"https:\/\/blogsaverroes.juntadeandalucia.es\/plurilinguismodelegacionmalaga\/wp-json\/wp\/v2\/posts\/11455\/revisions"}],"predecessor-version":[{"id":11464,"href":"https:\/\/blogsaverroes.juntadeandalucia.es\/plurilinguismodelegacionmalaga\/wp-json\/wp\/v2\/posts\/11455\/revisions\/11464"}],"wp:featuredmedia":[{"embeddable":true,"href":"https:\/\/blogsaverroes.juntadeandalucia.es\/plurilinguismodelegacionmalaga\/wp-json\/wp\/v2\/media\/11459"}],"wp:attachment":[{"href":"https:\/\/blogsaverroes.juntadeandalucia.es\/plurilinguismodelegacionmalaga\/wp-json\/wp\/v2\/media?parent=11455"}],"wp:term":[{"taxonomy":"category","embeddable":true,"href":"https:\/\/blogsaverroes.juntadeandalucia.es\/plurilinguismodelegacionmalaga\/wp-json\/wp\/v2\/categories?post=11455"},{"taxonomy":"post_tag","embeddable":true,"href":"https:\/\/blogsaverroes.juntadeandalucia.es\/plurilinguismodelegacionmalaga\/wp-json\/wp\/v2\/tags?post=11455"}],"curies":[{"name":"wp","href":"https:\/\/api.w.org\/{rel}","templated":true}]}}