{"id":11503,"date":"2024-11-15T12:13:20","date_gmt":"2024-11-15T11:13:20","guid":{"rendered":"https:\/\/blogsaverroes.juntadeandalucia.es\/plurilinguismodelegacionmalaga\/?p=11503"},"modified":"2024-11-15T12:13:20","modified_gmt":"2024-11-15T11:13:20","slug":"job-shadowing-at-lappeen-koulu-erasmus-c-e-i-p-los-morales","status":"publish","type":"post","link":"https:\/\/blogsaverroes.juntadeandalucia.es\/plurilinguismodelegacionmalaga\/2024\/11\/15\/job-shadowing-at-lappeen-koulu-erasmus-c-e-i-p-los-morales\/","title":{"rendered":"Job Shadowing at \ufeff\u00abLappeen Koulu\u00bb Erasmus+ C.E.I.P. Los Morales"},"content":{"rendered":"<p><span style=\"font-family: verdana, geneva, sans-serif\">Nuestros nombres son Patricia y Maicu, somos maestras en el Ceip Los Morales, del Puerto de la Torre en M\u00e1laga. Durante la semana del 28 al 31 de octubre tuvimos la oportunidad de visitar un centro escolar en Finlandia, concretamente en la ciudad de Lappeenranta. Esta ciudad est\u00e1 situada a orillas del lago Saimaa, el m\u00e1s grande de Finlandia, al sureste del pa\u00eds. Es una ciudad tur\u00edstica y universitaria, con unos 72.000 habitantes aproximadamente e incluso un aeropuerto.<\/span><\/p>\n<p><img loading=\"lazy\" decoding=\"async\" class=\"alignnone  wp-image-11504\" style=\"font-family: verdana, geneva, sans-serif\" src=\"https:\/\/blogsaverroes.juntadeandalucia.es\/plurilinguismodelegacionmalaga\/files\/2024\/11\/e5801fb5-3361-40ba-b836-0a60b90685ce-300x225.jpg\" alt=\"\" width=\"486\" height=\"364\" srcset=\"https:\/\/blogsaverroes.juntadeandalucia.es\/plurilinguismodelegacionmalaga\/files\/2024\/11\/e5801fb5-3361-40ba-b836-0a60b90685ce-300x225.jpg 300w, https:\/\/blogsaverroes.juntadeandalucia.es\/plurilinguismodelegacionmalaga\/files\/2024\/11\/e5801fb5-3361-40ba-b836-0a60b90685ce-1024x768.jpg 1024w, https:\/\/blogsaverroes.juntadeandalucia.es\/plurilinguismodelegacionmalaga\/files\/2024\/11\/e5801fb5-3361-40ba-b836-0a60b90685ce-768x576.jpg 768w, https:\/\/blogsaverroes.juntadeandalucia.es\/plurilinguismodelegacionmalaga\/files\/2024\/11\/e5801fb5-3361-40ba-b836-0a60b90685ce-1536x1152.jpg 1536w, https:\/\/blogsaverroes.juntadeandalucia.es\/plurilinguismodelegacionmalaga\/files\/2024\/11\/e5801fb5-3361-40ba-b836-0a60b90685ce.jpg 2048w\" sizes=\"(max-width: 486px) 100vw, 486px\" \/><img loading=\"lazy\" decoding=\"async\" class=\"wp-image-11505 alignright\" style=\"font-family: verdana, geneva, sans-serif\" src=\"https:\/\/blogsaverroes.juntadeandalucia.es\/plurilinguismodelegacionmalaga\/files\/2024\/11\/8dfc867a-f113-4a78-aa71-3d878ef3036d-300x225.jpg\" alt=\"\" width=\"487\" height=\"365\" srcset=\"https:\/\/blogsaverroes.juntadeandalucia.es\/plurilinguismodelegacionmalaga\/files\/2024\/11\/8dfc867a-f113-4a78-aa71-3d878ef3036d-300x225.jpg 300w, https:\/\/blogsaverroes.juntadeandalucia.es\/plurilinguismodelegacionmalaga\/files\/2024\/11\/8dfc867a-f113-4a78-aa71-3d878ef3036d-1024x766.jpg 1024w, https:\/\/blogsaverroes.juntadeandalucia.es\/plurilinguismodelegacionmalaga\/files\/2024\/11\/8dfc867a-f113-4a78-aa71-3d878ef3036d-768x575.jpg 768w, https:\/\/blogsaverroes.juntadeandalucia.es\/plurilinguismodelegacionmalaga\/files\/2024\/11\/8dfc867a-f113-4a78-aa71-3d878ef3036d.jpg 1296w\" sizes=\"(max-width: 487px) 100vw, 487px\" \/><\/p>\n<p><span style=\"font-family: verdana, geneva, sans-serif\">Llegamos a esta ciudad para realizar un job-shadowing en <em>Laappen Koulu<\/em> y poder analizar el sistema de ense\u00f1anza finland\u00e9s. Durante nuestra estancia hemos tenido la oportunidad de visitar diferentes clases con distintos niveles y \u00e1reas: Ingl\u00e9s, Sueco (idioma obligatorio para ellos junto al Fin\u00e9s), Matem\u00e1ticas, Pl\u00e1stica y E.F.<\/span><\/p>\n<p><span style=\"font-family: verdana, geneva, sans-serif\">En el centro los horarios son flexibles, con entrada del alumnado escalonada, varios turnos de comedor y horarios de clase que var\u00edan ligeramente de un d\u00eda a otro. Nos llam\u00f3 mucho la atenci\u00f3n la cantidad de recursos que ten\u00edan, tanto electr\u00f3nicos como deportivos, incluso tienen un d\u00eda para ir a la piscina. Tambi\u00e9n nos impresion\u00f3 la libertad de los ni\u00f1os\/as dentro y fuera del centro escolar. Los ni\u00f1os llegan, se quitan su ropa de abrigo y se descalzan de forma aut\u00f3noma en todas las edades (desde 6 a 12 a\u00f1os). Dentro del aula y del centro, el alumnado tiene libertad para moverse, cambiar de actividad y utilizar los diferentes rincones de esparcimiento que se pueden encontrar por el centro. Se prioriza el bienestar del alumnado.<\/span><\/p>\n<p><span style=\"font-family: verdana, geneva, sans-serif\">Fuera del centro podemos observar que el colegio no tiene verjas y el alumnado va y viene al centro solo, normalmente andando o en bicicleta. Sobre el sistema de ense\u00f1anza, nos result\u00f3 muy interesante el proyecto de apoyo al buen comportamiento que todo el centro realiza conjuntamente, pr\u00e1cticamente desde que se abri\u00f3 el colegio, hace unos 10 a\u00f1os.<\/span><\/p>\n<p><img loading=\"lazy\" decoding=\"async\" class=\"alignnone  wp-image-11506\" style=\"font-family: verdana, geneva, sans-serif\" src=\"https:\/\/blogsaverroes.juntadeandalucia.es\/plurilinguismodelegacionmalaga\/files\/2024\/11\/5b60e0c4-7fc3-4dac-8738-e18722c0d1d7-300x135.jpg\" alt=\"\" width=\"704\" height=\"317\" srcset=\"https:\/\/blogsaverroes.juntadeandalucia.es\/plurilinguismodelegacionmalaga\/files\/2024\/11\/5b60e0c4-7fc3-4dac-8738-e18722c0d1d7-300x135.jpg 300w, https:\/\/blogsaverroes.juntadeandalucia.es\/plurilinguismodelegacionmalaga\/files\/2024\/11\/5b60e0c4-7fc3-4dac-8738-e18722c0d1d7-1024x461.jpg 1024w, https:\/\/blogsaverroes.juntadeandalucia.es\/plurilinguismodelegacionmalaga\/files\/2024\/11\/5b60e0c4-7fc3-4dac-8738-e18722c0d1d7-768x346.jpg 768w, https:\/\/blogsaverroes.juntadeandalucia.es\/plurilinguismodelegacionmalaga\/files\/2024\/11\/5b60e0c4-7fc3-4dac-8738-e18722c0d1d7-1536x691.jpg 1536w, https:\/\/blogsaverroes.juntadeandalucia.es\/plurilinguismodelegacionmalaga\/files\/2024\/11\/5b60e0c4-7fc3-4dac-8738-e18722c0d1d7.jpg 2000w\" sizes=\"(max-width: 704px) 100vw, 704px\" \/><\/p>\n<p><span style=\"font-family: verdana, geneva, sans-serif\">Este proyecto consiste en proponer a los alumnos tres objetivos de comportamiento a conseguir durante el trimestre, por ejemplo: ayudo a los dem\u00e1s, me concentro en mi trabajo, soy amable&#8230;<\/span><br \/>\n<span style=\"font-family: verdana, geneva, sans-serif\">Se trata de un sistema de puntos-recompensa con el que los ni\u00f1os\/as consiguen premios (comida especial en el comedor, actividades en el exterior del centro\u2026) si van superando los retos.<\/span><\/p>\n<p><span style=\"font-family: verdana, geneva, sans-serif\">Realmente se ve un lugar donde las normas est\u00e1n mu &nbsp; &nbsp;<img loading=\"lazy\" decoding=\"async\" class=\"wp-image-11508 alignright\" src=\"https:\/\/blogsaverroes.juntadeandalucia.es\/plurilinguismodelegacionmalaga\/files\/2024\/11\/a048c6ce-8b59-4227-bd2a-0f93143b6e8d-300x225.jpg\" alt=\"\" width=\"507\" height=\"380\" srcset=\"https:\/\/blogsaverroes.juntadeandalucia.es\/plurilinguismodelegacionmalaga\/files\/2024\/11\/a048c6ce-8b59-4227-bd2a-0f93143b6e8d-300x225.jpg 300w, https:\/\/blogsaverroes.juntadeandalucia.es\/plurilinguismodelegacionmalaga\/files\/2024\/11\/a048c6ce-8b59-4227-bd2a-0f93143b6e8d-1024x766.jpg 1024w, https:\/\/blogsaverroes.juntadeandalucia.es\/plurilinguismodelegacionmalaga\/files\/2024\/11\/a048c6ce-8b59-4227-bd2a-0f93143b6e8d-768x575.jpg 768w, https:\/\/blogsaverroes.juntadeandalucia.es\/plurilinguismodelegacionmalaga\/files\/2024\/11\/a048c6ce-8b59-4227-bd2a-0f93143b6e8d.jpg 1296w\" sizes=\"(max-width: 507px) 100vw, 507px\" \/>y claras y donde se respeta mucho el silencio, la libertad y la tranquilidad. <\/span><\/p>\n<p><span style=\"font-family: verdana, geneva, sans-serif\">Nos sentimos muy agradecidas por la oportunidad de esta experiencia de intercambio de buenas pr\u00e1cticas, educaci\u00f3n y formaci\u00f3n donde hemos podido conocer la metodolog\u00eda de ense\u00f1anza finlandesa y un poco de su cultura. Cabe destacar que la educaci\u00f3n finlandesa se basa en la confianza, la igualdad, el bienestar y el trabajo en equipo. El profesorado est\u00e1 muy cualificado y es realmente valorado en la sociedad. El sistema educativo conf\u00eda en su responsabilidad y apenas hay control sobre su trabajo docente.<\/span><\/p>\n","protected":false},"excerpt":{"rendered":"<p>Nuestros nombres son Patricia y Maicu, somos maestras en el Ceip Los Morales, del Puerto de la Torre en M\u00e1laga. Durante la semana del 28 al 31 de octubre tuvimos la oportunidad de visitar&#46;&#46;&#46;<\/p>\n","protected":false},"author":8062,"featured_media":11507,"comment_status":"open","ping_status":"open","sticky":false,"template":"","format":"standard","meta":{"ngg_post_thumbnail":0,"footnotes":""},"categories":[11909],"tags":[],"aioseo_notices":[],"_links":{"self":[{"href":"https:\/\/blogsaverroes.juntadeandalucia.es\/plurilinguismodelegacionmalaga\/wp-json\/wp\/v2\/posts\/11503"}],"collection":[{"href":"https:\/\/blogsaverroes.juntadeandalucia.es\/plurilinguismodelegacionmalaga\/wp-json\/wp\/v2\/posts"}],"about":[{"href":"https:\/\/blogsaverroes.juntadeandalucia.es\/plurilinguismodelegacionmalaga\/wp-json\/wp\/v2\/types\/post"}],"author":[{"embeddable":true,"href":"https:\/\/blogsaverroes.juntadeandalucia.es\/plurilinguismodelegacionmalaga\/wp-json\/wp\/v2\/users\/8062"}],"replies":[{"embeddable":true,"href":"https:\/\/blogsaverroes.juntadeandalucia.es\/plurilinguismodelegacionmalaga\/wp-json\/wp\/v2\/comments?post=11503"}],"version-history":[{"count":2,"href":"https:\/\/blogsaverroes.juntadeandalucia.es\/plurilinguismodelegacionmalaga\/wp-json\/wp\/v2\/posts\/11503\/revisions"}],"predecessor-version":[{"id":11510,"href":"https:\/\/blogsaverroes.juntadeandalucia.es\/plurilinguismodelegacionmalaga\/wp-json\/wp\/v2\/posts\/11503\/revisions\/11510"}],"wp:featuredmedia":[{"embeddable":true,"href":"https:\/\/blogsaverroes.juntadeandalucia.es\/plurilinguismodelegacionmalaga\/wp-json\/wp\/v2\/media\/11507"}],"wp:attachment":[{"href":"https:\/\/blogsaverroes.juntadeandalucia.es\/plurilinguismodelegacionmalaga\/wp-json\/wp\/v2\/media?parent=11503"}],"wp:term":[{"taxonomy":"category","embeddable":true,"href":"https:\/\/blogsaverroes.juntadeandalucia.es\/plurilinguismodelegacionmalaga\/wp-json\/wp\/v2\/categories?post=11503"},{"taxonomy":"post_tag","embeddable":true,"href":"https:\/\/blogsaverroes.juntadeandalucia.es\/plurilinguismodelegacionmalaga\/wp-json\/wp\/v2\/tags?post=11503"}],"curies":[{"name":"wp","href":"https:\/\/api.w.org\/{rel}","templated":true}]}}