{"id":11536,"date":"2024-11-20T08:45:18","date_gmt":"2024-11-20T07:45:18","guid":{"rendered":"https:\/\/blogsaverroes.juntadeandalucia.es\/plurilinguismodelegacionmalaga\/?p=11536"},"modified":"2024-11-20T08:45:18","modified_gmt":"2024-11-20T07:45:18","slug":"c-e-i-p-narixa-2-o-premio-de-buenas-practicas-ensenanza-bilingue","status":"publish","type":"post","link":"https:\/\/blogsaverroes.juntadeandalucia.es\/plurilinguismodelegacionmalaga\/2024\/11\/20\/c-e-i-p-narixa-2-o-premio-de-buenas-practicas-ensenanza-bilingue\/","title":{"rendered":"C.E.I.P. Narixa, 2.\u00ba Premio de Buenas Pr\u00e1cticas Ense\u00f1anza Biling\u00fce"},"content":{"rendered":"<div><span style=\"font-family: verdana, geneva, sans-serif;font-size: 12pt\">El C.E.I.P. NARIXA ha recibido el 2.\u00b0 premio de Buenas Pr\u00e1cticas Biling\u00fces de la Consejer\u00eda de Desarrollo Educativo y FP por el proyecto \u201cOlympic Games\u201d, implementado durante el curso 2023\/2024. \u26bd\ufe0f \ud83c\udfc0<\/span><\/div>\n<div>&nbsp;<\/div>\n<div><span style=\"font-family: verdana, geneva, sans-serif;font-size: 12pt\">Desde 2013 hemos implementado pr\u00e1cticas educativas que no solo fomentan el aprendizaje de dos idiomas, sino que tambi\u00e9n promueven el desarrollo integral de nuestros alumnos. Gracias al esfuerzo y dedicaci\u00f3n de todo el profesorado, hemos creado un ambiente de aprendizaje din\u00e1mico y enriquecedor. Como a\u00f1o Ol\u00edmpico con las Olimpiadas de Par\u00eds 2024, el curso 2023\/2024 del C.E.I.P. NARIXA gir\u00f3 en torno a los juegos Ol\u00edmpicos. Partiendo de la base de nuestros valores \u201col\u00edmpicos\u201d en el centro y trabajando transversal e interdisciplinarmente con ellos durante todo el curso, se ha involucrado todas las \u00e1reas y a todo el alumnado del centro, desde infantil 3 a\u00f1os hasta 6.\u00ba de Primaria y aula espec\u00edfica.<\/span><\/div>\n<div>&nbsp;<\/div>\n<div><span style=\"font-family: verdana, geneva, sans-serif;font-size: 12pt\">Este premio es gracias a toda la Comunidad Educativa: AMPA, madres\/padres, monitoras, alumnado\u2026 Y sobre todo al maravilloso claustro del C.E.I.P. Narixa y a su Equipo Directivo que impulsan y dan vida a este tipos de proyectos en el d\u00eda a d\u00eda del centro. 1, 2, 3 \u00a1Narixa al poder!<\/span><\/div>\n<div>&nbsp;<\/div>\n<p><img loading=\"lazy\" decoding=\"async\" class=\"wp-image-11537 aligncenter\" src=\"https:\/\/blogsaverroes.juntadeandalucia.es\/plurilinguismodelegacionmalaga\/files\/2024\/11\/1f90bd49-45a0-4b03-a6f0-0c964016e16a-300x225.jpg\" alt=\"\" width=\"519\" height=\"389\" srcset=\"https:\/\/blogsaverroes.juntadeandalucia.es\/plurilinguismodelegacionmalaga\/files\/2024\/11\/1f90bd49-45a0-4b03-a6f0-0c964016e16a-300x225.jpg 300w, https:\/\/blogsaverroes.juntadeandalucia.es\/plurilinguismodelegacionmalaga\/files\/2024\/11\/1f90bd49-45a0-4b03-a6f0-0c964016e16a-1024x768.jpg 1024w, https:\/\/blogsaverroes.juntadeandalucia.es\/plurilinguismodelegacionmalaga\/files\/2024\/11\/1f90bd49-45a0-4b03-a6f0-0c964016e16a-768x576.jpg 768w, https:\/\/blogsaverroes.juntadeandalucia.es\/plurilinguismodelegacionmalaga\/files\/2024\/11\/1f90bd49-45a0-4b03-a6f0-0c964016e16a-1536x1152.jpg 1536w, https:\/\/blogsaverroes.juntadeandalucia.es\/plurilinguismodelegacionmalaga\/files\/2024\/11\/1f90bd49-45a0-4b03-a6f0-0c964016e16a.jpg 2048w\" sizes=\"(max-width: 519px) 100vw, 519px\" \/><\/p>\n","protected":false},"excerpt":{"rendered":"<p>El C.E.I.P. NARIXA ha recibido el 2.\u00b0 premio de Buenas Pr\u00e1cticas Biling\u00fces de la Consejer\u00eda de Desarrollo Educativo y FP por el proyecto \u201cOlympic Games\u201d, implementado durante el curso 2023\/2024. \u26bd\ufe0f \ud83c\udfc0 &nbsp; Desde&#46;&#46;&#46;<\/p>\n","protected":false},"author":8062,"featured_media":11538,"comment_status":"open","ping_status":"open","sticky":false,"template":"","format":"standard","meta":{"ngg_post_thumbnail":0,"footnotes":""},"categories":[946],"tags":[],"aioseo_notices":[],"_links":{"self":[{"href":"https:\/\/blogsaverroes.juntadeandalucia.es\/plurilinguismodelegacionmalaga\/wp-json\/wp\/v2\/posts\/11536"}],"collection":[{"href":"https:\/\/blogsaverroes.juntadeandalucia.es\/plurilinguismodelegacionmalaga\/wp-json\/wp\/v2\/posts"}],"about":[{"href":"https:\/\/blogsaverroes.juntadeandalucia.es\/plurilinguismodelegacionmalaga\/wp-json\/wp\/v2\/types\/post"}],"author":[{"embeddable":true,"href":"https:\/\/blogsaverroes.juntadeandalucia.es\/plurilinguismodelegacionmalaga\/wp-json\/wp\/v2\/users\/8062"}],"replies":[{"embeddable":true,"href":"https:\/\/blogsaverroes.juntadeandalucia.es\/plurilinguismodelegacionmalaga\/wp-json\/wp\/v2\/comments?post=11536"}],"version-history":[{"count":1,"href":"https:\/\/blogsaverroes.juntadeandalucia.es\/plurilinguismodelegacionmalaga\/wp-json\/wp\/v2\/posts\/11536\/revisions"}],"predecessor-version":[{"id":11539,"href":"https:\/\/blogsaverroes.juntadeandalucia.es\/plurilinguismodelegacionmalaga\/wp-json\/wp\/v2\/posts\/11536\/revisions\/11539"}],"wp:featuredmedia":[{"embeddable":true,"href":"https:\/\/blogsaverroes.juntadeandalucia.es\/plurilinguismodelegacionmalaga\/wp-json\/wp\/v2\/media\/11538"}],"wp:attachment":[{"href":"https:\/\/blogsaverroes.juntadeandalucia.es\/plurilinguismodelegacionmalaga\/wp-json\/wp\/v2\/media?parent=11536"}],"wp:term":[{"taxonomy":"category","embeddable":true,"href":"https:\/\/blogsaverroes.juntadeandalucia.es\/plurilinguismodelegacionmalaga\/wp-json\/wp\/v2\/categories?post=11536"},{"taxonomy":"post_tag","embeddable":true,"href":"https:\/\/blogsaverroes.juntadeandalucia.es\/plurilinguismodelegacionmalaga\/wp-json\/wp\/v2\/tags?post=11536"}],"curies":[{"name":"wp","href":"https:\/\/api.w.org\/{rel}","templated":true}]}}