{"id":11543,"date":"2024-11-29T09:55:58","date_gmt":"2024-11-29T08:55:58","guid":{"rendered":"https:\/\/blogsaverroes.juntadeandalucia.es\/plurilinguismodelegacionmalaga\/?p=11543"},"modified":"2024-11-29T09:56:21","modified_gmt":"2024-11-29T08:56:21","slug":"convocatoria-de-propuestas-erasmus-2025","status":"publish","type":"post","link":"https:\/\/blogsaverroes.juntadeandalucia.es\/plurilinguismodelegacionmalaga\/2024\/11\/29\/convocatoria-de-propuestas-erasmus-2025\/","title":{"rendered":"Convocatoria de propuestas Erasmus+ 2025"},"content":{"rendered":"<p><span style=\"font-family: verdana, geneva, sans-serif\">La Comisi\u00f3n Europea public\u00f3 el pasado 19 de noviembre la Convocatoria de Propuestas 2025 del programa Erasmus+ junto con la nueva Gu\u00eda del Programa. Esta convocatoria incluye diversas oportunidades de financiaci\u00f3n para apoyar la movilidad y la cooperaci\u00f3n en Europa. <\/span><\/p>\n<p><span style=\"font-family: verdana, geneva, sans-serif\">Recordamos aqu\u00ed los <strong>plazos de presentaci\u00f3n<\/strong> m\u00e1s relevantes para los \u00e1mbitos de educaci\u00f3n escolar, FP y educaci\u00f3n de adultos:&nbsp;<\/span><\/p>\n<ul>\n<li><span style=\"font-family: verdana, geneva, sans-serif\">19 de febrero para solicitudes de movilidad KA 121 y KA 122;&nbsp;<\/span><\/li>\n<li><span style=\"font-family: verdana, geneva, sans-serif\">5 de marzo para solicitudes de asociaciones de cooperaci\u00f3n KA 220 y asociaciones a peque\u00f1a escala KA 210;<\/span><\/li>\n<li><span style=\"font-family: verdana, geneva, sans-serif\">1 de octubre para acreditaciones KA 120.&nbsp;<\/span><\/li>\n<\/ul>\n<p><span style=\"font-family: verdana, geneva, sans-serif\">Convocatoria: <a href=\"http:\/\/sepie.es\/convocatoria\/convocatoria.html\" target=\"_blank\" rel=\"noopener\">descargar aqu\u00ed<\/a>.<\/span><\/p>\n<p><span style=\"font-family: verdana, geneva, sans-serif\">Gu\u00eda del programa en espa\u00f1ol: <a href=\"http:\/\/sepie.es\/doc\/convocatoria\/2025\/erasmus-programme-guide-2025_es.pdfhttp:\/\/sepie.es\/doc\/convocatoria\/2025\/erasmus-programme-guide-2025_es.pdfhttp:\/\/sepie.es\/doc\/convocatoria\/2025\/erasmus-programme-guide-2025_es.pdfhttp:\/\/sepie.es\/doc\/convocatoria\/2025\/erasmus-programme-guide-2025_es.pdf\" target=\"_blank\" rel=\"noopener\">descargar aqu\u00ed<\/a><\/span><\/p>\n<p><span style=\"font-family: verdana, geneva, sans-serif\">M\u00e1s informaci\u00f3n en el <a href=\"http:\/\/sepie.es\/convocatoria\/convocatoria.html\" target=\"_blank\" rel=\"noopener\">sitio web del SEPIE<\/a><\/span><\/p>\n<p>&nbsp;<\/p>\n","protected":false},"excerpt":{"rendered":"<p>La Comisi\u00f3n Europea public\u00f3 el pasado 19 de noviembre la Convocatoria de Propuestas 2025 del programa Erasmus+ junto con la nueva Gu\u00eda del Programa. Esta convocatoria incluye diversas oportunidades de financiaci\u00f3n para apoyar la&#46;&#46;&#46;<\/p>\n","protected":false},"author":8062,"featured_media":11544,"comment_status":"open","ping_status":"open","sticky":false,"template":"","format":"standard","meta":{"ngg_post_thumbnail":0,"footnotes":""},"categories":[11909,2284905,526],"tags":[],"aioseo_notices":[],"_links":{"self":[{"href":"https:\/\/blogsaverroes.juntadeandalucia.es\/plurilinguismodelegacionmalaga\/wp-json\/wp\/v2\/posts\/11543"}],"collection":[{"href":"https:\/\/blogsaverroes.juntadeandalucia.es\/plurilinguismodelegacionmalaga\/wp-json\/wp\/v2\/posts"}],"about":[{"href":"https:\/\/blogsaverroes.juntadeandalucia.es\/plurilinguismodelegacionmalaga\/wp-json\/wp\/v2\/types\/post"}],"author":[{"embeddable":true,"href":"https:\/\/blogsaverroes.juntadeandalucia.es\/plurilinguismodelegacionmalaga\/wp-json\/wp\/v2\/users\/8062"}],"replies":[{"embeddable":true,"href":"https:\/\/blogsaverroes.juntadeandalucia.es\/plurilinguismodelegacionmalaga\/wp-json\/wp\/v2\/comments?post=11543"}],"version-history":[{"count":1,"href":"https:\/\/blogsaverroes.juntadeandalucia.es\/plurilinguismodelegacionmalaga\/wp-json\/wp\/v2\/posts\/11543\/revisions"}],"predecessor-version":[{"id":11545,"href":"https:\/\/blogsaverroes.juntadeandalucia.es\/plurilinguismodelegacionmalaga\/wp-json\/wp\/v2\/posts\/11543\/revisions\/11545"}],"wp:featuredmedia":[{"embeddable":true,"href":"https:\/\/blogsaverroes.juntadeandalucia.es\/plurilinguismodelegacionmalaga\/wp-json\/wp\/v2\/media\/11544"}],"wp:attachment":[{"href":"https:\/\/blogsaverroes.juntadeandalucia.es\/plurilinguismodelegacionmalaga\/wp-json\/wp\/v2\/media?parent=11543"}],"wp:term":[{"taxonomy":"category","embeddable":true,"href":"https:\/\/blogsaverroes.juntadeandalucia.es\/plurilinguismodelegacionmalaga\/wp-json\/wp\/v2\/categories?post=11543"},{"taxonomy":"post_tag","embeddable":true,"href":"https:\/\/blogsaverroes.juntadeandalucia.es\/plurilinguismodelegacionmalaga\/wp-json\/wp\/v2\/tags?post=11543"}],"curies":[{"name":"wp","href":"https:\/\/api.w.org\/{rel}","templated":true}]}}