{"id":11548,"date":"2024-11-29T10:12:35","date_gmt":"2024-11-29T09:12:35","guid":{"rendered":"https:\/\/blogsaverroes.juntadeandalucia.es\/plurilinguismodelegacionmalaga\/?p=11548"},"modified":"2024-11-29T10:13:20","modified_gmt":"2024-11-29T09:13:20","slug":"iniciativas-de-aprendizaje-sobre-la-ue","status":"publish","type":"post","link":"https:\/\/blogsaverroes.juntadeandalucia.es\/plurilinguismodelegacionmalaga\/2024\/11\/29\/iniciativas-de-aprendizaje-sobre-la-ue\/","title":{"rendered":"Iniciativas de aprendizaje sobre la UE"},"content":{"rendered":"<p><span style=\"font-family: verdana, geneva, sans-serif\">La convocatoria Erasmus+ 2025 reci\u00e9n publicada incluye una acci\u00f3n espec\u00edfica para que centros educativos y personal docente de primaria, secundaria y FP puedan solicitar financiaci\u00f3n sobre c\u00f3mo ense\u00f1ar sobre la UE. Esta acci\u00f3n se llama&nbsp;<strong>Iniciativas de aprendizaje sobre la UE en otros \u00e1mbitos de la educaci\u00f3n y la formaci\u00f3n&nbsp;<\/strong>y tiene como objetivo que los j\u00f3venes adquieran una s\u00f3lida comprensi\u00f3n de los sistemas pol\u00edticos en los que viven, incluida la UE. La sociedad necesita ciudadanos activos que contribuyan a dar forma a su mundo.<\/span><\/p>\n<p><span style=\"font-family: verdana, geneva, sans-serif\"><a href=\"https:\/\/erasmus-plus.ec.europa.eu\/programme-guide\/part-b\/jean-monnet-actions\/education-training\/learning-eu\" target=\"_blank\" rel=\"noopener\">Esta iniciativa<\/a>&nbsp;es una acci\u00f3n&nbsp;<strong>Jean Monnet<\/strong>&nbsp;que permite que centros escolares y de FP de los pa\u00edses del programa Erasmus+ soliciten financiaci\u00f3n para impartir formaci\u00f3n sobre la UE. Las subvenciones pueden llegar hasta los 35.000 \u20ac, directamente gestionados por los centros escolares y de FP que resulten seleccionados. La fecha l\u00edmite de presentaci\u00f3n de solicitudes es el&nbsp;<strong>12 de febrero de 2025<\/strong>.<\/span><\/p>\n<p><span style=\"font-family: verdana, geneva, sans-serif\">En el&nbsp;<a href=\"https:\/\/learning-corner.learning.europa.eu\/index_es\" target=\"_blank\" rel=\"noopener\">Rinc\u00f3n del aprendizaje<\/a>&nbsp;se puede encontrar&nbsp;<strong>material did\u00e1ctico<\/strong>&nbsp;en todos los idiomas y para todas las edades.<\/span><\/p>\n<p><span style=\"font-family: verdana, geneva, sans-serif\">El enlace para presentar la solicitud se puede encontrar en la&nbsp;<a href=\"http:\/\/sepie.es\/convocatoria\/convocatoria.html\" target=\"_blank\" rel=\"noopener\">Gu\u00eda del Programa Erasmus+ 2025<\/a>. Para obtener ayuda sobre el proceso de solicitud se puede ver el siguiente v\u00eddeo:&nbsp;<a href=\"https:\/\/vimeo.com\/891893582\" target=\"_blank\" rel=\"noopener\">How to begin an application for Jean Monnet learning EU initiatives<\/a>.<\/span><\/p>\n<p><span style=\"font-family: verdana, geneva, sans-serif\">Para cualquier duda o consulta sobre esta acci\u00f3n Jean Monnet existe, adem\u00e1s, un buz\u00f3n de correo electr\u00f3nico espec\u00edfico: EAC-JM-SCHOOLS@ec.europa.eu.<\/span><\/p>\n","protected":false},"excerpt":{"rendered":"<p>La convocatoria Erasmus+ 2025 reci\u00e9n publicada incluye una acci\u00f3n espec\u00edfica para que centros educativos y personal docente de primaria, secundaria y FP puedan solicitar financiaci\u00f3n sobre c\u00f3mo ense\u00f1ar sobre la UE. Esta acci\u00f3n se&#46;&#46;&#46;<\/p>\n","protected":false},"author":8062,"featured_media":11549,"comment_status":"open","ping_status":"open","sticky":false,"template":"","format":"standard","meta":{"ngg_post_thumbnail":0,"footnotes":""},"categories":[11909,2284905,526],"tags":[],"aioseo_notices":[],"_links":{"self":[{"href":"https:\/\/blogsaverroes.juntadeandalucia.es\/plurilinguismodelegacionmalaga\/wp-json\/wp\/v2\/posts\/11548"}],"collection":[{"href":"https:\/\/blogsaverroes.juntadeandalucia.es\/plurilinguismodelegacionmalaga\/wp-json\/wp\/v2\/posts"}],"about":[{"href":"https:\/\/blogsaverroes.juntadeandalucia.es\/plurilinguismodelegacionmalaga\/wp-json\/wp\/v2\/types\/post"}],"author":[{"embeddable":true,"href":"https:\/\/blogsaverroes.juntadeandalucia.es\/plurilinguismodelegacionmalaga\/wp-json\/wp\/v2\/users\/8062"}],"replies":[{"embeddable":true,"href":"https:\/\/blogsaverroes.juntadeandalucia.es\/plurilinguismodelegacionmalaga\/wp-json\/wp\/v2\/comments?post=11548"}],"version-history":[{"count":2,"href":"https:\/\/blogsaverroes.juntadeandalucia.es\/plurilinguismodelegacionmalaga\/wp-json\/wp\/v2\/posts\/11548\/revisions"}],"predecessor-version":[{"id":11551,"href":"https:\/\/blogsaverroes.juntadeandalucia.es\/plurilinguismodelegacionmalaga\/wp-json\/wp\/v2\/posts\/11548\/revisions\/11551"}],"wp:featuredmedia":[{"embeddable":true,"href":"https:\/\/blogsaverroes.juntadeandalucia.es\/plurilinguismodelegacionmalaga\/wp-json\/wp\/v2\/media\/11549"}],"wp:attachment":[{"href":"https:\/\/blogsaverroes.juntadeandalucia.es\/plurilinguismodelegacionmalaga\/wp-json\/wp\/v2\/media?parent=11548"}],"wp:term":[{"taxonomy":"category","embeddable":true,"href":"https:\/\/blogsaverroes.juntadeandalucia.es\/plurilinguismodelegacionmalaga\/wp-json\/wp\/v2\/categories?post=11548"},{"taxonomy":"post_tag","embeddable":true,"href":"https:\/\/blogsaverroes.juntadeandalucia.es\/plurilinguismodelegacionmalaga\/wp-json\/wp\/v2\/tags?post=11548"}],"curies":[{"name":"wp","href":"https:\/\/api.w.org\/{rel}","templated":true}]}}