{"id":11640,"date":"2025-01-28T13:26:40","date_gmt":"2025-01-28T12:26:40","guid":{"rendered":"https:\/\/blogsaverroes.juntadeandalucia.es\/plurilinguismodelegacionmalaga\/?p=11640"},"modified":"2025-01-28T13:26:40","modified_gmt":"2025-01-28T12:26:40","slug":"bilinguismo-en-infantil-con-auxiliares-de-conversacion-en-el-ceip-narixa-nerja","status":"publish","type":"post","link":"https:\/\/blogsaverroes.juntadeandalucia.es\/plurilinguismodelegacionmalaga\/2025\/01\/28\/bilinguismo-en-infantil-con-auxiliares-de-conversacion-en-el-ceip-narixa-nerja\/","title":{"rendered":"Biling\u00fcismo en Infantil con Auxiliares de Conversaci\u00f3n en el CEIP Narixa (Nerja)"},"content":{"rendered":"<div dir=\"auto\">&nbsp;<\/div>\n<div dir=\"auto\"><span style=\"font-family: verdana, geneva, sans-serif\">\u00a1En Educaci\u00f3n Infantil tambi\u00e9n somos biling\u00fces!<\/span><\/div>\n<div dir=\"auto\">\n<div><span style=\"font-family: verdana, geneva, sans-serif\">Durante el primer trimestre, trabajamos las partes del cuerpo en infantil, as\u00ed que entre otras cosas, hicimos alg\u00fan cuenta cuentos y salimos al patio para mezclar psicomotrocidad y juegos con <em>flashcards<\/em> y m\u00fasica <\/span><\/div>\n<div>&nbsp;<\/div>\n<div><span style=\"font-family: verdana, geneva, sans-serif\">\u00a1Qu\u00e9 mejor manera de trabajar estos contenidos, que implic\u00e1ndolos y poni\u00e9ndolos en uso! Let\u2019s move the body!&nbsp;<\/span><\/div>\n<div>&nbsp;<\/div>\n<div>&nbsp;<\/div>\n<div><img loading=\"lazy\" decoding=\"async\" class=\"alignnone  wp-image-11641\" src=\"https:\/\/blogsaverroes.juntadeandalucia.es\/plurilinguismodelegacionmalaga\/files\/2025\/01\/0017bbdb-11e7-4370-9a01-89a7e6d4cc9a-300x135.jpeg\" alt=\"\" width=\"447\" height=\"201\" srcset=\"https:\/\/blogsaverroes.juntadeandalucia.es\/plurilinguismodelegacionmalaga\/files\/2025\/01\/0017bbdb-11e7-4370-9a01-89a7e6d4cc9a-300x135.jpeg 300w, https:\/\/blogsaverroes.juntadeandalucia.es\/plurilinguismodelegacionmalaga\/files\/2025\/01\/0017bbdb-11e7-4370-9a01-89a7e6d4cc9a-1024x461.jpeg 1024w, https:\/\/blogsaverroes.juntadeandalucia.es\/plurilinguismodelegacionmalaga\/files\/2025\/01\/0017bbdb-11e7-4370-9a01-89a7e6d4cc9a-768x346.jpeg 768w, https:\/\/blogsaverroes.juntadeandalucia.es\/plurilinguismodelegacionmalaga\/files\/2025\/01\/0017bbdb-11e7-4370-9a01-89a7e6d4cc9a-1536x691.jpeg 1536w, https:\/\/blogsaverroes.juntadeandalucia.es\/plurilinguismodelegacionmalaga\/files\/2025\/01\/0017bbdb-11e7-4370-9a01-89a7e6d4cc9a.jpeg 1600w\" sizes=\"(max-width: 447px) 100vw, 447px\" \/> <img loading=\"lazy\" decoding=\"async\" class=\"alignnone  wp-image-11643\" src=\"https:\/\/blogsaverroes.juntadeandalucia.es\/plurilinguismodelegacionmalaga\/files\/2025\/01\/88074a76-88a7-499b-b69c-78859204d1fb-300x135.jpeg\" alt=\"\" width=\"447\" height=\"201\" srcset=\"https:\/\/blogsaverroes.juntadeandalucia.es\/plurilinguismodelegacionmalaga\/files\/2025\/01\/88074a76-88a7-499b-b69c-78859204d1fb-300x135.jpeg 300w, https:\/\/blogsaverroes.juntadeandalucia.es\/plurilinguismodelegacionmalaga\/files\/2025\/01\/88074a76-88a7-499b-b69c-78859204d1fb-1024x461.jpeg 1024w, https:\/\/blogsaverroes.juntadeandalucia.es\/plurilinguismodelegacionmalaga\/files\/2025\/01\/88074a76-88a7-499b-b69c-78859204d1fb-768x346.jpeg 768w, https:\/\/blogsaverroes.juntadeandalucia.es\/plurilinguismodelegacionmalaga\/files\/2025\/01\/88074a76-88a7-499b-b69c-78859204d1fb-1536x691.jpeg 1536w, https:\/\/blogsaverroes.juntadeandalucia.es\/plurilinguismodelegacionmalaga\/files\/2025\/01\/88074a76-88a7-499b-b69c-78859204d1fb.jpeg 1600w\" sizes=\"(max-width: 447px) 100vw, 447px\" \/> <img loading=\"lazy\" decoding=\"async\" class=\"alignnone  wp-image-11644\" src=\"https:\/\/blogsaverroes.juntadeandalucia.es\/plurilinguismodelegacionmalaga\/files\/2025\/01\/f53ad6c7-6c85-4296-a7f3-02247ba213f3-300x135.jpeg\" alt=\"\" width=\"460\" height=\"207\" srcset=\"https:\/\/blogsaverroes.juntadeandalucia.es\/plurilinguismodelegacionmalaga\/files\/2025\/01\/f53ad6c7-6c85-4296-a7f3-02247ba213f3-300x135.jpeg 300w, https:\/\/blogsaverroes.juntadeandalucia.es\/plurilinguismodelegacionmalaga\/files\/2025\/01\/f53ad6c7-6c85-4296-a7f3-02247ba213f3-1024x461.jpeg 1024w, https:\/\/blogsaverroes.juntadeandalucia.es\/plurilinguismodelegacionmalaga\/files\/2025\/01\/f53ad6c7-6c85-4296-a7f3-02247ba213f3-768x346.jpeg 768w, https:\/\/blogsaverroes.juntadeandalucia.es\/plurilinguismodelegacionmalaga\/files\/2025\/01\/f53ad6c7-6c85-4296-a7f3-02247ba213f3-1536x691.jpeg 1536w, https:\/\/blogsaverroes.juntadeandalucia.es\/plurilinguismodelegacionmalaga\/files\/2025\/01\/f53ad6c7-6c85-4296-a7f3-02247ba213f3.jpeg 1600w\" sizes=\"(max-width: 460px) 100vw, 460px\" \/> <img loading=\"lazy\" decoding=\"async\" class=\" wp-image-11645 alignright\" src=\"https:\/\/blogsaverroes.juntadeandalucia.es\/plurilinguismodelegacionmalaga\/files\/2025\/01\/bd2f0a72-22f0-468d-8051-ab7cd20c08e5-300x135.jpeg\" alt=\"\" width=\"476\" height=\"214\" srcset=\"https:\/\/blogsaverroes.juntadeandalucia.es\/plurilinguismodelegacionmalaga\/files\/2025\/01\/bd2f0a72-22f0-468d-8051-ab7cd20c08e5-300x135.jpeg 300w, https:\/\/blogsaverroes.juntadeandalucia.es\/plurilinguismodelegacionmalaga\/files\/2025\/01\/bd2f0a72-22f0-468d-8051-ab7cd20c08e5-1024x461.jpeg 1024w, https:\/\/blogsaverroes.juntadeandalucia.es\/plurilinguismodelegacionmalaga\/files\/2025\/01\/bd2f0a72-22f0-468d-8051-ab7cd20c08e5-768x346.jpeg 768w, https:\/\/blogsaverroes.juntadeandalucia.es\/plurilinguismodelegacionmalaga\/files\/2025\/01\/bd2f0a72-22f0-468d-8051-ab7cd20c08e5-1536x691.jpeg 1536w, https:\/\/blogsaverroes.juntadeandalucia.es\/plurilinguismodelegacionmalaga\/files\/2025\/01\/bd2f0a72-22f0-468d-8051-ab7cd20c08e5.jpeg 1600w\" sizes=\"(max-width: 476px) 100vw, 476px\" \/><\/div>\n<\/div>\n","protected":false},"excerpt":{"rendered":"<p>&nbsp; \u00a1En Educaci\u00f3n Infantil tambi\u00e9n somos biling\u00fces! Durante el primer trimestre, trabajamos las partes del cuerpo en infantil, as\u00ed que entre otras cosas, hicimos alg\u00fan cuenta cuentos y salimos al patio para mezclar psicomotrocidad&#46;&#46;&#46;<\/p>\n","protected":false},"author":8062,"featured_media":11642,"comment_status":"open","ping_status":"open","sticky":false,"template":"","format":"standard","meta":{"ngg_post_thumbnail":0,"footnotes":""},"categories":[21042,2284909],"tags":[],"aioseo_notices":[],"_links":{"self":[{"href":"https:\/\/blogsaverroes.juntadeandalucia.es\/plurilinguismodelegacionmalaga\/wp-json\/wp\/v2\/posts\/11640"}],"collection":[{"href":"https:\/\/blogsaverroes.juntadeandalucia.es\/plurilinguismodelegacionmalaga\/wp-json\/wp\/v2\/posts"}],"about":[{"href":"https:\/\/blogsaverroes.juntadeandalucia.es\/plurilinguismodelegacionmalaga\/wp-json\/wp\/v2\/types\/post"}],"author":[{"embeddable":true,"href":"https:\/\/blogsaverroes.juntadeandalucia.es\/plurilinguismodelegacionmalaga\/wp-json\/wp\/v2\/users\/8062"}],"replies":[{"embeddable":true,"href":"https:\/\/blogsaverroes.juntadeandalucia.es\/plurilinguismodelegacionmalaga\/wp-json\/wp\/v2\/comments?post=11640"}],"version-history":[{"count":2,"href":"https:\/\/blogsaverroes.juntadeandalucia.es\/plurilinguismodelegacionmalaga\/wp-json\/wp\/v2\/posts\/11640\/revisions"}],"predecessor-version":[{"id":11647,"href":"https:\/\/blogsaverroes.juntadeandalucia.es\/plurilinguismodelegacionmalaga\/wp-json\/wp\/v2\/posts\/11640\/revisions\/11647"}],"wp:featuredmedia":[{"embeddable":true,"href":"https:\/\/blogsaverroes.juntadeandalucia.es\/plurilinguismodelegacionmalaga\/wp-json\/wp\/v2\/media\/11642"}],"wp:attachment":[{"href":"https:\/\/blogsaverroes.juntadeandalucia.es\/plurilinguismodelegacionmalaga\/wp-json\/wp\/v2\/media?parent=11640"}],"wp:term":[{"taxonomy":"category","embeddable":true,"href":"https:\/\/blogsaverroes.juntadeandalucia.es\/plurilinguismodelegacionmalaga\/wp-json\/wp\/v2\/categories?post=11640"},{"taxonomy":"post_tag","embeddable":true,"href":"https:\/\/blogsaverroes.juntadeandalucia.es\/plurilinguismodelegacionmalaga\/wp-json\/wp\/v2\/tags?post=11640"}],"curies":[{"name":"wp","href":"https:\/\/api.w.org\/{rel}","templated":true}]}}