{"id":11665,"date":"2025-03-13T07:53:36","date_gmt":"2025-03-13T06:53:36","guid":{"rendered":"https:\/\/blogsaverroes.juntadeandalucia.es\/plurilinguismodelegacionmalaga\/?p=11665"},"modified":"2025-05-19T11:44:44","modified_gmt":"2025-05-19T09:44:44","slug":"intercambio-san-diego-i-e-s-miraya-del-mar","status":"publish","type":"post","link":"https:\/\/blogsaverroes.juntadeandalucia.es\/plurilinguismodelegacionmalaga\/2025\/03\/13\/intercambio-san-diego-i-e-s-miraya-del-mar\/","title":{"rendered":"Intercambio San Diego I.E.S. Miraya del Mar"},"content":{"rendered":"<p><span style=\"font-family: verdana, geneva, sans-serif\">Desde el 2 al 17 de febrero de 2025, un grupo de alumnos de 1.\u00ba de Bachillerato del I.E.S. Miraya del Mar de Torre del Mar disfrutaron de un intercambio con la ciudad californiana de San Diego en Estados Unidos. Se alojaron con familias de los estudiantes que posteriormente acoger\u00e1n en Torre del Mar. Entre las diferentes actividades que realizaron est\u00e1n la visita a la casa de Espa\u00f1a en San Diego donde conocieron los v\u00ednculos espa\u00f1oles que tiene el origen y fundaci\u00f3n de esa ciudad, visita al museo<em> ComicCon<\/em>, pudiendo dise\u00f1ar su propio c\u00f3mic, paseo por la bah\u00eda de San Diego, visitando el<em> Midway War Ship<\/em>, importante barco en la Segunda Guerra Mundial, visita al <em>San Diego Safari Park<\/em>, conociendo las especies aut\u00f3ctonas que viven en California as\u00ed como las acu\u00e1ticas en la visita al parque <em>Seaworld<\/em>.<\/span><\/p>\n<p><span style=\"font-family: verdana, geneva, sans-serif\">Tambi\u00e9n visitaron la ciudad de Los \u00c1ngeles, con el cartel de Hollywood, Beverly hills y el paseo de la fama, as\u00ed como el parque <em>Universal Studios Hollywood<\/em>.<\/span><\/p>\n<p><span style=\"font-family: verdana, geneva, sans-serif\">Asimismo, pudieron aprender algo del baseball con la visita al estadio<em> Petco Park<\/em> de los Padres de San Diego y las Primeras Misiones de los sacerdotes espa\u00f1oles en San Juan de Capistrano.<\/span><\/p>\n<p><span style=\"font-family: verdana, geneva, sans-serif\">Para terminar tambi\u00e9n acudieron a las clases con sus respectivos compa\u00f1eros americanos y realizaron m\u00faltiples actividades conjuntas pudiendo disfrutar del <em>American Way of Life<\/em> de lo cual agradecemos enormemente a las familias por su gran implicaci\u00f3n durante la estancia de nuestros alumnos.<\/span><\/p>\n<p><span style=\"font-family: verdana, geneva, sans-serif\">Aqu\u00ed os dejamos algunas fotos del intercambio y ahora s\u00f3lo queda esperar su visita dentro de un mes.<\/span><\/p>\n<p>Enlace:&nbsp;<a href=\"https:\/\/mirayabilingue.blogspot.com\/2025\/03\/intercambio-con-san-diego-2025.html\">https:\/\/mirayabilingue.blogspot.com\/2025\/03\/intercambio-con-san-diego-2025.html<\/a><img loading=\"lazy\" decoding=\"async\" class=\"alignnone wp-image-11666\" src=\"https:\/\/blogsaverroes.juntadeandalucia.es\/plurilinguismodelegacionmalaga\/files\/2025\/03\/IMG_8381-300x169.jpeg\" alt=\"\" width=\"408\" height=\"230\" srcset=\"https:\/\/blogsaverroes.juntadeandalucia.es\/plurilinguismodelegacionmalaga\/files\/2025\/03\/IMG_8381-300x169.jpeg 300w, https:\/\/blogsaverroes.juntadeandalucia.es\/plurilinguismodelegacionmalaga\/files\/2025\/03\/IMG_8381-1024x576.jpeg 1024w, https:\/\/blogsaverroes.juntadeandalucia.es\/plurilinguismodelegacionmalaga\/files\/2025\/03\/IMG_8381-768x432.jpeg 768w, https:\/\/blogsaverroes.juntadeandalucia.es\/plurilinguismodelegacionmalaga\/files\/2025\/03\/IMG_8381-1536x864.jpeg 1536w, https:\/\/blogsaverroes.juntadeandalucia.es\/plurilinguismodelegacionmalaga\/files\/2025\/03\/IMG_8381-2048x1152.jpeg 2048w\" sizes=\"(max-width: 408px) 100vw, 408px\" \/> <img loading=\"lazy\" decoding=\"async\" class=\"alignnone wp-image-11667\" src=\"https:\/\/blogsaverroes.juntadeandalucia.es\/plurilinguismodelegacionmalaga\/files\/2025\/03\/IMG_8386-300x159.jpeg\" alt=\"\" width=\"451\" height=\"239\" srcset=\"https:\/\/blogsaverroes.juntadeandalucia.es\/plurilinguismodelegacionmalaga\/files\/2025\/03\/IMG_8386-300x159.jpeg 300w, https:\/\/blogsaverroes.juntadeandalucia.es\/plurilinguismodelegacionmalaga\/files\/2025\/03\/IMG_8386-1024x544.jpeg 1024w, https:\/\/blogsaverroes.juntadeandalucia.es\/plurilinguismodelegacionmalaga\/files\/2025\/03\/IMG_8386-768x408.jpeg 768w, https:\/\/blogsaverroes.juntadeandalucia.es\/plurilinguismodelegacionmalaga\/files\/2025\/03\/IMG_8386-1536x816.jpeg 1536w, https:\/\/blogsaverroes.juntadeandalucia.es\/plurilinguismodelegacionmalaga\/files\/2025\/03\/IMG_8386-2048x1088.jpeg 2048w\" sizes=\"(max-width: 451px) 100vw, 451px\" \/> <img loading=\"lazy\" decoding=\"async\" class=\"alignnone wp-image-11668\" src=\"https:\/\/blogsaverroes.juntadeandalucia.es\/plurilinguismodelegacionmalaga\/files\/2025\/03\/IMG_8387-300x169.jpeg\" alt=\"\" width=\"399\" height=\"225\" srcset=\"https:\/\/blogsaverroes.juntadeandalucia.es\/plurilinguismodelegacionmalaga\/files\/2025\/03\/IMG_8387-300x169.jpeg 300w, https:\/\/blogsaverroes.juntadeandalucia.es\/plurilinguismodelegacionmalaga\/files\/2025\/03\/IMG_8387-1024x576.jpeg 1024w, https:\/\/blogsaverroes.juntadeandalucia.es\/plurilinguismodelegacionmalaga\/files\/2025\/03\/IMG_8387-768x432.jpeg 768w, https:\/\/blogsaverroes.juntadeandalucia.es\/plurilinguismodelegacionmalaga\/files\/2025\/03\/IMG_8387-1536x864.jpeg 1536w, https:\/\/blogsaverroes.juntadeandalucia.es\/plurilinguismodelegacionmalaga\/files\/2025\/03\/IMG_8387-2048x1152.jpeg 2048w\" sizes=\"(max-width: 399px) 100vw, 399px\" \/> <img loading=\"lazy\" decoding=\"async\" class=\"alignnone wp-image-11670\" src=\"https:\/\/blogsaverroes.juntadeandalucia.es\/plurilinguismodelegacionmalaga\/files\/2025\/03\/IMG_8393-300x169.jpeg\" alt=\"\" width=\"438\" height=\"247\" srcset=\"https:\/\/blogsaverroes.juntadeandalucia.es\/plurilinguismodelegacionmalaga\/files\/2025\/03\/IMG_8393-300x169.jpeg 300w, https:\/\/blogsaverroes.juntadeandalucia.es\/plurilinguismodelegacionmalaga\/files\/2025\/03\/IMG_8393-1024x576.jpeg 1024w, https:\/\/blogsaverroes.juntadeandalucia.es\/plurilinguismodelegacionmalaga\/files\/2025\/03\/IMG_8393-768x432.jpeg 768w, https:\/\/blogsaverroes.juntadeandalucia.es\/plurilinguismodelegacionmalaga\/files\/2025\/03\/IMG_8393-1536x864.jpeg 1536w, https:\/\/blogsaverroes.juntadeandalucia.es\/plurilinguismodelegacionmalaga\/files\/2025\/03\/IMG_8393-2048x1152.jpeg 2048w\" sizes=\"(max-width: 438px) 100vw, 438px\" \/><\/p>\n<p><a href=\"https:\/\/www.youtube.com\/watch?v=3H6kQM_l-r8\" target=\"_blank\" rel=\"noopener\">V\u00eddeo resumen del intercambio<\/a>: https:\/\/www.youtube.com\/watch?v=3H6kQM_l-r8<\/p>\n<div class=\"elided-text\">\n<div dir=\"ltr\">&nbsp;<\/div>\n<\/div>\n","protected":false},"excerpt":{"rendered":"<p>Desde el 2 al 17 de febrero de 2025, un grupo de alumnos de 1.\u00ba de Bachillerato del I.E.S. Miraya del Mar de Torre del Mar disfrutaron de un intercambio con la ciudad californiana&#46;&#46;&#46;<\/p>\n","protected":false},"author":8062,"featured_media":11669,"comment_status":"open","ping_status":"open","sticky":false,"template":"","format":"standard","meta":{"ngg_post_thumbnail":0,"footnotes":""},"categories":[1174746],"tags":[],"aioseo_notices":[],"_links":{"self":[{"href":"https:\/\/blogsaverroes.juntadeandalucia.es\/plurilinguismodelegacionmalaga\/wp-json\/wp\/v2\/posts\/11665"}],"collection":[{"href":"https:\/\/blogsaverroes.juntadeandalucia.es\/plurilinguismodelegacionmalaga\/wp-json\/wp\/v2\/posts"}],"about":[{"href":"https:\/\/blogsaverroes.juntadeandalucia.es\/plurilinguismodelegacionmalaga\/wp-json\/wp\/v2\/types\/post"}],"author":[{"embeddable":true,"href":"https:\/\/blogsaverroes.juntadeandalucia.es\/plurilinguismodelegacionmalaga\/wp-json\/wp\/v2\/users\/8062"}],"replies":[{"embeddable":true,"href":"https:\/\/blogsaverroes.juntadeandalucia.es\/plurilinguismodelegacionmalaga\/wp-json\/wp\/v2\/comments?post=11665"}],"version-history":[{"count":4,"href":"https:\/\/blogsaverroes.juntadeandalucia.es\/plurilinguismodelegacionmalaga\/wp-json\/wp\/v2\/posts\/11665\/revisions"}],"predecessor-version":[{"id":11862,"href":"https:\/\/blogsaverroes.juntadeandalucia.es\/plurilinguismodelegacionmalaga\/wp-json\/wp\/v2\/posts\/11665\/revisions\/11862"}],"wp:featuredmedia":[{"embeddable":true,"href":"https:\/\/blogsaverroes.juntadeandalucia.es\/plurilinguismodelegacionmalaga\/wp-json\/wp\/v2\/media\/11669"}],"wp:attachment":[{"href":"https:\/\/blogsaverroes.juntadeandalucia.es\/plurilinguismodelegacionmalaga\/wp-json\/wp\/v2\/media?parent=11665"}],"wp:term":[{"taxonomy":"category","embeddable":true,"href":"https:\/\/blogsaverroes.juntadeandalucia.es\/plurilinguismodelegacionmalaga\/wp-json\/wp\/v2\/categories?post=11665"},{"taxonomy":"post_tag","embeddable":true,"href":"https:\/\/blogsaverroes.juntadeandalucia.es\/plurilinguismodelegacionmalaga\/wp-json\/wp\/v2\/tags?post=11665"}],"curies":[{"name":"wp","href":"https:\/\/api.w.org\/{rel}","templated":true}]}}