{"id":11694,"date":"2025-03-19T09:34:50","date_gmt":"2025-03-19T08:34:50","guid":{"rendered":"https:\/\/blogsaverroes.juntadeandalucia.es\/plurilinguismodelegacionmalaga\/?p=11694"},"modified":"2025-03-19T09:35:27","modified_gmt":"2025-03-19T08:35:27","slug":"intercambio-escolar-i-e-s-canovas-del-castillo-en-gap-francia","status":"publish","type":"post","link":"https:\/\/blogsaverroes.juntadeandalucia.es\/plurilinguismodelegacionmalaga\/2025\/03\/19\/intercambio-escolar-i-e-s-canovas-del-castillo-en-gap-francia\/","title":{"rendered":"Intercambio escolar &#8211; I.E.S. C\u00e1novas del Castillo en Gap, Francia"},"content":{"rendered":"<p dir=\"ltr\"><span style=\"font-family: verdana, geneva, sans-serif\">Quince alumnos del I.E.S. C\u00e1novas del Castillo de 3.\u00ba y 4.\u00ba de la E.S.O. est\u00e1n realizando un intercambio con alumnos del <em>Lyc\u00e9e St Joseph<\/em> de Gap, una localidad en los Alpes franceses, como parte del Programa de Intercambios Escolares 2024-25 de la Junta de Andaluc\u00eda.<\/span><\/p>\n<p dir=\"ltr\"><span style=\"font-family: verdana, geneva, sans-serif\">Est\u00e1n llevando a cabo distintas actividades y disfrutando de la alta monta\u00f1a. En mayo recibiremos a los alumnos franceses en M\u00e1laga que cambiar\u00e1n la monta\u00f1a por el <\/span><span style=\"font-family: verdana, geneva, sans-serif\">mar.<\/span><\/p>\n<p dir=\"ltr\">&nbsp;<img loading=\"lazy\" decoding=\"async\" class=\"wp-image-11697 alignleft\" src=\"https:\/\/blogsaverroes.juntadeandalucia.es\/plurilinguismodelegacionmalaga\/files\/2025\/03\/Museo1-300x225.jpg\" alt=\"\" width=\"422\" height=\"316\" srcset=\"https:\/\/blogsaverroes.juntadeandalucia.es\/plurilinguismodelegacionmalaga\/files\/2025\/03\/Museo1-300x225.jpg 300w, https:\/\/blogsaverroes.juntadeandalucia.es\/plurilinguismodelegacionmalaga\/files\/2025\/03\/Museo1-1024x768.jpg 1024w, https:\/\/blogsaverroes.juntadeandalucia.es\/plurilinguismodelegacionmalaga\/files\/2025\/03\/Museo1-768x576.jpg 768w, https:\/\/blogsaverroes.juntadeandalucia.es\/plurilinguismodelegacionmalaga\/files\/2025\/03\/Museo1-1536x1152.jpg 1536w, https:\/\/blogsaverroes.juntadeandalucia.es\/plurilinguismodelegacionmalaga\/files\/2025\/03\/Museo1.jpg 2040w\" sizes=\"(max-width: 422px) 100vw, 422px\" \/> <img loading=\"lazy\" decoding=\"async\" class=\" wp-image-11698 alignnone\" src=\"https:\/\/blogsaverroes.juntadeandalucia.es\/plurilinguismodelegacionmalaga\/files\/2025\/03\/Aeorpuerto-300x225.jpg\" alt=\"\" width=\"464\" height=\"348\" srcset=\"https:\/\/blogsaverroes.juntadeandalucia.es\/plurilinguismodelegacionmalaga\/files\/2025\/03\/Aeorpuerto-300x225.jpg 300w, https:\/\/blogsaverroes.juntadeandalucia.es\/plurilinguismodelegacionmalaga\/files\/2025\/03\/Aeorpuerto-1024x768.jpg 1024w, https:\/\/blogsaverroes.juntadeandalucia.es\/plurilinguismodelegacionmalaga\/files\/2025\/03\/Aeorpuerto-768x576.jpg 768w, https:\/\/blogsaverroes.juntadeandalucia.es\/plurilinguismodelegacionmalaga\/files\/2025\/03\/Aeorpuerto-1536x1152.jpg 1536w, https:\/\/blogsaverroes.juntadeandalucia.es\/plurilinguismodelegacionmalaga\/files\/2025\/03\/Aeorpuerto.jpg 2040w\" sizes=\"(max-width: 464px) 100vw, 464px\" \/><\/p>\n<p dir=\"ltr\"><img loading=\"lazy\" decoding=\"async\" class=\" wp-image-11695 aligncenter\" src=\"https:\/\/blogsaverroes.juntadeandalucia.es\/plurilinguismodelegacionmalaga\/files\/2025\/03\/Hockey-300x169.jpg\" alt=\"\" width=\"542\" height=\"305\" srcset=\"https:\/\/blogsaverroes.juntadeandalucia.es\/plurilinguismodelegacionmalaga\/files\/2025\/03\/Hockey-300x169.jpg 300w, https:\/\/blogsaverroes.juntadeandalucia.es\/plurilinguismodelegacionmalaga\/files\/2025\/03\/Hockey-1024x576.jpg 1024w, https:\/\/blogsaverroes.juntadeandalucia.es\/plurilinguismodelegacionmalaga\/files\/2025\/03\/Hockey-768x432.jpg 768w, https:\/\/blogsaverroes.juntadeandalucia.es\/plurilinguismodelegacionmalaga\/files\/2025\/03\/Hockey-1536x864.jpg 1536w, https:\/\/blogsaverroes.juntadeandalucia.es\/plurilinguismodelegacionmalaga\/files\/2025\/03\/Hockey.jpg 2016w\" sizes=\"(max-width: 542px) 100vw, 542px\" \/><\/p>\n","protected":false},"excerpt":{"rendered":"<p>Quince alumnos del I.E.S. C\u00e1novas del Castillo de 3.\u00ba y 4.\u00ba de la E.S.O. est\u00e1n realizando un intercambio con alumnos del Lyc\u00e9e St Joseph de Gap, una localidad en los Alpes franceses, como parte&#46;&#46;&#46;<\/p>\n","protected":false},"author":8062,"featured_media":11696,"comment_status":"open","ping_status":"open","sticky":false,"template":"","format":"standard","meta":{"ngg_post_thumbnail":0,"footnotes":""},"categories":[1174746,2284907],"tags":[],"aioseo_notices":[],"_links":{"self":[{"href":"https:\/\/blogsaverroes.juntadeandalucia.es\/plurilinguismodelegacionmalaga\/wp-json\/wp\/v2\/posts\/11694"}],"collection":[{"href":"https:\/\/blogsaverroes.juntadeandalucia.es\/plurilinguismodelegacionmalaga\/wp-json\/wp\/v2\/posts"}],"about":[{"href":"https:\/\/blogsaverroes.juntadeandalucia.es\/plurilinguismodelegacionmalaga\/wp-json\/wp\/v2\/types\/post"}],"author":[{"embeddable":true,"href":"https:\/\/blogsaverroes.juntadeandalucia.es\/plurilinguismodelegacionmalaga\/wp-json\/wp\/v2\/users\/8062"}],"replies":[{"embeddable":true,"href":"https:\/\/blogsaverroes.juntadeandalucia.es\/plurilinguismodelegacionmalaga\/wp-json\/wp\/v2\/comments?post=11694"}],"version-history":[{"count":2,"href":"https:\/\/blogsaverroes.juntadeandalucia.es\/plurilinguismodelegacionmalaga\/wp-json\/wp\/v2\/posts\/11694\/revisions"}],"predecessor-version":[{"id":11700,"href":"https:\/\/blogsaverroes.juntadeandalucia.es\/plurilinguismodelegacionmalaga\/wp-json\/wp\/v2\/posts\/11694\/revisions\/11700"}],"wp:featuredmedia":[{"embeddable":true,"href":"https:\/\/blogsaverroes.juntadeandalucia.es\/plurilinguismodelegacionmalaga\/wp-json\/wp\/v2\/media\/11696"}],"wp:attachment":[{"href":"https:\/\/blogsaverroes.juntadeandalucia.es\/plurilinguismodelegacionmalaga\/wp-json\/wp\/v2\/media?parent=11694"}],"wp:term":[{"taxonomy":"category","embeddable":true,"href":"https:\/\/blogsaverroes.juntadeandalucia.es\/plurilinguismodelegacionmalaga\/wp-json\/wp\/v2\/categories?post=11694"},{"taxonomy":"post_tag","embeddable":true,"href":"https:\/\/blogsaverroes.juntadeandalucia.es\/plurilinguismodelegacionmalaga\/wp-json\/wp\/v2\/tags?post=11694"}],"curies":[{"name":"wp","href":"https:\/\/api.w.org\/{rel}","templated":true}]}}