{"id":11715,"date":"2025-03-31T10:21:58","date_gmt":"2025-03-31T08:21:58","guid":{"rendered":"https:\/\/blogsaverroes.juntadeandalucia.es\/plurilinguismodelegacionmalaga\/?p=11715"},"modified":"2025-03-31T11:21:03","modified_gmt":"2025-03-31T09:21:03","slug":"los-ies-christine-picasso-y-maria-zambrano-clasificados-en-el-torneo-de-debate-plurilingue-fase-provincial-malaga","status":"publish","type":"post","link":"https:\/\/blogsaverroes.juntadeandalucia.es\/plurilinguismodelegacionmalaga\/2025\/03\/31\/los-ies-christine-picasso-y-maria-zambrano-clasificados-en-el-torneo-de-debate-plurilingue-fase-provincial-malaga\/","title":{"rendered":"Los IES Christine Picasso y Mar\u00eda Zambrano, clasificados en el Torneo de Debate Pluriling\u00fce Fase Provincial M\u00e1laga"},"content":{"rendered":"<p><span style=\"font-family: verdana, geneva, sans-serif\">El pasado 27 de marzo tuvo lugar la fase provincial del Torneo de Debate Educativo &#8220;Debates Pluriling\u00fces de Andaluc\u00eda&#8221;, organizado por la Consejer\u00eda de Desarrollo Educativo y Formaci\u00f3n Profesional. Un total de seis equipos -dos en la modalidad franc\u00e9s, cuatro en la modalidad ingl\u00e9s- participaron en los debates asumiendo la postura &#8220;a favor&#8221; o &#8220;en contra&#8221; respondiendo a la pregunta &#8220;\u00bfSon las redes sociales una amenaza para la sociedad?&#8221;<\/span><\/p>\n<div id=\"attachment_11729\" style=\"width: 310px\" class=\"wp-caption alignright\"><img loading=\"lazy\" decoding=\"async\" aria-describedby=\"caption-attachment-11729\" class=\"wp-image-11729\" src=\"https:\/\/blogsaverroes.juntadeandalucia.es\/plurilinguismodelegacionmalaga\/files\/2025\/03\/IMG-20250327-WA0016-300x247.jpg\" alt=\"\" width=\"300\" height=\"247\"><p id=\"caption-attachment-11729\" class=\"wp-caption-text\">Voluntarios del Colegio Ntra. Sra. de la Victoria-Maristas<\/p><\/div>\n<div id=\"attachment_11727\" style=\"width: 307px\" class=\"wp-caption alignleft\"><img loading=\"lazy\" decoding=\"async\" aria-describedby=\"caption-attachment-11727\" class=\"wp-image-11727\" title=\"Voluntarios del I.E.S. Christine Picasso\" src=\"https:\/\/blogsaverroes.juntadeandalucia.es\/plurilinguismodelegacionmalaga\/files\/2025\/03\/7-300x300.jpg\" alt=\"\" width=\"297\" height=\"297\"><p id=\"caption-attachment-11727\" class=\"wp-caption-text\">Voluntarios del I.E.S. Christine Picasso<\/p><\/div>\n<div id=\"attachment_11726\" style=\"width: 301px\" class=\"wp-caption aligncenter\"><img loading=\"lazy\" decoding=\"async\" aria-describedby=\"caption-attachment-11726\" class=\"wp-image-11726\" src=\"https:\/\/blogsaverroes.juntadeandalucia.es\/plurilinguismodelegacionmalaga\/files\/2025\/03\/6-300x300.jpg\" alt=\"\" width=\"291\" height=\"291\"><p id=\"caption-attachment-11726\" class=\"wp-caption-text\">Debatientes del Colegio Gamarra<\/p><\/div>\n<div id=\"attachment_11728\" style=\"width: 314px\" class=\"wp-caption aligncenter\"><img loading=\"lazy\" decoding=\"async\" aria-describedby=\"caption-attachment-11728\" class=\"wp-image-11728\" title=\"Debatientes del I.E.S. Mayorazgo\" src=\"https:\/\/blogsaverroes.juntadeandalucia.es\/plurilinguismodelegacionmalaga\/files\/2025\/03\/IMG20250327105340-300x225.jpg\" alt=\"\" width=\"304\" height=\"228\"><p id=\"caption-attachment-11728\" class=\"wp-caption-text\">Debatientes del I.E.S. Mayorazgo<\/p><\/div>\n<p><span style=\"font-family: verdana, geneva, sans-serif\">&nbsp;<img loading=\"lazy\" decoding=\"async\" class=\"wp-image-11716 alignright\" src=\"https:\/\/blogsaverroes.juntadeandalucia.es\/plurilinguismodelegacionmalaga\/files\/2025\/03\/IMG-20250327-WA0073-300x225.jpg\" alt=\"\" width=\"427\" height=\"320\" srcset=\"https:\/\/blogsaverroes.juntadeandalucia.es\/plurilinguismodelegacionmalaga\/files\/2025\/03\/IMG-20250327-WA0073-300x225.jpg 300w, https:\/\/blogsaverroes.juntadeandalucia.es\/plurilinguismodelegacionmalaga\/files\/2025\/03\/IMG-20250327-WA0073-1024x768.jpg 1024w, https:\/\/blogsaverroes.juntadeandalucia.es\/plurilinguismodelegacionmalaga\/files\/2025\/03\/IMG-20250327-WA0073-768x576.jpg 768w, https:\/\/blogsaverroes.juntadeandalucia.es\/plurilinguismodelegacionmalaga\/files\/2025\/03\/IMG-20250327-WA0073-1536x1152.jpg 1536w, https:\/\/blogsaverroes.juntadeandalucia.es\/plurilinguismodelegacionmalaga\/files\/2025\/03\/IMG-20250327-WA0073-2048x1536.jpg 2048w\" sizes=\"(max-width: 427px) 100vw, 427px\" \/>La sede de esta segunda edici\u00f3n del Torneo de Debate Pluriling\u00fce ha sido la Escuela Oficial de Idiomas de M\u00e1laga.<img loading=\"lazy\" decoding=\"async\" class=\"alignright wp-image-11725\" src=\"https:\/\/blogsaverroes.juntadeandalucia.es\/plurilinguismodelegacionmalaga\/files\/2025\/03\/photo_5992436649277113166_y-300x226.jpg\" alt=\"\" width=\"440\" height=\"331\"><\/span><\/p>\n<p><span style=\"font-family: verdana, geneva, sans-serif\">Durante las rondas de la ma\u00f1ana, los equipos se han enfrentado al menos una vez. Tras las deliberaciones de los jurados y la pausa de almuerzo, los dos equipos con m\u00e1s puntuaci\u00f3n de cada modalidad se han clasificado para la final, que tuvo lugar en el sal\u00f3n de actos de la E.O.I.<\/span><\/p>\n<p><img loading=\"lazy\" decoding=\"async\" class=\"wp-image-11724 aligncenter\" src=\"https:\/\/blogsaverroes.juntadeandalucia.es\/plurilinguismodelegacionmalaga\/files\/2025\/03\/IMG20250327100133-225x300.jpg\" alt=\"\" width=\"260\" height=\"347\"><\/p>\n<p><span style=\"font-family: verdana, geneva, sans-serif\">El I.E.S. Christine Picasso de M\u00e1laga se ha proclamado vencedor provincial en la modalidad de franc\u00e9s, con un grupo mixto formado por Luc\u00eda, Carmen, Hugo y Carlos frente al I.E.S. C\u00e1novas del Castillo, que ha sido finalista. Luc\u00eda Gonz\u00e1lez Pineda, del I.E.S. Christine Picasso ha sido distinguida como mejor oradora en esta modalidad.<\/span><\/p>\n<p><span style=\"font-family: verdana, geneva, sans-serif\"><img loading=\"lazy\" decoding=\"async\" class=\"wp-image-11717 alignright\" src=\"https:\/\/blogsaverroes.juntadeandalucia.es\/plurilinguismodelegacionmalaga\/files\/2025\/03\/IMG-20250327-WA0086-300x225.jpg\" alt=\"\" width=\"478\" height=\"359\" srcset=\"https:\/\/blogsaverroes.juntadeandalucia.es\/plurilinguismodelegacionmalaga\/files\/2025\/03\/IMG-20250327-WA0086-300x225.jpg 300w, https:\/\/blogsaverroes.juntadeandalucia.es\/plurilinguismodelegacionmalaga\/files\/2025\/03\/IMG-20250327-WA0086-1024x768.jpg 1024w, https:\/\/blogsaverroes.juntadeandalucia.es\/plurilinguismodelegacionmalaga\/files\/2025\/03\/IMG-20250327-WA0086-768x576.jpg 768w, https:\/\/blogsaverroes.juntadeandalucia.es\/plurilinguismodelegacionmalaga\/files\/2025\/03\/IMG-20250327-WA0086-1536x1152.jpg 1536w, https:\/\/blogsaverroes.juntadeandalucia.es\/plurilinguismodelegacionmalaga\/files\/2025\/03\/IMG-20250327-WA0086-2048x1536.jpg 2048w\" sizes=\"(max-width: 478px) 100vw, 478px\" \/><\/span><\/p>\n<div id=\"attachment_11721\" style=\"width: 404px\" class=\"wp-caption alignleft\"><img loading=\"lazy\" decoding=\"async\" aria-describedby=\"caption-attachment-11721\" class=\"wp-image-11721\" title=\"Finalistas del I.E.S. Camilo Jos\u00e9 Cela\" src=\"https:\/\/blogsaverroes.juntadeandalucia.es\/plurilinguismodelegacionmalaga\/files\/2025\/03\/IMG-20250327-WA0090-300x225.jpg\" alt=\"\" width=\"394\" height=\"296\"><p id=\"caption-attachment-11721\" class=\"wp-caption-text\"><\/span> <span style=\"font-family: verdana, geneva, sans-serif\">Finalistas del I.E.S. Camilo Jos\u00e9 Cela<\/span><\/p><\/div>\n<p>&nbsp;<\/p>\n<p>&nbsp;<\/p>\n<p><span style=\"font-family: verdana, geneva, sans-serif\">En la modalidad de ingl\u00e9s, ha sido el I.E.S. Mar\u00eda Zambrano de Torre del Mar el centro vencedor provincial, con un equipo formado por cuatro alumnas: Moana Elizabeth,&nbsp;Claudia, Cristina y Natalia, en una disputada final frente al I.E.S. Camilo Jos\u00e9 Cela de Campillos, que ha sido finalista. En esta modalidad Moana Elizabeth Butterworth. del I.E.S. Mar\u00eda Zambrano, ha sido distinguida como mejor oradora.<\/span><img loading=\"lazy\" decoding=\"async\" class=\"wp-image-11720 alignright\" src=\"https:\/\/blogsaverroes.juntadeandalucia.es\/plurilinguismodelegacionmalaga\/files\/2025\/03\/IMG-20250327-WA0096-300x225.jpg\" alt=\"\" width=\"461\" height=\"345\" srcset=\"https:\/\/blogsaverroes.juntadeandalucia.es\/plurilinguismodelegacionmalaga\/files\/2025\/03\/IMG-20250327-WA0096-300x225.jpg 300w, https:\/\/blogsaverroes.juntadeandalucia.es\/plurilinguismodelegacionmalaga\/files\/2025\/03\/IMG-20250327-WA0096-1024x768.jpg 1024w, https:\/\/blogsaverroes.juntadeandalucia.es\/plurilinguismodelegacionmalaga\/files\/2025\/03\/IMG-20250327-WA0096-768x576.jpg 768w, https:\/\/blogsaverroes.juntadeandalucia.es\/plurilinguismodelegacionmalaga\/files\/2025\/03\/IMG-20250327-WA0096-1536x1152.jpg 1536w, https:\/\/blogsaverroes.juntadeandalucia.es\/plurilinguismodelegacionmalaga\/files\/2025\/03\/IMG-20250327-WA0096-2048x1536.jpg 2048w\" sizes=\"(max-width: 461px) 100vw, 461px\" \/><\/p>\n<p>&nbsp;<\/p>\n<p>&nbsp;<\/p>\n<p>&nbsp;<\/p>\n<p>&nbsp;<\/p>\n<p>&nbsp;<\/p>\n<p>&nbsp;<\/p>\n<p>&nbsp;<\/p>\n<p>&nbsp;<\/p>\n<p>&nbsp;<\/p>\n<p><span style=\"font-family: verdana, geneva, sans-serif\">Los trofeos y diplomas a los equipos finalistas han sido entregados por don Antonio Puentes Molina, Comit\u00e9 Organizador de este torneo <img loading=\"lazy\" decoding=\"async\" class=\"size-medium wp-image-11723 alignright\" src=\"https:\/\/blogsaverroes.juntadeandalucia.es\/plurilinguismodelegacionmalaga\/files\/2025\/03\/IMG-20250327-WA0120-300x225.jpg\" alt=\"\" width=\"300\" height=\"225\" srcset=\"https:\/\/blogsaverroes.juntadeandalucia.es\/plurilinguismodelegacionmalaga\/files\/2025\/03\/IMG-20250327-WA0120-300x225.jpg 300w, https:\/\/blogsaverroes.juntadeandalucia.es\/plurilinguismodelegacionmalaga\/files\/2025\/03\/IMG-20250327-WA0120-1024x768.jpg 1024w, https:\/\/blogsaverroes.juntadeandalucia.es\/plurilinguismodelegacionmalaga\/files\/2025\/03\/IMG-20250327-WA0120-768x576.jpg 768w, https:\/\/blogsaverroes.juntadeandalucia.es\/plurilinguismodelegacionmalaga\/files\/2025\/03\/IMG-20250327-WA0120-1536x1152.jpg 1536w, https:\/\/blogsaverroes.juntadeandalucia.es\/plurilinguismodelegacionmalaga\/files\/2025\/03\/IMG-20250327-WA0120-2048x1536.jpg 2048w\" sizes=\"(max-width: 300px) 100vw, 300px\" \/>en representaci\u00f3n de la Direcci\u00f3n&nbsp;General de Innovaci\u00f3n y Formaci\u00f3n del Profesorado, acompa\u00f1ado por la Jefa de Servicio de Ordenaci\u00f3n Educativa, do\u00f1a Aurora D\u00edaz Camacho, quien ha destacado la importancia de desarrollar las destrezas orales b\u00e1sicas, la escucha atenta y la argumentaci\u00f3n como estrategias para la resoluci\u00f3n de conflictos mientras se fomenta la competencia pluriling\u00fce.<\/span><\/p>\n<p><span style=\"font-family: verdana, geneva, sans-serif\">Este torneo ha sido posible gracias a los docentes especialistas en lenguas extranjeras que han participado como jurado en ambas modalidades, y que han hecho una magn\u00edfica labor, adem\u00e1s de por supuesto los dos equipos de voluntarios, uno del I.E.S. Christine Picasso y otro del Colegio Ntra. Sra. de la Victoria-Maristas, que han asistido y animado a los alumnos debatientes durante toda la jornada. Damos la enhorabuena a los profesores formadores por su apoyo y gran trabajo con los debatientes. Queremos sumar un especial agradecimiento a la Escuela del M\u00e1rmol de Fines (Almer\u00eda) por la elaboraci\u00f3n de los trofeos de m\u00e1rmol que se han llevado a sus centros los dos equipos clasificados.<\/span><\/p>\n<p><span style=\"font-family: verdana, geneva, sans-serif\">Nuestro Torneo de Debate provincial &#8220;Debates Pluriling\u00fces de Andaluc\u00eda&#8221; en el <a href=\"https:\/\/www.diariosur.es\/malaga\/ies-christine-picasso-maria-zambrano-ganan-fase-debate-andalucia-20250328121424-nt.html\" target=\"_blank\" rel=\"noopener\">Diario Sur<\/a> y en el <a href=\"https:\/\/infoaxarquia.es\/2025\/03\/28\/los-ies-christine-picasso-y-maria-zambrano-ganadores-de-la-fase-provincial-del-torneo-debates-plurilingues-de-andalucia\/\" target=\"_blank\" rel=\"noopener\">Diario Digital Infoaxarqu\u00eda<\/a><\/span><\/p>\n","protected":false},"excerpt":{"rendered":"<p>El pasado 27 de marzo tuvo lugar la fase provincial del Torneo de Debate Educativo &#8220;Debates Pluriling\u00fces de Andaluc\u00eda&#8221;, organizado por la Consejer\u00eda de Desarrollo Educativo y Formaci\u00f3n Profesional. Un total de seis equipos&#46;&#46;&#46;<\/p>\n","protected":false},"author":8062,"featured_media":11730,"comment_status":"open","ping_status":"open","sticky":false,"template":"","format":"standard","meta":{"ngg_post_thumbnail":0,"footnotes":""},"categories":[2284907,2284910],"tags":[],"aioseo_notices":[],"_links":{"self":[{"href":"https:\/\/blogsaverroes.juntadeandalucia.es\/plurilinguismodelegacionmalaga\/wp-json\/wp\/v2\/posts\/11715"}],"collection":[{"href":"https:\/\/blogsaverroes.juntadeandalucia.es\/plurilinguismodelegacionmalaga\/wp-json\/wp\/v2\/posts"}],"about":[{"href":"https:\/\/blogsaverroes.juntadeandalucia.es\/plurilinguismodelegacionmalaga\/wp-json\/wp\/v2\/types\/post"}],"author":[{"embeddable":true,"href":"https:\/\/blogsaverroes.juntadeandalucia.es\/plurilinguismodelegacionmalaga\/wp-json\/wp\/v2\/users\/8062"}],"replies":[{"embeddable":true,"href":"https:\/\/blogsaverroes.juntadeandalucia.es\/plurilinguismodelegacionmalaga\/wp-json\/wp\/v2\/comments?post=11715"}],"version-history":[{"count":6,"href":"https:\/\/blogsaverroes.juntadeandalucia.es\/plurilinguismodelegacionmalaga\/wp-json\/wp\/v2\/posts\/11715\/revisions"}],"predecessor-version":[{"id":11736,"href":"https:\/\/blogsaverroes.juntadeandalucia.es\/plurilinguismodelegacionmalaga\/wp-json\/wp\/v2\/posts\/11715\/revisions\/11736"}],"wp:featuredmedia":[{"embeddable":true,"href":"https:\/\/blogsaverroes.juntadeandalucia.es\/plurilinguismodelegacionmalaga\/wp-json\/wp\/v2\/media\/11730"}],"wp:attachment":[{"href":"https:\/\/blogsaverroes.juntadeandalucia.es\/plurilinguismodelegacionmalaga\/wp-json\/wp\/v2\/media?parent=11715"}],"wp:term":[{"taxonomy":"category","embeddable":true,"href":"https:\/\/blogsaverroes.juntadeandalucia.es\/plurilinguismodelegacionmalaga\/wp-json\/wp\/v2\/categories?post=11715"},{"taxonomy":"post_tag","embeddable":true,"href":"https:\/\/blogsaverroes.juntadeandalucia.es\/plurilinguismodelegacionmalaga\/wp-json\/wp\/v2\/tags?post=11715"}],"curies":[{"name":"wp","href":"https:\/\/api.w.org\/{rel}","templated":true}]}}