{"id":11792,"date":"2025-05-14T13:37:02","date_gmt":"2025-05-14T11:37:02","guid":{"rendered":"https:\/\/blogsaverroes.juntadeandalucia.es\/plurilinguismodelegacionmalaga\/?p=11792"},"modified":"2025-05-14T13:37:02","modified_gmt":"2025-05-14T11:37:02","slug":"ies-sierra-de-mijas-inmersion-en-irlanda","status":"publish","type":"post","link":"https:\/\/blogsaverroes.juntadeandalucia.es\/plurilinguismodelegacionmalaga\/2025\/05\/14\/ies-sierra-de-mijas-inmersion-en-irlanda\/","title":{"rendered":"IES Sierra de Mijas &#8211; inmersi\u00f3n en Irlanda"},"content":{"rendered":"<div>&nbsp;<\/div>\n<div><span style=\"font-size: 12pt\"><strong><span style=\"font-family: verdana, geneva, sans-serif\">Inmersi\u00f3n Irlanda<\/span><\/strong><\/span><\/div>\n<div><span style=\"font-size: 12pt\"><strong><span style=\"font-family: verdana, geneva, sans-serif\"><img loading=\"lazy\" decoding=\"async\" class=\" wp-image-11795 aligncenter\" src=\"https:\/\/blogsaverroes.juntadeandalucia.es\/plurilinguismodelegacionmalaga\/files\/2025\/05\/1aa0c903-735b-4b28-bdb5-9135b6e35bff-300x225.jpg\" alt=\"\" width=\"487\" height=\"365\" srcset=\"https:\/\/blogsaverroes.juntadeandalucia.es\/plurilinguismodelegacionmalaga\/files\/2025\/05\/1aa0c903-735b-4b28-bdb5-9135b6e35bff-300x225.jpg 300w, https:\/\/blogsaverroes.juntadeandalucia.es\/plurilinguismodelegacionmalaga\/files\/2025\/05\/1aa0c903-735b-4b28-bdb5-9135b6e35bff-1024x768.jpg 1024w, https:\/\/blogsaverroes.juntadeandalucia.es\/plurilinguismodelegacionmalaga\/files\/2025\/05\/1aa0c903-735b-4b28-bdb5-9135b6e35bff-768x576.jpg 768w, https:\/\/blogsaverroes.juntadeandalucia.es\/plurilinguismodelegacionmalaga\/files\/2025\/05\/1aa0c903-735b-4b28-bdb5-9135b6e35bff-1536x1152.jpg 1536w, https:\/\/blogsaverroes.juntadeandalucia.es\/plurilinguismodelegacionmalaga\/files\/2025\/05\/1aa0c903-735b-4b28-bdb5-9135b6e35bff.jpg 2048w\" sizes=\"(max-width: 487px) 100vw, 487px\" \/><\/span><\/strong><\/span><\/div>\n<p><span style=\"font-size: 12pt\"><strong><span style=\"font-family: verdana, geneva, sans-serif\">Por quinto a\u00f1o, el departamento de Idiomas del IES Sierra de Mijas ha promovido una inmersi\u00f3n ling\u00fc\u00edstica con alumnos de 3.<img loading=\"lazy\" decoding=\"async\" class=\" wp-image-11793 alignright\" src=\"https:\/\/blogsaverroes.juntadeandalucia.es\/plurilinguismodelegacionmalaga\/files\/2025\/05\/IMG_5153-169x300.jpg\" alt=\"\" width=\"343\" height=\"609\" srcset=\"https:\/\/blogsaverroes.juntadeandalucia.es\/plurilinguismodelegacionmalaga\/files\/2025\/05\/IMG_5153-169x300.jpg 169w, https:\/\/blogsaverroes.juntadeandalucia.es\/plurilinguismodelegacionmalaga\/files\/2025\/05\/IMG_5153-576x1024.jpg 576w, https:\/\/blogsaverroes.juntadeandalucia.es\/plurilinguismodelegacionmalaga\/files\/2025\/05\/IMG_5153.jpg 720w\" sizes=\"(max-width: 343px) 100vw, 343px\" \/> \u00ba ESO en Irlanda, que en esta ocasi\u00f3n ha tenido una participaci\u00f3n de 45 estudiantes. Con clases intensivas cada d\u00eda, los alumnos, alojados en el pueblo costero de D\u00fan Laoghaire, han podido practicar el ingl\u00e9s conociendo la capital, Dubl\u00edn, adem\u00e1s de visitar localizaciones diversas y realizar actividades de ocio cada d\u00eda.<\/span><\/strong><\/span><\/p>\n<p>&nbsp;<\/p>\n<p>&nbsp;<\/p>\n<p>&nbsp;<\/p>\n<p>&nbsp;<\/p>\n<p>&nbsp;<\/p>\n","protected":false},"excerpt":{"rendered":"<p>&nbsp; Inmersi\u00f3n Irlanda Por quinto a\u00f1o, el departamento de Idiomas del IES Sierra de Mijas ha promovido una inmersi\u00f3n ling\u00fc\u00edstica con alumnos de 3. \u00ba ESO en Irlanda, que en esta ocasi\u00f3n ha tenido&#46;&#46;&#46;<\/p>\n","protected":false},"author":8062,"featured_media":11794,"comment_status":"open","ping_status":"open","sticky":false,"template":"","format":"standard","meta":{"ngg_post_thumbnail":0,"footnotes":""},"categories":[2284905],"tags":[],"aioseo_notices":[],"_links":{"self":[{"href":"https:\/\/blogsaverroes.juntadeandalucia.es\/plurilinguismodelegacionmalaga\/wp-json\/wp\/v2\/posts\/11792"}],"collection":[{"href":"https:\/\/blogsaverroes.juntadeandalucia.es\/plurilinguismodelegacionmalaga\/wp-json\/wp\/v2\/posts"}],"about":[{"href":"https:\/\/blogsaverroes.juntadeandalucia.es\/plurilinguismodelegacionmalaga\/wp-json\/wp\/v2\/types\/post"}],"author":[{"embeddable":true,"href":"https:\/\/blogsaverroes.juntadeandalucia.es\/plurilinguismodelegacionmalaga\/wp-json\/wp\/v2\/users\/8062"}],"replies":[{"embeddable":true,"href":"https:\/\/blogsaverroes.juntadeandalucia.es\/plurilinguismodelegacionmalaga\/wp-json\/wp\/v2\/comments?post=11792"}],"version-history":[{"count":1,"href":"https:\/\/blogsaverroes.juntadeandalucia.es\/plurilinguismodelegacionmalaga\/wp-json\/wp\/v2\/posts\/11792\/revisions"}],"predecessor-version":[{"id":11796,"href":"https:\/\/blogsaverroes.juntadeandalucia.es\/plurilinguismodelegacionmalaga\/wp-json\/wp\/v2\/posts\/11792\/revisions\/11796"}],"wp:featuredmedia":[{"embeddable":true,"href":"https:\/\/blogsaverroes.juntadeandalucia.es\/plurilinguismodelegacionmalaga\/wp-json\/wp\/v2\/media\/11794"}],"wp:attachment":[{"href":"https:\/\/blogsaverroes.juntadeandalucia.es\/plurilinguismodelegacionmalaga\/wp-json\/wp\/v2\/media?parent=11792"}],"wp:term":[{"taxonomy":"category","embeddable":true,"href":"https:\/\/blogsaverroes.juntadeandalucia.es\/plurilinguismodelegacionmalaga\/wp-json\/wp\/v2\/categories?post=11792"},{"taxonomy":"post_tag","embeddable":true,"href":"https:\/\/blogsaverroes.juntadeandalucia.es\/plurilinguismodelegacionmalaga\/wp-json\/wp\/v2\/tags?post=11792"}],"curies":[{"name":"wp","href":"https:\/\/api.w.org\/{rel}","templated":true}]}}