{"id":11801,"date":"2025-05-15T12:30:47","date_gmt":"2025-05-15T10:30:47","guid":{"rendered":"https:\/\/blogsaverroes.juntadeandalucia.es\/plurilinguismodelegacionmalaga\/?p=11801"},"modified":"2025-05-19T09:34:35","modified_gmt":"2025-05-19T07:34:35","slug":"fase-regional-torneo-de-debate-plurilingue","status":"publish","type":"post","link":"https:\/\/blogsaverroes.juntadeandalucia.es\/plurilinguismodelegacionmalaga\/2025\/05\/15\/fase-regional-torneo-de-debate-plurilingue\/","title":{"rendered":"Fase Regional Torneo de Debate Pluriling\u00fce"},"content":{"rendered":"<p><span style=\"font-size: 12pt;font-family: verdana, geneva, sans-serif\">Los d\u00edas 12 y 13 de mayo de 2025 se ha celebrado en Huelva la Fase Regional del II Torneo de Debate Educativo &#8220;Debates Pluriling\u00fces de Andaluc\u00eda&#8221;. El lunes 12 el Torneo, organizado por el Servicio de Programas Educativos Internacionales de la Consejer\u00eda de Desarrollo Educativo y Formaci\u00f3n Profesional, fue inaugurado por el Sr. Delegado Territorial de Desarrollo Educativo y Formaci\u00f3n Profesional en Huelva, D. Carlos Soriano Garc\u00eda, acompa\u00f1ado por la Jefa de Servicio de Ordenaci\u00f3n Educativa de Huelva, D\u00f1a. Luisa Mar\u00eda Mart\u00ednez del Valle y el Jefe de Servicio de Programas Educativos Internacionales, D. Patricio L\u00f3pez Tarrida y los miembros del Comit\u00e9 Regional: D. Antonio Puentes Molina, D\u00f1a. Elena Ar\u00e9valo y D\u00f1a. Elena Romero. El evento tuvo lugar en el Conservatorio Profesional de M\u00fasica Javier Perianes, la Hdad. del Roc\u00edo de emigrantes, el CDP Moli\u00e8re y la DT de Huelva. El acto de apertura cont\u00f3 con exhibici\u00f3n de debate en chino y una actividad musical a cargo del conservatorio. Alumnado de Bachillerato Internacional del IES Diego Guzm\u00e1n y Quesada han realizado tareas de voluntariado.&nbsp;<\/span><\/p>\n<p><span style=\"font-size: 12pt;font-family: verdana, geneva, sans-serif\">En estas dos jornadas, los equipos clasificados en las modalidades de ingl\u00e9s y franc\u00e9s, as\u00ed como el alumnado participante en las exhibiciones de cada una de las ocho provincias andaluzas han debatido a favor o en contra de la siguiente pregunta: &#8220;\u00bfNos hace m\u00e1s eficientes la Inteligencia Artificial a la hora de aprender?&#8221;<\/span><\/p>\n<div id=\"attachment_11803\" style=\"width: 302px\" class=\"wp-caption alignright\"><img loading=\"lazy\" decoding=\"async\" aria-describedby=\"caption-attachment-11803\" class=\"wp-image-11803\" style=\"font-family: verdana, geneva, sans-serif\" src=\"https:\/\/blogsaverroes.juntadeandalucia.es\/plurilinguismodelegacionmalaga\/files\/2025\/05\/IMG20250513112621-300x225.jpg\" alt=\"\" width=\"292\" height=\"219\"><p id=\"caption-attachment-11803\" class=\"wp-caption-text\">Hugo Sarabia, Refutador 1 del IES Christine Picasso<\/p><\/div>\n<p><span style=\"font-family: verdana, geneva, sans-serif\">El acto de clausura tuvo lugar en el Sal\u00f3n de Actos de la Delegaci\u00f3n Territorial de Desarrollo Educativo y Formaci\u00f3n Profesional de Huelva, y fue presidido por la Sra. Dra. General de Innovaci\u00f3n y Formaci\u00f3n del Profesorado de la Consejer\u00eda de Desarrollo Educativo y Formaci\u00f3n Profesional, D\u00f1a. Mar\u00eda Estela Villalba Valdayo, acompa\u00f1ada por el Sr. Delegado Territorial de Desarrollo Educativo y Formaci\u00f3n Profesional en Huelva, D. Carlos Soriano Garc\u00eda, la Jefa de Servicio de Ordenaci\u00f3n Educativa de Huelva, D\u00f1a. Luisa Mar\u00eda Mart\u00ednez del Valle, el Jefe de Servicio de Programas Educativos Internacionales, D. Patricio L\u00f3pez Tarrida y el<\/span><span style=\"font-family: verdana, geneva, sans-serif\"> Servicio de cooperaci\u00f3n educativa y ling\u00fc\u00edstica de la Embajada de Francia, representado por Elisabeth Juhel, que hizo entrega de peque\u00f1os obsequios a los equipos campeones y subcampeones de franc\u00e9s. En la clausura, adem\u00e1s de exhibici\u00f3n de debate en portugu\u00e9s, se han entregado trofeos a los equipos campeones y subcampeones de las modalidades de ingl\u00e9s y franc\u00e9s y trofeos a los mejores oradores en ambas modalidades:&nbsp;<\/span><\/p>\n<div id=\"attachment_11802\" style=\"width: 351px\" class=\"wp-caption alignnone\"><img loading=\"lazy\" decoding=\"async\" aria-describedby=\"caption-attachment-11802\" class=\"wp-image-11802 \" style=\"font-family: verdana, geneva, sans-serif\" src=\"https:\/\/blogsaverroes.juntadeandalucia.es\/plurilinguismodelegacionmalaga\/files\/2025\/05\/IMG20250513113531-scaled-e1747304149604-300x175.jpg\" alt=\"\" width=\"341\" height=\"199\" srcset=\"https:\/\/blogsaverroes.juntadeandalucia.es\/plurilinguismodelegacionmalaga\/files\/2025\/05\/IMG20250513113531-scaled-e1747304149604-300x175.jpg 300w, https:\/\/blogsaverroes.juntadeandalucia.es\/plurilinguismodelegacionmalaga\/files\/2025\/05\/IMG20250513113531-scaled-e1747304149604-1024x597.jpg 1024w, https:\/\/blogsaverroes.juntadeandalucia.es\/plurilinguismodelegacionmalaga\/files\/2025\/05\/IMG20250513113531-scaled-e1747304149604-768x448.jpg 768w, https:\/\/blogsaverroes.juntadeandalucia.es\/plurilinguismodelegacionmalaga\/files\/2025\/05\/IMG20250513113531-scaled-e1747304149604-1536x896.jpg 1536w, https:\/\/blogsaverroes.juntadeandalucia.es\/plurilinguismodelegacionmalaga\/files\/2025\/05\/IMG20250513113531-scaled-e1747304149604-2048x1194.jpg 2048w\" sizes=\"(max-width: 341px) 100vw, 341px\" \/><p id=\"caption-attachment-11802\" class=\"wp-caption-text\">Luc\u00eda Gonz\u00e1lez Pineda, Refutadora 2 del IES Christine Picasso<\/p><\/div>\n<p><strong><span style=\"font-size: 12pt;font-family: verdana, geneva, sans-serif\">&nbsp; &nbsp; &nbsp;Campe\u00f3n en la modalidad de ingl\u00e9s: IES \u00c1NGEL SAAVEDRA de C\u00f3rdoba.&nbsp;<\/span><\/strong><\/p>\n<div id=\"attachment_11806\" style=\"width: 431px\" class=\"wp-caption alignright\"><img loading=\"lazy\" decoding=\"async\" aria-describedby=\"caption-attachment-11806\" class=\"wp-image-11806\" src=\"https:\/\/blogsaverroes.juntadeandalucia.es\/plurilinguismodelegacionmalaga\/files\/2025\/05\/IMG20250513115416-300x225.jpg\" alt=\"\" width=\"421\" height=\"316\" srcset=\"https:\/\/blogsaverroes.juntadeandalucia.es\/plurilinguismodelegacionmalaga\/files\/2025\/05\/IMG20250513115416-300x225.jpg 300w, https:\/\/blogsaverroes.juntadeandalucia.es\/plurilinguismodelegacionmalaga\/files\/2025\/05\/IMG20250513115416-1024x768.jpg 1024w, https:\/\/blogsaverroes.juntadeandalucia.es\/plurilinguismodelegacionmalaga\/files\/2025\/05\/IMG20250513115416-768x576.jpg 768w, https:\/\/blogsaverroes.juntadeandalucia.es\/plurilinguismodelegacionmalaga\/files\/2025\/05\/IMG20250513115416-1536x1152.jpg 1536w, https:\/\/blogsaverroes.juntadeandalucia.es\/plurilinguismodelegacionmalaga\/files\/2025\/05\/IMG20250513115416-2048x1536.jpg 2048w\" sizes=\"(max-width: 421px) 100vw, 421px\" \/><p id=\"caption-attachment-11806\" class=\"wp-caption-text\"><strong>Equipo ganador de franc\u00e9s con su profesora, Ana Cerezuela<\/strong><\/p><\/div>\n<p><span style=\"font-family: verdana, geneva, sans-serif\"><strong>&nbsp; &nbsp; &nbsp;Subcampe\u00f3n en la modalidad de ingl\u00e9s:<\/strong>&nbsp;<strong>IES MAR\u00cdA ZAMBRANO de Torre del Mar (M\u00e1laga).<\/strong><\/span><\/p>\n<p><span style=\"font-family: verdana, geneva, sans-serif\">&nbsp; &nbsp; &nbsp;<strong>Campe\u00f3n en la modalidad de franc\u00e9s: IES CHRISTINE PICASSO de M\u00e1laga.&nbsp;<\/strong><\/span><\/p>\n<p><span style=\"font-family: verdana, geneva, sans-serif\"><strong>&nbsp; &nbsp; &nbsp;Subcampe\u00f3n en la modalidad de franc\u00e9s: <span style=\"font-size: 12pt\">IES VIRGEN DEL CARMEN de Ja\u00e9n.<\/span><\/strong><\/span><\/p>\n<div class=\"mceTemp\">\n<p><img loading=\"lazy\" decoding=\"async\" class=\"wp-image-11805 alignright\" src=\"https:\/\/blogsaverroes.juntadeandalucia.es\/plurilinguismodelegacionmalaga\/files\/2025\/05\/IMG20250513114402-scaled-e1747304299111-300x184.jpg\" alt=\"\" width=\"359\" height=\"220\" srcset=\"https:\/\/blogsaverroes.juntadeandalucia.es\/plurilinguismodelegacionmalaga\/files\/2025\/05\/IMG20250513114402-scaled-e1747304299111-300x184.jpg 300w, https:\/\/blogsaverroes.juntadeandalucia.es\/plurilinguismodelegacionmalaga\/files\/2025\/05\/IMG20250513114402-scaled-e1747304299111-1024x629.jpg 1024w, https:\/\/blogsaverroes.juntadeandalucia.es\/plurilinguismodelegacionmalaga\/files\/2025\/05\/IMG20250513114402-scaled-e1747304299111-768x472.jpg 768w, https:\/\/blogsaverroes.juntadeandalucia.es\/plurilinguismodelegacionmalaga\/files\/2025\/05\/IMG20250513114402-scaled-e1747304299111-1536x943.jpg 1536w, https:\/\/blogsaverroes.juntadeandalucia.es\/plurilinguismodelegacionmalaga\/files\/2025\/05\/IMG20250513114402-scaled-e1747304299111-2048x1257.jpg 2048w\" sizes=\"(max-width: 359px) 100vw, 359px\" \/><\/p>\n<div id=\"attachment_11805\" style=\"width: 341px\" class=\"wp-caption alignnone\"><img loading=\"lazy\" decoding=\"async\" aria-describedby=\"caption-attachment-11805\" class=\"wp-image-11804 \" src=\"https:\/\/blogsaverroes.juntadeandalucia.es\/plurilinguismodelegacionmalaga\/files\/2025\/05\/IMG20250513111920-scaled-e1747304208946-300x192.jpg\" alt=\"\" width=\"331\" height=\"212\" srcset=\"https:\/\/blogsaverroes.juntadeandalucia.es\/plurilinguismodelegacionmalaga\/files\/2025\/05\/IMG20250513111920-scaled-e1747304208946-300x192.jpg 300w, https:\/\/blogsaverroes.juntadeandalucia.es\/plurilinguismodelegacionmalaga\/files\/2025\/05\/IMG20250513111920-scaled-e1747304208946-1024x656.jpg 1024w, https:\/\/blogsaverroes.juntadeandalucia.es\/plurilinguismodelegacionmalaga\/files\/2025\/05\/IMG20250513111920-scaled-e1747304208946-768x492.jpg 768w, https:\/\/blogsaverroes.juntadeandalucia.es\/plurilinguismodelegacionmalaga\/files\/2025\/05\/IMG20250513111920-scaled-e1747304208946-1536x984.jpg 1536w, https:\/\/blogsaverroes.juntadeandalucia.es\/plurilinguismodelegacionmalaga\/files\/2025\/05\/IMG20250513111920-scaled-e1747304208946-2048x1312.jpg 2048w\" sizes=\"(max-width: 331px) 100vw, 331px\" \/><p id=\"caption-attachment-11805\" class=\"wp-caption-text\">Carlos Latorre, conclusor del IES Christine Picasso<\/p><\/div>\n<p><span style=\"font-family: verdana, geneva, sans-serif;font-size: 12pt\">&nbsp;<\/span><\/p>\n<div id=\"attachment_11814\" style=\"width: 347px\" class=\"wp-caption alignleft\"><img loading=\"lazy\" decoding=\"async\" aria-describedby=\"caption-attachment-11814\" class=\"wp-image-11814 \" src=\"https:\/\/blogsaverroes.juntadeandalucia.es\/plurilinguismodelegacionmalaga\/files\/2025\/05\/WhatsApp-Image-2025-05-15-at-10.55.21-e1747304911287-300x169.jpeg\" alt=\"\" width=\"337\" height=\"190\" srcset=\"https:\/\/blogsaverroes.juntadeandalucia.es\/plurilinguismodelegacionmalaga\/files\/2025\/05\/WhatsApp-Image-2025-05-15-at-10.55.21-e1747304911287-300x169.jpeg 300w, https:\/\/blogsaverroes.juntadeandalucia.es\/plurilinguismodelegacionmalaga\/files\/2025\/05\/WhatsApp-Image-2025-05-15-at-10.55.21-e1747304911287-1024x578.jpeg 1024w, https:\/\/blogsaverroes.juntadeandalucia.es\/plurilinguismodelegacionmalaga\/files\/2025\/05\/WhatsApp-Image-2025-05-15-at-10.55.21-e1747304911287-768x434.jpeg 768w, https:\/\/blogsaverroes.juntadeandalucia.es\/plurilinguismodelegacionmalaga\/files\/2025\/05\/WhatsApp-Image-2025-05-15-at-10.55.21-e1747304911287-1536x867.jpeg 1536w, https:\/\/blogsaverroes.juntadeandalucia.es\/plurilinguismodelegacionmalaga\/files\/2025\/05\/WhatsApp-Image-2025-05-15-at-10.55.21-e1747304911287.jpeg 2040w\" sizes=\"(max-width: 337px) 100vw, 337px\" \/><p id=\"caption-attachment-11814\" class=\"wp-caption-text\">Moana Butterwoth, reconocida mejor oradora en la modalidad ingl\u00e9s<\/p><\/div>\n<p><span style=\"font-size: 12pt;font-family: verdana, geneva, sans-serif\">Adem\u00e1s se concedieron&nbsp;reconocimientos individuales&nbsp;a los mejores oradores del torneo. En&nbsp;lengua inglesa, la mejor oradora fue&nbsp;<strong>Moana Butterworth<\/strong>, del IES Mar\u00eda Zambrano de M\u00e1laga; y en lengua francesa, el mejor orador fue Francisco Garc\u00eda, del IES Virgen del Carmen de Ja\u00e9n.<\/span><\/p>\n<p><strong><span style=\"font-size: 12pt;font-family: verdana, geneva, sans-serif\">\u00a1Enhorabuena a nuestros equipos de ingl\u00e9s y franc\u00e9s malague\u00f1o por el esfuerzo y el reconocimiento!<\/span><\/strong><\/p>\n<p><span style=\"font-family: verdana, geneva, sans-serif\">Muchas felicidades a los profesores preparadores de franc\u00e9s e ingl\u00e9s de M\u00e1laga, Ana Cerezuela y Antonio Herrero, por su esfuerzo, cari\u00f1o y dedicaci\u00f3n con los equipos de franc\u00e9s e ingl\u00e9s, respectivamente.&nbsp;<\/span><\/p>\n<p><img loading=\"lazy\" decoding=\"async\" class=\"wp-image-11811 alignnone\" src=\"https:\/\/blogsaverroes.juntadeandalucia.es\/plurilinguismodelegacionmalaga\/files\/2025\/05\/IMG-20250513-WA0022-300x225.jpg\" alt=\"\" width=\"355\" height=\"266\" srcset=\"https:\/\/blogsaverroes.juntadeandalucia.es\/plurilinguismodelegacionmalaga\/files\/2025\/05\/IMG-20250513-WA0022-300x225.jpg 300w, https:\/\/blogsaverroes.juntadeandalucia.es\/plurilinguismodelegacionmalaga\/files\/2025\/05\/IMG-20250513-WA0022-1024x768.jpg 1024w, https:\/\/blogsaverroes.juntadeandalucia.es\/plurilinguismodelegacionmalaga\/files\/2025\/05\/IMG-20250513-WA0022-768x576.jpg 768w, https:\/\/blogsaverroes.juntadeandalucia.es\/plurilinguismodelegacionmalaga\/files\/2025\/05\/IMG-20250513-WA0022-1536x1152.jpg 1536w, https:\/\/blogsaverroes.juntadeandalucia.es\/plurilinguismodelegacionmalaga\/files\/2025\/05\/IMG-20250513-WA0022.jpg 2040w\" sizes=\"(max-width: 355px) 100vw, 355px\" \/>&nbsp;<\/p>\n<div id=\"attachment_11808\" style=\"width: 340px\" class=\"wp-caption alignleft\"><img loading=\"lazy\" decoding=\"async\" aria-describedby=\"caption-attachment-11808\" class=\"wp-image-11808\" src=\"https:\/\/blogsaverroes.juntadeandalucia.es\/plurilinguismodelegacionmalaga\/files\/2025\/05\/IMG20250513125949-225x300.jpg\" alt=\"\" width=\"330\" height=\"440\" srcset=\"https:\/\/blogsaverroes.juntadeandalucia.es\/plurilinguismodelegacionmalaga\/files\/2025\/05\/IMG20250513125949-225x300.jpg 225w, https:\/\/blogsaverroes.juntadeandalucia.es\/plurilinguismodelegacionmalaga\/files\/2025\/05\/IMG20250513125949-768x1024.jpg 768w, https:\/\/blogsaverroes.juntadeandalucia.es\/plurilinguismodelegacionmalaga\/files\/2025\/05\/IMG20250513125949-1152x1536.jpg 1152w, https:\/\/blogsaverroes.juntadeandalucia.es\/plurilinguismodelegacionmalaga\/files\/2025\/05\/IMG20250513125949-1536x2048.jpg 1536w, https:\/\/blogsaverroes.juntadeandalucia.es\/plurilinguismodelegacionmalaga\/files\/2025\/05\/IMG20250513125949-scaled.jpg 1920w\" sizes=\"(max-width: 330px) 100vw, 330px\" \/><p id=\"caption-attachment-11808\" class=\"wp-caption-text\">Equipo subcampe\u00f3n modalidad ingl\u00e9s con su profesor, Antonio Herrero<\/p><\/div>\n<div id=\"attachment_11810\" style=\"width: 310px\" class=\"wp-caption alignleft\"><img loading=\"lazy\" decoding=\"async\" aria-describedby=\"caption-attachment-11810\" class=\"wp-image-11810 size-medium\" src=\"https:\/\/blogsaverroes.juntadeandalucia.es\/plurilinguismodelegacionmalaga\/files\/2025\/05\/IMG20250513143130-300x225.jpg\" alt=\"\" width=\"300\" height=\"225\" srcset=\"https:\/\/blogsaverroes.juntadeandalucia.es\/plurilinguismodelegacionmalaga\/files\/2025\/05\/IMG20250513143130-300x225.jpg 300w, https:\/\/blogsaverroes.juntadeandalucia.es\/plurilinguismodelegacionmalaga\/files\/2025\/05\/IMG20250513143130-1024x768.jpg 1024w, https:\/\/blogsaverroes.juntadeandalucia.es\/plurilinguismodelegacionmalaga\/files\/2025\/05\/IMG20250513143130-768x576.jpg 768w, https:\/\/blogsaverroes.juntadeandalucia.es\/plurilinguismodelegacionmalaga\/files\/2025\/05\/IMG20250513143130-1536x1152.jpg 1536w, https:\/\/blogsaverroes.juntadeandalucia.es\/plurilinguismodelegacionmalaga\/files\/2025\/05\/IMG20250513143130-2048x1536.jpg 2048w\" sizes=\"(max-width: 300px) 100vw, 300px\" \/><p id=\"caption-attachment-11810\" class=\"wp-caption-text\">Alumnado, docentes, jueces y Responsable de Pluriling\u00fcismo tras la entrega de premios<\/p><\/div>\n<p><span style=\"font-family: verdana, geneva, sans-serif\">&nbsp; <\/span>&nbsp;&nbsp; <img loading=\"lazy\" decoding=\"async\" class=\"wp-image-11807 alignnone\" src=\"https:\/\/blogsaverroes.juntadeandalucia.es\/plurilinguismodelegacionmalaga\/files\/2025\/05\/IMG20250513122225-300x225.jpg\" alt=\"\" width=\"361\" height=\"271\" srcset=\"https:\/\/blogsaverroes.juntadeandalucia.es\/plurilinguismodelegacionmalaga\/files\/2025\/05\/IMG20250513122225-300x225.jpg 300w, https:\/\/blogsaverroes.juntadeandalucia.es\/plurilinguismodelegacionmalaga\/files\/2025\/05\/IMG20250513122225-1024x768.jpg 1024w, https:\/\/blogsaverroes.juntadeandalucia.es\/plurilinguismodelegacionmalaga\/files\/2025\/05\/IMG20250513122225-768x576.jpg 768w, https:\/\/blogsaverroes.juntadeandalucia.es\/plurilinguismodelegacionmalaga\/files\/2025\/05\/IMG20250513122225-1536x1152.jpg 1536w, https:\/\/blogsaverroes.juntadeandalucia.es\/plurilinguismodelegacionmalaga\/files\/2025\/05\/IMG20250513122225-2048x1536.jpg 2048w\" sizes=\"(max-width: 361px) 100vw, 361px\" \/> Enlaces a prensa sobre la Fase Regional del Torneo de Debates Pluriling\u00fces: <a href=\"https:\/\/www.diariosur.es\/malaga\/institutos-christine-picasso-maria-zambrano-malaga-debate-20250515132000-nt.html\" target=\"_blank\" rel=\"noopener\">Diario Sur;<\/a> <a href=\"https:\/\/www.europapress.es\/esandalucia\/malaga\/noticia-centros-malaga-acaparan-cinco-nueve-premios-finales-regionales-torneo-debate-escolar-20250515153552.html\" target=\"_blank\" rel=\"noopener\">EuropaPress<\/a>; <a href=\"https:\/\/www.facebook.com\/VETelevisionMalaga\/videos\/desde-ve-televisi%C3%B3n-queremos-felicitar-a-estas-cuatro-alumnas-del-ies-mar%C3%ADa-zamb\/2547145075494332\/?rdid=9Vsv4OGjkWpayTWA\" target=\"_blank\" rel=\"noopener\">Ve Televisi\u00f3n<\/a>; <a href=\"https:\/\/www.noticias24digital.com\/articulo\/sociedad\/centros-malaga-acaparan-cinco-nueve-premios-finales-regionales-torneo-debate-escolar\/20250515171039014364.html\" target=\"_blank\" rel=\"noopener\">Noticias24digita<\/a>l<\/p>\n<\/div>\n","protected":false},"excerpt":{"rendered":"<p>Los d\u00edas 12 y 13 de mayo de 2025 se ha celebrado en Huelva la Fase Regional del II Torneo de Debate Educativo &#8220;Debates Pluriling\u00fces de Andaluc\u00eda&#8221;. El lunes 12 el Torneo, organizado por&#46;&#46;&#46;<\/p>\n","protected":false},"author":8062,"featured_media":11813,"comment_status":"open","ping_status":"open","sticky":false,"template":"","format":"standard","meta":{"ngg_post_thumbnail":0,"footnotes":""},"categories":[2284909,796323,2284910],"tags":[],"aioseo_notices":[],"_links":{"self":[{"href":"https:\/\/blogsaverroes.juntadeandalucia.es\/plurilinguismodelegacionmalaga\/wp-json\/wp\/v2\/posts\/11801"}],"collection":[{"href":"https:\/\/blogsaverroes.juntadeandalucia.es\/plurilinguismodelegacionmalaga\/wp-json\/wp\/v2\/posts"}],"about":[{"href":"https:\/\/blogsaverroes.juntadeandalucia.es\/plurilinguismodelegacionmalaga\/wp-json\/wp\/v2\/types\/post"}],"author":[{"embeddable":true,"href":"https:\/\/blogsaverroes.juntadeandalucia.es\/plurilinguismodelegacionmalaga\/wp-json\/wp\/v2\/users\/8062"}],"replies":[{"embeddable":true,"href":"https:\/\/blogsaverroes.juntadeandalucia.es\/plurilinguismodelegacionmalaga\/wp-json\/wp\/v2\/comments?post=11801"}],"version-history":[{"count":10,"href":"https:\/\/blogsaverroes.juntadeandalucia.es\/plurilinguismodelegacionmalaga\/wp-json\/wp\/v2\/posts\/11801\/revisions"}],"predecessor-version":[{"id":11824,"href":"https:\/\/blogsaverroes.juntadeandalucia.es\/plurilinguismodelegacionmalaga\/wp-json\/wp\/v2\/posts\/11801\/revisions\/11824"}],"wp:featuredmedia":[{"embeddable":true,"href":"https:\/\/blogsaverroes.juntadeandalucia.es\/plurilinguismodelegacionmalaga\/wp-json\/wp\/v2\/media\/11813"}],"wp:attachment":[{"href":"https:\/\/blogsaverroes.juntadeandalucia.es\/plurilinguismodelegacionmalaga\/wp-json\/wp\/v2\/media?parent=11801"}],"wp:term":[{"taxonomy":"category","embeddable":true,"href":"https:\/\/blogsaverroes.juntadeandalucia.es\/plurilinguismodelegacionmalaga\/wp-json\/wp\/v2\/categories?post=11801"},{"taxonomy":"post_tag","embeddable":true,"href":"https:\/\/blogsaverroes.juntadeandalucia.es\/plurilinguismodelegacionmalaga\/wp-json\/wp\/v2\/tags?post=11801"}],"curies":[{"name":"wp","href":"https:\/\/api.w.org\/{rel}","templated":true}]}}