{"id":11911,"date":"2025-05-27T09:05:50","date_gmt":"2025-05-27T07:05:50","guid":{"rendered":"https:\/\/blogsaverroes.juntadeandalucia.es\/plurilinguismodelegacionmalaga\/?p=11911"},"modified":"2025-05-27T09:07:08","modified_gmt":"2025-05-27T07:07:08","slug":"11911","status":"publish","type":"post","link":"https:\/\/blogsaverroes.juntadeandalucia.es\/plurilinguismodelegacionmalaga\/2025\/05\/27\/11911\/","title":{"rendered":"Salvador, alumno del IES Salduba, entre los ganadores del Concurso Escolar Europass 2024"},"content":{"rendered":"<p><span style=\"font-family: verdana, geneva, sans-serif\">Salvador Jim\u00e9nez Jurado, alumno de 2.\u00ba del CFGM de Est\u00e9tica y Belleza del IES Salduba, ha sido seleccionado como uno de los cinco ganadores del Concurso Escolar Europass 2024: \u201cImpulsa tu Empleabilidad con las Herramientas Digitales de Europass\u201d \/ \u201cBoost your Employability with the Europass Digital Tools\u201d.<\/span><\/p>\n<p><span style=\"font-family: verdana, geneva, sans-serif\">Este concurso, organizado por el Centro Nacional Europass con motivo del 20.\u00ba aniversario de Europass y 5.\u00ba desde el lanzamiento del nuevo Portal, recibi\u00f3 nada menos que 196 propuestas de estudiantes de toda Espa\u00f1a, lo que hace a\u00fan m\u00e1s especial este reconocimiento.<\/span><\/p>\n<p><span style=\"font-family: verdana, geneva, sans-serif\"><a href=\"https:\/\/www.youtube.com\/watch?v=UVHvBk72e30\" target=\"_blank\" rel=\"noopener\">V\u00eddeo de Salvador:<\/a> https:\/\/www.youtube.com\/watch?v=UVHvBk72e30<\/span><\/p>\n<p><span style=\"font-family: verdana, geneva, sans-serif\">Como parte del premio, Salvador estuvo presente a trav\u00e9s de un v\u00eddeo en el InfoDay Europass 2025, que se celebr\u00f3 el pasado 13 de mayo en la sede principal del Ministerio de Ciencia, Innovaci\u00f3n y Universidades. Asimismo, el Coordinador Erasmus+ VET del centro, Ignacio Moreno Manzano, tuvo la oportunidad de recoger el premio en persona y dar a conocer c\u00f3mo el IES Salduba integra las herramientas digitales del Portal Europass en el aula, destacando su utilidad para favorecer la movilidad e impulsar la empleabilidad del alumnado. Puedes ver su intervenci\u00f3n completa aqu\u00ed: https:\/\/www.youtube.com\/live\/eGs4EWfBlhc?t=25908s<\/span><\/p>\n<p><span style=\"font-family: verdana, geneva, sans-serif\">Para terminar, os compartimos algunas fotos que reflejan c\u00f3mo fue la experiencia:<\/span><\/p>\n<p>&nbsp;<\/p>\n<p><img loading=\"lazy\" decoding=\"async\" class=\"alignnone wp-image-11909\" src=\"https:\/\/blogsaverroes.juntadeandalucia.es\/plurilinguismodelegacionmalaga\/files\/2025\/05\/42-300x300.jpg\" alt=\"\" width=\"450\" height=\"450\" srcset=\"https:\/\/blogsaverroes.juntadeandalucia.es\/plurilinguismodelegacionmalaga\/files\/2025\/05\/42-300x300.jpg 300w, https:\/\/blogsaverroes.juntadeandalucia.es\/plurilinguismodelegacionmalaga\/files\/2025\/05\/42-150x150.jpg 150w, https:\/\/blogsaverroes.juntadeandalucia.es\/plurilinguismodelegacionmalaga\/files\/2025\/05\/42-80x80.jpg 80w, https:\/\/blogsaverroes.juntadeandalucia.es\/plurilinguismodelegacionmalaga\/files\/2025\/05\/42-320x320.jpg 320w, https:\/\/blogsaverroes.juntadeandalucia.es\/plurilinguismodelegacionmalaga\/files\/2025\/05\/42.jpg 500w\" sizes=\"(max-width: 450px) 100vw, 450px\" \/> <img loading=\"lazy\" decoding=\"async\" class=\"alignnone wp-image-11910\" src=\"https:\/\/blogsaverroes.juntadeandalucia.es\/plurilinguismodelegacionmalaga\/files\/2025\/05\/43-300x300.jpg\" alt=\"\" width=\"451\" height=\"451\" srcset=\"https:\/\/blogsaverroes.juntadeandalucia.es\/plurilinguismodelegacionmalaga\/files\/2025\/05\/43-300x300.jpg 300w, https:\/\/blogsaverroes.juntadeandalucia.es\/plurilinguismodelegacionmalaga\/files\/2025\/05\/43-150x150.jpg 150w, https:\/\/blogsaverroes.juntadeandalucia.es\/plurilinguismodelegacionmalaga\/files\/2025\/05\/43-80x80.jpg 80w, https:\/\/blogsaverroes.juntadeandalucia.es\/plurilinguismodelegacionmalaga\/files\/2025\/05\/43-320x320.jpg 320w, https:\/\/blogsaverroes.juntadeandalucia.es\/plurilinguismodelegacionmalaga\/files\/2025\/05\/43.jpg 500w\" sizes=\"(max-width: 451px) 100vw, 451px\" \/><\/p>\n<p>\u00a1Enhorabuena Salvador por el gran trabajo realizado! Sigue so\u00f1ando en grande, porque el talento que llevas dentro puede llevarte muy, pero que muy lejos.<\/p>\n<ul>\n<li><span style=\"font-family: verdana, geneva, sans-serif\">Redes sociales de Erasmus+ Salduba: Accede <a href=\"https:\/\/sites.google.com\/iessalduba.com\/erasmussalduba\/redes-sociales\" target=\"_blank\" rel=\"noopener\">aqu\u00ed <\/a><\/span><\/li>\n<li><span style=\"font-family: verdana, geneva, sans-serif\"><a href=\"https:\/\/sites.google.com\/iessalduba.com\/erasmussalduba\/erasmus-salduba\" target=\"_blank\" rel=\"noopener\">Blog<\/a>: https:\/\/sites.google.com\/iessalduba.com\/erasmussalduba\/erasmus-salduba<\/span><\/li>\n<\/ul>\n","protected":false},"excerpt":{"rendered":"<p>Salvador Jim\u00e9nez Jurado, alumno de 2.\u00ba del CFGM de Est\u00e9tica y Belleza del IES Salduba, ha sido seleccionado como uno de los cinco ganadores del Concurso Escolar Europass 2024: \u201cImpulsa tu Empleabilidad con las&#46;&#46;&#46;<\/p>\n","protected":false},"author":8062,"featured_media":11908,"comment_status":"open","ping_status":"open","sticky":false,"template":"","format":"standard","meta":{"ngg_post_thumbnail":0,"footnotes":""},"categories":[11909],"tags":[],"aioseo_notices":[],"_links":{"self":[{"href":"https:\/\/blogsaverroes.juntadeandalucia.es\/plurilinguismodelegacionmalaga\/wp-json\/wp\/v2\/posts\/11911"}],"collection":[{"href":"https:\/\/blogsaverroes.juntadeandalucia.es\/plurilinguismodelegacionmalaga\/wp-json\/wp\/v2\/posts"}],"about":[{"href":"https:\/\/blogsaverroes.juntadeandalucia.es\/plurilinguismodelegacionmalaga\/wp-json\/wp\/v2\/types\/post"}],"author":[{"embeddable":true,"href":"https:\/\/blogsaverroes.juntadeandalucia.es\/plurilinguismodelegacionmalaga\/wp-json\/wp\/v2\/users\/8062"}],"replies":[{"embeddable":true,"href":"https:\/\/blogsaverroes.juntadeandalucia.es\/plurilinguismodelegacionmalaga\/wp-json\/wp\/v2\/comments?post=11911"}],"version-history":[{"count":3,"href":"https:\/\/blogsaverroes.juntadeandalucia.es\/plurilinguismodelegacionmalaga\/wp-json\/wp\/v2\/posts\/11911\/revisions"}],"predecessor-version":[{"id":11914,"href":"https:\/\/blogsaverroes.juntadeandalucia.es\/plurilinguismodelegacionmalaga\/wp-json\/wp\/v2\/posts\/11911\/revisions\/11914"}],"wp:featuredmedia":[{"embeddable":true,"href":"https:\/\/blogsaverroes.juntadeandalucia.es\/plurilinguismodelegacionmalaga\/wp-json\/wp\/v2\/media\/11908"}],"wp:attachment":[{"href":"https:\/\/blogsaverroes.juntadeandalucia.es\/plurilinguismodelegacionmalaga\/wp-json\/wp\/v2\/media?parent=11911"}],"wp:term":[{"taxonomy":"category","embeddable":true,"href":"https:\/\/blogsaverroes.juntadeandalucia.es\/plurilinguismodelegacionmalaga\/wp-json\/wp\/v2\/categories?post=11911"},{"taxonomy":"post_tag","embeddable":true,"href":"https:\/\/blogsaverroes.juntadeandalucia.es\/plurilinguismodelegacionmalaga\/wp-json\/wp\/v2\/tags?post=11911"}],"curies":[{"name":"wp","href":"https:\/\/api.w.org\/{rel}","templated":true}]}}