{"id":11920,"date":"2025-05-28T08:03:38","date_gmt":"2025-05-28T06:03:38","guid":{"rendered":"https:\/\/blogsaverroes.juntadeandalucia.es\/plurilinguismodelegacionmalaga\/?p=11920"},"modified":"2025-05-28T08:03:38","modified_gmt":"2025-05-28T06:03:38","slug":"intercambios-escolares-2025-2026","status":"publish","type":"post","link":"https:\/\/blogsaverroes.juntadeandalucia.es\/plurilinguismodelegacionmalaga\/2025\/05\/28\/intercambios-escolares-2025-2026\/","title":{"rendered":"Intercambios Escolares 2025\/2026"},"content":{"rendered":"<p>Resoluci\u00f3n de la Direcci\u00f3n General de Innovaci\u00f3n y Formaci\u00f3n del Profesorado de 19 de mayo de 2025 por la que se convoca el programa de <strong>Intercambios Escolares<\/strong> de los Institutos de Ense\u00f1anza Secundaria dependientes de la Junta de Andaluc\u00eda con centros educativos de pa\u00edses de habla alemana, china (mandar\u00edn), francesa, inglesa, italiana y portuguesa para el curso 2025\/2026<\/p>\n<p><a href=\"https:\/\/blogsaverroes.juntadeandalucia.es\/plurilinguismodelegacionmalaga\/files\/2025\/05\/Resolucio\u00bfn-de-convocatoria-de-Intercambios-Escolares-2025-2026.pdf\" target=\"_blank\" rel=\"noopener\">Resoluci\u00f3n de convocatoria de Intercambios Escolares 2025-2026<\/a><\/p>\n","protected":false},"excerpt":{"rendered":"<p>Resoluci\u00f3n de la Direcci\u00f3n General de Innovaci\u00f3n y Formaci\u00f3n del Profesorado de 19 de mayo de 2025 por la que se convoca el programa de Intercambios Escolares de los Institutos de Ense\u00f1anza Secundaria dependientes&#46;&#46;&#46;<\/p>\n","protected":false},"author":8062,"featured_media":10624,"comment_status":"open","ping_status":"open","sticky":false,"template":"","format":"standard","meta":{"ngg_post_thumbnail":0,"footnotes":""},"categories":[1174746],"tags":[],"aioseo_notices":[],"_links":{"self":[{"href":"https:\/\/blogsaverroes.juntadeandalucia.es\/plurilinguismodelegacionmalaga\/wp-json\/wp\/v2\/posts\/11920"}],"collection":[{"href":"https:\/\/blogsaverroes.juntadeandalucia.es\/plurilinguismodelegacionmalaga\/wp-json\/wp\/v2\/posts"}],"about":[{"href":"https:\/\/blogsaverroes.juntadeandalucia.es\/plurilinguismodelegacionmalaga\/wp-json\/wp\/v2\/types\/post"}],"author":[{"embeddable":true,"href":"https:\/\/blogsaverroes.juntadeandalucia.es\/plurilinguismodelegacionmalaga\/wp-json\/wp\/v2\/users\/8062"}],"replies":[{"embeddable":true,"href":"https:\/\/blogsaverroes.juntadeandalucia.es\/plurilinguismodelegacionmalaga\/wp-json\/wp\/v2\/comments?post=11920"}],"version-history":[{"count":1,"href":"https:\/\/blogsaverroes.juntadeandalucia.es\/plurilinguismodelegacionmalaga\/wp-json\/wp\/v2\/posts\/11920\/revisions"}],"predecessor-version":[{"id":11921,"href":"https:\/\/blogsaverroes.juntadeandalucia.es\/plurilinguismodelegacionmalaga\/wp-json\/wp\/v2\/posts\/11920\/revisions\/11921"}],"wp:featuredmedia":[{"embeddable":true,"href":"https:\/\/blogsaverroes.juntadeandalucia.es\/plurilinguismodelegacionmalaga\/wp-json\/wp\/v2\/media\/10624"}],"wp:attachment":[{"href":"https:\/\/blogsaverroes.juntadeandalucia.es\/plurilinguismodelegacionmalaga\/wp-json\/wp\/v2\/media?parent=11920"}],"wp:term":[{"taxonomy":"category","embeddable":true,"href":"https:\/\/blogsaverroes.juntadeandalucia.es\/plurilinguismodelegacionmalaga\/wp-json\/wp\/v2\/categories?post=11920"},{"taxonomy":"post_tag","embeddable":true,"href":"https:\/\/blogsaverroes.juntadeandalucia.es\/plurilinguismodelegacionmalaga\/wp-json\/wp\/v2\/tags?post=11920"}],"curies":[{"name":"wp","href":"https:\/\/api.w.org\/{rel}","templated":true}]}}