{"id":11954,"date":"2025-06-13T12:41:18","date_gmt":"2025-06-13T10:41:18","guid":{"rendered":"https:\/\/blogsaverroes.juntadeandalucia.es\/plurilinguismodelegacionmalaga\/?p=11954"},"modified":"2025-06-13T12:41:18","modified_gmt":"2025-06-13T10:41:18","slug":"proyecto-bilingue-ies-salvador-rueda-de-velez-malaga","status":"publish","type":"post","link":"https:\/\/blogsaverroes.juntadeandalucia.es\/plurilinguismodelegacionmalaga\/2025\/06\/13\/proyecto-bilingue-ies-salvador-rueda-de-velez-malaga\/","title":{"rendered":"Proyecto biling\u00fce IES Salvador Rueda de V\u00e9lez-M\u00e1laga"},"content":{"rendered":"<p><span style=\"font-family: verdana, geneva, sans-serif\">Desde la coordinaci\u00f3n biling\u00fce del IES Salvador Rueda de V\u00e9lez-M\u00e1laga queremos hacerles part\u00edcipes de nuestro proyecto. Este a\u00f1o nuestro alumnado ha colaborado junto con nuestro profesorado en la creaci\u00f3n de una p\u00e1gina web que pretende ser una gu\u00eda en ingl\u00e9s sobre nuestro municipio, <b><a href=\"https:\/\/sites.google.com\/g.educaand.es\/salvaruedabilingue\/inicio\">V\u00e9lez-M\u00e1laga in a nutshell.<\/a><\/b> Se ha trabajado desde las diferentes \u00e1reas, investigando y creando material que hemos subido a esta web para orientar a aquellos usuarios de habla inglesa que quieran pasar unos d\u00edas con nosotros. <\/span><\/p>\n<p><span style=\"font-family: verdana, geneva, sans-serif\">Es el trabajo de alumnos de Secundaria y est\u00e1 hecho desde el coraz\u00f3n, esperamos que os guste.<\/span><\/p>\n<p><span style=\"font-family: verdana, geneva, sans-serif\">Publicaci\u00f3n en<a href=\"https:\/\/www.facebook.com\/share\/1C6GS3gXEw\/\" target=\"_blank\" rel=\"noopener\"> redes sociales del Ayto. de V\u00e9lez-M\u00e1laga<\/a> del proyecto del IES Salvador Rueda: https:\/\/www.facebook.com\/share\/1C6GS3gXEw\/<\/span><\/p>\n","protected":false},"excerpt":{"rendered":"<p>Desde la coordinaci\u00f3n biling\u00fce del IES Salvador Rueda de V\u00e9lez-M\u00e1laga queremos hacerles part\u00edcipes de nuestro proyecto. Este a\u00f1o nuestro alumnado ha colaborado junto con nuestro profesorado en la creaci\u00f3n de una p\u00e1gina web que&#46;&#46;&#46;<\/p>\n","protected":false},"author":8062,"featured_media":11955,"comment_status":"open","ping_status":"open","sticky":false,"template":"","format":"standard","meta":{"ngg_post_thumbnail":0,"footnotes":""},"categories":[2284909,946,796323],"tags":[],"aioseo_notices":[],"_links":{"self":[{"href":"https:\/\/blogsaverroes.juntadeandalucia.es\/plurilinguismodelegacionmalaga\/wp-json\/wp\/v2\/posts\/11954"}],"collection":[{"href":"https:\/\/blogsaverroes.juntadeandalucia.es\/plurilinguismodelegacionmalaga\/wp-json\/wp\/v2\/posts"}],"about":[{"href":"https:\/\/blogsaverroes.juntadeandalucia.es\/plurilinguismodelegacionmalaga\/wp-json\/wp\/v2\/types\/post"}],"author":[{"embeddable":true,"href":"https:\/\/blogsaverroes.juntadeandalucia.es\/plurilinguismodelegacionmalaga\/wp-json\/wp\/v2\/users\/8062"}],"replies":[{"embeddable":true,"href":"https:\/\/blogsaverroes.juntadeandalucia.es\/plurilinguismodelegacionmalaga\/wp-json\/wp\/v2\/comments?post=11954"}],"version-history":[{"count":1,"href":"https:\/\/blogsaverroes.juntadeandalucia.es\/plurilinguismodelegacionmalaga\/wp-json\/wp\/v2\/posts\/11954\/revisions"}],"predecessor-version":[{"id":11956,"href":"https:\/\/blogsaverroes.juntadeandalucia.es\/plurilinguismodelegacionmalaga\/wp-json\/wp\/v2\/posts\/11954\/revisions\/11956"}],"wp:featuredmedia":[{"embeddable":true,"href":"https:\/\/blogsaverroes.juntadeandalucia.es\/plurilinguismodelegacionmalaga\/wp-json\/wp\/v2\/media\/11955"}],"wp:attachment":[{"href":"https:\/\/blogsaverroes.juntadeandalucia.es\/plurilinguismodelegacionmalaga\/wp-json\/wp\/v2\/media?parent=11954"}],"wp:term":[{"taxonomy":"category","embeddable":true,"href":"https:\/\/blogsaverroes.juntadeandalucia.es\/plurilinguismodelegacionmalaga\/wp-json\/wp\/v2\/categories?post=11954"},{"taxonomy":"post_tag","embeddable":true,"href":"https:\/\/blogsaverroes.juntadeandalucia.es\/plurilinguismodelegacionmalaga\/wp-json\/wp\/v2\/tags?post=11954"}],"curies":[{"name":"wp","href":"https:\/\/api.w.org\/{rel}","templated":true}]}}