{"id":11958,"date":"2025-06-16T13:35:26","date_gmt":"2025-06-16T11:35:26","guid":{"rendered":"https:\/\/blogsaverroes.juntadeandalucia.es\/plurilinguismodelegacionmalaga\/?p=11958"},"modified":"2025-06-16T13:35:26","modified_gmt":"2025-06-16T11:35:26","slug":"el-i-e-s-los-montecillos-fomenta-los-valores-europeos-en-una-movilidad-a-noruega","status":"publish","type":"post","link":"https:\/\/blogsaverroes.juntadeandalucia.es\/plurilinguismodelegacionmalaga\/2025\/06\/16\/el-i-e-s-los-montecillos-fomenta-los-valores-europeos-en-una-movilidad-a-noruega\/","title":{"rendered":"El I.E.S. Los Montecillos fomenta los valores europeos en una movilidad a Noruega"},"content":{"rendered":"<p lang=\"es-ES\" align=\"center\"><span style=\"font-family: Cambria, serif\"><span style=\"font-size: large\"><b>Celebrando lo que nos hace \u00fanicos, construyendo lo que nos une, Erasmus+: por una Europa \u00fanica y plural<\/b><\/span><\/span><\/p>\n<p class=\"western\" lang=\"es-ES\">Cuarenta a\u00f1os perteneciendo a la Uni\u00f3n Europea han dado la posibilidad a nuestro pa\u00eds no solo de integrarse pol\u00edtica y econ\u00f3micamente, sino tambi\u00e9n de ser verdaderamente europea. Durante este tiempo, hemos interiorizado valores como la libertad, la equidad, la democracia, el respeto a la diversidad cultural y ling\u00fc\u00edstica, y la responsabilidad compartida sobre el futuro de nuestro continente.<\/p>\n<p class=\"western\" lang=\"es-ES\">En el marco de las jornadas Erasmus celebradas el pasado mes de mayo, el alumnado del IES Montecillos de Co\u00edn realiz\u00f3 una movilidad a Stavanger, Noruega, donde pudo experimentar en primera persona c\u00f3mo, m\u00e1s all\u00e1 de las fronteras, les unen semejanzas con el alumnado noruego, al tiempo que han descubierto en las diferencias una fuente de riqueza y singularidad.<\/p>\n<p class=\"western\" lang=\"es-ES\">Durante su estancia, el alumnado tuvo la oportunidad de descubrir aquello que hace \u00fanico al municipio de Stavanger: su historia ligada al petr\u00f3leo, la antigua f\u00e1brica de enlatado que marc\u00f3 su econom\u00eda local, y el modo en que la comunidad ha sabido aprovechar sus recursos naturales para dotar de bienestar a su poblaci\u00f3n. Asimismo, pudo disfrutar de su imponente entorno natural, que le sirvi\u00f3 como inspiraci\u00f3n para reflexionar sobre la necesidad de adoptar una actitud m\u00e1s consciente hacia el medio ambiente en general y su entorno local en espec\u00edfico.<\/p>\n<p class=\"western\" lang=\"es-ES\">La convivencia con familias noruegas le permiti\u00f3 aventurarse a otra manera de entender la vida familiar: una sociedad basada en la equidad, donde las responsabilidades y privilegios se distribuyen de forma equilibrada. Adem\u00e1s, en el centro educativo anfitri\u00f3n, aprendi\u00f3 sobre el funcionamiento del sistema democr\u00e1tico noruego y comprendi\u00f3 c\u00f3mo la solidaridad se materializa a trav\u00e9s de un sistema fiscal que financia servicios p\u00fablicos e infraestructuras para el bienestar com\u00fan y donde los beneficios obtenidos se acumulan en un fondo com\u00fan que se reparte entre todos los noruegos por igual.<\/p>\n<p class=\"western\" lang=\"es-ES\">Como colof\u00f3n, el alumnado elabor\u00f3 un v\u00eddeo en agrupamientos cooperativos, aplicando la metodolog\u00eda de aprendizaje por proyectos. En \u00e9l, plasm\u00f3 las similitudes y diferencias entre ambas culturas, con el objetivo de aprender a celebrar lo que nos hace \u00fanicos y, al mismo tiempo, construir puentes desde aquello que compartimos.<\/p>\n<p class=\"western\" lang=\"es-ES\">Una experiencia educativa que no solo reforz\u00f3 los lazos entre nacionalidades, sino que tambi\u00e9n contribuy\u00f3 a forjar una visi\u00f3n de una Europa diversa, cohesionada y preparada para afrontar los desaf\u00edos del futuro: en definitiva, una Europa \u00fanica y plural.<\/p>\n<p class=\"western\" lang=\"es-ES\">Cameron Silva Coello Gavi\u00f1o<\/p>\n","protected":false},"excerpt":{"rendered":"<p>Celebrando lo que nos hace \u00fanicos, construyendo lo que nos une, Erasmus+: por una Europa \u00fanica y plural Cuarenta a\u00f1os perteneciendo a la Uni\u00f3n Europea han dado la posibilidad a nuestro pa\u00eds no solo&#46;&#46;&#46;<\/p>\n","protected":false},"author":8062,"featured_media":11959,"comment_status":"open","ping_status":"open","sticky":false,"template":"","format":"standard","meta":{"ngg_post_thumbnail":0,"footnotes":""},"categories":[11909],"tags":[],"aioseo_notices":[],"_links":{"self":[{"href":"https:\/\/blogsaverroes.juntadeandalucia.es\/plurilinguismodelegacionmalaga\/wp-json\/wp\/v2\/posts\/11958"}],"collection":[{"href":"https:\/\/blogsaverroes.juntadeandalucia.es\/plurilinguismodelegacionmalaga\/wp-json\/wp\/v2\/posts"}],"about":[{"href":"https:\/\/blogsaverroes.juntadeandalucia.es\/plurilinguismodelegacionmalaga\/wp-json\/wp\/v2\/types\/post"}],"author":[{"embeddable":true,"href":"https:\/\/blogsaverroes.juntadeandalucia.es\/plurilinguismodelegacionmalaga\/wp-json\/wp\/v2\/users\/8062"}],"replies":[{"embeddable":true,"href":"https:\/\/blogsaverroes.juntadeandalucia.es\/plurilinguismodelegacionmalaga\/wp-json\/wp\/v2\/comments?post=11958"}],"version-history":[{"count":1,"href":"https:\/\/blogsaverroes.juntadeandalucia.es\/plurilinguismodelegacionmalaga\/wp-json\/wp\/v2\/posts\/11958\/revisions"}],"predecessor-version":[{"id":11960,"href":"https:\/\/blogsaverroes.juntadeandalucia.es\/plurilinguismodelegacionmalaga\/wp-json\/wp\/v2\/posts\/11958\/revisions\/11960"}],"wp:featuredmedia":[{"embeddable":true,"href":"https:\/\/blogsaverroes.juntadeandalucia.es\/plurilinguismodelegacionmalaga\/wp-json\/wp\/v2\/media\/11959"}],"wp:attachment":[{"href":"https:\/\/blogsaverroes.juntadeandalucia.es\/plurilinguismodelegacionmalaga\/wp-json\/wp\/v2\/media?parent=11958"}],"wp:term":[{"taxonomy":"category","embeddable":true,"href":"https:\/\/blogsaverroes.juntadeandalucia.es\/plurilinguismodelegacionmalaga\/wp-json\/wp\/v2\/categories?post=11958"},{"taxonomy":"post_tag","embeddable":true,"href":"https:\/\/blogsaverroes.juntadeandalucia.es\/plurilinguismodelegacionmalaga\/wp-json\/wp\/v2\/tags?post=11958"}],"curies":[{"name":"wp","href":"https:\/\/api.w.org\/{rel}","templated":true}]}}