{"id":1196,"date":"2012-01-08T23:20:40","date_gmt":"2012-01-08T22:20:40","guid":{"rendered":"http:\/\/www.educacionenmalaga.es\/bilinguismo\/2012\/01\/08\/school-d-days-propuesta-didactica-desde-el-ceip-claracampoamor-de-alhaurin-de-la-torre\/"},"modified":"2012-01-08T23:20:40","modified_gmt":"2012-01-08T22:20:40","slug":"school-d-days-propuesta-didactica-desde-el-ceip-claracampoamor-de-alhaurin-de-la-torre","status":"publish","type":"post","link":"https:\/\/blogsaverroes.juntadeandalucia.es\/plurilinguismodelegacionmalaga\/2012\/01\/08\/school-d-days-propuesta-didactica-desde-el-ceip-claracampoamor-de-alhaurin-de-la-torre\/","title":{"rendered":"School D-Days: Propuesta did\u00e1ctica desde el CEIP Clara Campoamor de Alhaur\u00edn de la Torre"},"content":{"rendered":"<p><img decoding=\"async\" src=\"http:\/\/img.scoop.it\/RASbtLuO9LNxhh2rsmmt3jl72eJkfbmt4t8yenImKBXEejxNn4ZJNZ2ss5Ku7Cxt\" alt=\"\" \/><br \/>\nEn el blog del ITE (Instituto de Tecnolog\u00edas Educativas) del Ministerio de Educaci\u00f3n,\u00a0 Mar\u00eda Dolores Cubillo Fuentes, desde el CEIP Clara Campoamor de Alhaur\u00edn de la Torre, nos hace una propuesta did\u00e1ctica para la celebraci\u00f3n de los D\u00edas D (Special Days) en la clase de ingl\u00e9s.<br \/>\n<a href=\"http:\/\/recursostic.educacion.es\/blogs\/malted\/index.php\/2011\/12\/31\/school-d-days\">Via recursostic.educacion.es<\/a><\/p>\n","protected":false},"excerpt":{"rendered":"<p>En el blog del ITE (Instituto de Tecnolog\u00edas Educativas) del Ministerio de Educaci\u00f3n,\u00a0 Mar\u00eda Dolores Cubillo Fuentes, desde el CEIP Clara Campoamor de Alhaur\u00edn de la Torre, nos hace una propuesta did\u00e1ctica para la&#46;&#46;&#46;<\/p>\n","protected":false},"author":1124,"featured_media":0,"comment_status":"open","ping_status":"open","sticky":false,"template":"","format":"standard","meta":{"ngg_post_thumbnail":0,"footnotes":""},"categories":[2284639,4],"tags":[849],"aioseo_notices":[],"_links":{"self":[{"href":"https:\/\/blogsaverroes.juntadeandalucia.es\/plurilinguismodelegacionmalaga\/wp-json\/wp\/v2\/posts\/1196"}],"collection":[{"href":"https:\/\/blogsaverroes.juntadeandalucia.es\/plurilinguismodelegacionmalaga\/wp-json\/wp\/v2\/posts"}],"about":[{"href":"https:\/\/blogsaverroes.juntadeandalucia.es\/plurilinguismodelegacionmalaga\/wp-json\/wp\/v2\/types\/post"}],"author":[{"embeddable":true,"href":"https:\/\/blogsaverroes.juntadeandalucia.es\/plurilinguismodelegacionmalaga\/wp-json\/wp\/v2\/users\/1124"}],"replies":[{"embeddable":true,"href":"https:\/\/blogsaverroes.juntadeandalucia.es\/plurilinguismodelegacionmalaga\/wp-json\/wp\/v2\/comments?post=1196"}],"version-history":[{"count":0,"href":"https:\/\/blogsaverroes.juntadeandalucia.es\/plurilinguismodelegacionmalaga\/wp-json\/wp\/v2\/posts\/1196\/revisions"}],"wp:attachment":[{"href":"https:\/\/blogsaverroes.juntadeandalucia.es\/plurilinguismodelegacionmalaga\/wp-json\/wp\/v2\/media?parent=1196"}],"wp:term":[{"taxonomy":"category","embeddable":true,"href":"https:\/\/blogsaverroes.juntadeandalucia.es\/plurilinguismodelegacionmalaga\/wp-json\/wp\/v2\/categories?post=1196"},{"taxonomy":"post_tag","embeddable":true,"href":"https:\/\/blogsaverroes.juntadeandalucia.es\/plurilinguismodelegacionmalaga\/wp-json\/wp\/v2\/tags?post=1196"}],"curies":[{"name":"wp","href":"https:\/\/api.w.org\/{rel}","templated":true}]}}