{"id":11962,"date":"2025-06-17T13:59:01","date_gmt":"2025-06-17T11:59:01","guid":{"rendered":"https:\/\/blogsaverroes.juntadeandalucia.es\/plurilinguismodelegacionmalaga\/?p=11962"},"modified":"2025-06-17T13:59:01","modified_gmt":"2025-06-17T11:59:01","slug":"practicas-de-exito-ies-martiricos","status":"publish","type":"post","link":"https:\/\/blogsaverroes.juntadeandalucia.es\/plurilinguismodelegacionmalaga\/2025\/06\/17\/practicas-de-exito-ies-martiricos\/","title":{"rendered":"Pr\u00e1cticas de \u00e9xito IES Martiricos"},"content":{"rendered":"<p>El equipo de profesorado biling\u00fce junto a las auxiliares Nora e Eve hemos trabajado en el proyecto&nbsp;<em>Martiricos Times<\/em>. Consiste en un <a href=\"https:\/\/blogsaverroes.juntadeandalucia.es\/iesmartiricos\/2025\/06\/13\/proyecto-final-bilinguismo-2024-25-martiricos-times\/\" target=\"_blank\" rel=\"noopener\">peri\u00f3dico<\/a> donde hemos reflejado el trabajo realizado en las diferentes materias biling\u00fces.<\/p>\n<p>Aqu\u00ed puedes encontrar entrevistas a las auxiliares, excursiones, trabajos de Biolog\u00eda, F\u00edsica y Qu\u00edmica, Historia\u2026<\/p>\n<blockquote class=\"wp-embedded-content\" data-secret=\"wYhiHjWf5p\"><p><a href=\"https:\/\/blogsaverroes.juntadeandalucia.es\/iesmartiricos\/2025\/06\/13\/proyecto-final-bilinguismo-2024-25-martiricos-times\/\">Proyecto final Biling\u00fcismo 2024\/25 -MARTIRICOS TIMES-<\/a><\/p><\/blockquote>\n<p><iframe class=\"wp-embedded-content\" sandbox=\"allow-scripts\" security=\"restricted\" style=\"position: absolute; clip: rect(1px, 1px, 1px, 1px);\" title=\"\u00abProyecto final Biling\u00fcismo 2024\/25 -MARTIRICOS TIMES-\u00bb \u2014 IES Martiricos (Ntra. Sra. de la Victoria)\" src=\"https:\/\/blogsaverroes.juntadeandalucia.es\/iesmartiricos\/2025\/06\/13\/proyecto-final-bilinguismo-2024-25-martiricos-times\/embed\/#?secret=elzWnIO8wr#?secret=wYhiHjWf5p\" data-secret=\"wYhiHjWf5p\" width=\"500\" height=\"282\" frameborder=\"0\" marginwidth=\"0\" marginheight=\"0\" scrolling=\"no\"><\/iframe><\/p>\n","protected":false},"excerpt":{"rendered":"<p>El equipo de profesorado biling\u00fce junto a las auxiliares Nora e Eve hemos trabajado en el proyecto&nbsp;Martiricos Times. Consiste en un peri\u00f3dico donde hemos reflejado el trabajo realizado en las diferentes materias biling\u00fces. Aqu\u00ed&#46;&#46;&#46;<\/p>\n","protected":false},"author":8062,"featured_media":11963,"comment_status":"open","ping_status":"open","sticky":false,"template":"","format":"standard","meta":{"ngg_post_thumbnail":0,"footnotes":""},"categories":[796323],"tags":[],"aioseo_notices":[],"_links":{"self":[{"href":"https:\/\/blogsaverroes.juntadeandalucia.es\/plurilinguismodelegacionmalaga\/wp-json\/wp\/v2\/posts\/11962"}],"collection":[{"href":"https:\/\/blogsaverroes.juntadeandalucia.es\/plurilinguismodelegacionmalaga\/wp-json\/wp\/v2\/posts"}],"about":[{"href":"https:\/\/blogsaverroes.juntadeandalucia.es\/plurilinguismodelegacionmalaga\/wp-json\/wp\/v2\/types\/post"}],"author":[{"embeddable":true,"href":"https:\/\/blogsaverroes.juntadeandalucia.es\/plurilinguismodelegacionmalaga\/wp-json\/wp\/v2\/users\/8062"}],"replies":[{"embeddable":true,"href":"https:\/\/blogsaverroes.juntadeandalucia.es\/plurilinguismodelegacionmalaga\/wp-json\/wp\/v2\/comments?post=11962"}],"version-history":[{"count":1,"href":"https:\/\/blogsaverroes.juntadeandalucia.es\/plurilinguismodelegacionmalaga\/wp-json\/wp\/v2\/posts\/11962\/revisions"}],"predecessor-version":[{"id":11964,"href":"https:\/\/blogsaverroes.juntadeandalucia.es\/plurilinguismodelegacionmalaga\/wp-json\/wp\/v2\/posts\/11962\/revisions\/11964"}],"wp:featuredmedia":[{"embeddable":true,"href":"https:\/\/blogsaverroes.juntadeandalucia.es\/plurilinguismodelegacionmalaga\/wp-json\/wp\/v2\/media\/11963"}],"wp:attachment":[{"href":"https:\/\/blogsaverroes.juntadeandalucia.es\/plurilinguismodelegacionmalaga\/wp-json\/wp\/v2\/media?parent=11962"}],"wp:term":[{"taxonomy":"category","embeddable":true,"href":"https:\/\/blogsaverroes.juntadeandalucia.es\/plurilinguismodelegacionmalaga\/wp-json\/wp\/v2\/categories?post=11962"},{"taxonomy":"post_tag","embeddable":true,"href":"https:\/\/blogsaverroes.juntadeandalucia.es\/plurilinguismodelegacionmalaga\/wp-json\/wp\/v2\/tags?post=11962"}],"curies":[{"name":"wp","href":"https:\/\/api.w.org\/{rel}","templated":true}]}}