{"id":11966,"date":"2025-06-20T13:49:21","date_gmt":"2025-06-20T11:49:21","guid":{"rendered":"https:\/\/blogsaverroes.juntadeandalucia.es\/plurilinguismodelegacionmalaga\/?p=11966"},"modified":"2025-06-20T13:51:13","modified_gmt":"2025-06-20T11:51:13","slug":"proyecto-bilingue-malaga-la-ciudad-donde-vivo","status":"publish","type":"post","link":"https:\/\/blogsaverroes.juntadeandalucia.es\/plurilinguismodelegacionmalaga\/2025\/06\/20\/proyecto-bilingue-malaga-la-ciudad-donde-vivo\/","title":{"rendered":"Proyecto Biling\u00fce \u00abM\u00e1laga, la ciudad donde vivo\u00bb IES Fernando de los R\u00edos"},"content":{"rendered":"<p>El alumnado de 1.\u00ba a 4.\u00ba de ESO del IES Fernando de los R\u00edos de M\u00e1laga ha realizado junto al profesorado de las distintas materias biling\u00fces de Biolog\u00eda, Geograf\u00eda e Historia, F\u00edsica y Qu\u00edmica, Educaci\u00f3n F\u00edsica e Ingl\u00e9s un proyecto integrado bajo el nombre de \u00abM\u00e1laga, la ciudad donde vivo\u00bb. Para ello, se ha simulado un stand digital para la participaci\u00f3n en la feria de FITUR y, para promocionar M\u00e1laga, se ha creado un <a href=\"https:\/\/www.canva.com\/design\/DAGnOtXuvj0\/6U2q-0emT5QTbiOBnZ6Z9A\/view?utm_content=DAGnOtXuvj0&amp;utm_campaign=designshare&amp;utm_medium=link2&amp;utm_source=uniquelinks&amp;utlId=ha03aad1e78\" target=\"_blank\" rel=\"noopener\">folleto digital<\/a> donde a trav\u00e9s de los distintos trabajos, actividades, v\u00eddeos, infograf\u00edas y podcasts se puede encontrar informaci\u00f3n sobre bot\u00e1nica, personajes hist\u00f3ricos, mujeres importantes de M\u00e1laga, conocer mejor el barrio y el entorno del instituto y, a la misma vez, ofrecer una extensa oferta cultural, deportiva y gastron\u00f3mica tanto de M\u00e1laga como de su provincia.<br \/>\nDicho proyecto se ha llevado a cabo dentro de los programas de Biling\u00fcismo y el de Transformaci\u00f3n Digital Educativa (TDE), que han trabajado de forma conjunta.<\/p>\n<p>\u00a1Gracias a todo el alumnado y profesorado implicado!<\/p>\n<p><iframe class=\"wp-embedded-content\" sandbox=\"allow-scripts\" security=\"restricted\" title=\"Proyecto Biling\u00fce 2024-2025\" src=\"https:\/\/www.canva.com\/design\/DAGnOtXuvj0\/6U2q-0emT5QTbiOBnZ6Z9A\/view?embed&#038;meta#?secret=HfVvZTaUsx\" data-secret=\"HfVvZTaUsx\" height=\"354\" width=\"500\"><\/iframe><\/p>\n","protected":false},"excerpt":{"rendered":"<p>El alumnado de 1.\u00ba a 4.\u00ba de ESO del IES Fernando de los R\u00edos de M\u00e1laga ha realizado junto al profesorado de las distintas materias biling\u00fces de Biolog\u00eda, Geograf\u00eda e Historia, F\u00edsica y Qu\u00edmica,&#46;&#46;&#46;<\/p>\n","protected":false},"author":8062,"featured_media":11968,"comment_status":"open","ping_status":"open","sticky":false,"template":"","format":"standard","meta":{"ngg_post_thumbnail":0,"footnotes":""},"categories":[946,796323],"tags":[],"aioseo_notices":[],"_links":{"self":[{"href":"https:\/\/blogsaverroes.juntadeandalucia.es\/plurilinguismodelegacionmalaga\/wp-json\/wp\/v2\/posts\/11966"}],"collection":[{"href":"https:\/\/blogsaverroes.juntadeandalucia.es\/plurilinguismodelegacionmalaga\/wp-json\/wp\/v2\/posts"}],"about":[{"href":"https:\/\/blogsaverroes.juntadeandalucia.es\/plurilinguismodelegacionmalaga\/wp-json\/wp\/v2\/types\/post"}],"author":[{"embeddable":true,"href":"https:\/\/blogsaverroes.juntadeandalucia.es\/plurilinguismodelegacionmalaga\/wp-json\/wp\/v2\/users\/8062"}],"replies":[{"embeddable":true,"href":"https:\/\/blogsaverroes.juntadeandalucia.es\/plurilinguismodelegacionmalaga\/wp-json\/wp\/v2\/comments?post=11966"}],"version-history":[{"count":4,"href":"https:\/\/blogsaverroes.juntadeandalucia.es\/plurilinguismodelegacionmalaga\/wp-json\/wp\/v2\/posts\/11966\/revisions"}],"predecessor-version":[{"id":11972,"href":"https:\/\/blogsaverroes.juntadeandalucia.es\/plurilinguismodelegacionmalaga\/wp-json\/wp\/v2\/posts\/11966\/revisions\/11972"}],"wp:featuredmedia":[{"embeddable":true,"href":"https:\/\/blogsaverroes.juntadeandalucia.es\/plurilinguismodelegacionmalaga\/wp-json\/wp\/v2\/media\/11968"}],"wp:attachment":[{"href":"https:\/\/blogsaverroes.juntadeandalucia.es\/plurilinguismodelegacionmalaga\/wp-json\/wp\/v2\/media?parent=11966"}],"wp:term":[{"taxonomy":"category","embeddable":true,"href":"https:\/\/blogsaverroes.juntadeandalucia.es\/plurilinguismodelegacionmalaga\/wp-json\/wp\/v2\/categories?post=11966"},{"taxonomy":"post_tag","embeddable":true,"href":"https:\/\/blogsaverroes.juntadeandalucia.es\/plurilinguismodelegacionmalaga\/wp-json\/wp\/v2\/tags?post=11966"}],"curies":[{"name":"wp","href":"https:\/\/api.w.org\/{rel}","templated":true}]}}