{"id":11983,"date":"2025-08-28T12:57:17","date_gmt":"2025-08-28T10:57:17","guid":{"rendered":"https:\/\/blogsaverroes.juntadeandalucia.es\/plurilinguismodelegacionmalaga\/?p=11983"},"modified":"2025-08-28T13:04:06","modified_gmt":"2025-08-28T11:04:06","slug":"semana-cultural-en-ies-miraya-del-mar","status":"publish","type":"post","link":"https:\/\/blogsaverroes.juntadeandalucia.es\/plurilinguismodelegacionmalaga\/2025\/08\/28\/semana-cultural-en-ies-miraya-del-mar\/","title":{"rendered":"Semana Cultural en IES Miraya del Mar"},"content":{"rendered":"<p>En el curso 2024\/2025 se ha celebrado por primera vez en el<strong> IES Miraya del Mar<\/strong> una Semana Cultural en torno a Patrimonio. Se han incluido actividades relacionadas con el <strong>Programa CIMA<\/strong> y actividades ling\u00fc\u00edsticas del <strong>Programa de Pluriling\u00fcismo<\/strong> del centro.&nbsp;<\/p>\n<p>Durante estos d\u00edas culturales (de los cuales dos quedaron pospuestos por las dificultades t\u00e9cnicas del apag\u00f3n nacional) -28 abril, 13 y 14 mayo- nuestro centro educativo celebr\u00f3 una programaci\u00f3n especial dedicada a la puesta en valor del patrimonio cultural local, musical, biol\u00f3gico, deportivo, tradicional, as\u00ed como de las culturas de los idiomas que se estudian.&nbsp;<\/p>\n<p>A lo largo de estos d\u00edas los alumnos desarrollaron actividades din\u00e1micas, interactivas, expositivas, deportivas, ling\u00fc\u00edsticas, literarias, fotogr\u00e1ficas, teatrales, l\u00fadicas, talleres, desayunos solidarios&#8230; en las que recibieron a grupos de alumnos tanto del propio centro como de colegios adscritos.&nbsp;<\/p>\n<p>Adem\u00e1s, se desarrollaron iniciativas vinculadas al Programa CIMA, fomentando la investigaci\u00f3n, la creatividad y el aprendizaje interdisciplinar, a trav\u00e9s de proyectos colaborativos que exploraron la identidad, la sostenibilidad o la memoria hist\u00f3rica.<br \/>\n<img loading=\"lazy\" decoding=\"async\" class=\"wp-image-11986 alignleft\" src=\"https:\/\/blogsaverroes.juntadeandalucia.es\/plurilinguismodelegacionmalaga\/files\/2025\/08\/photo_2025-07-19_15-24-54-300x225.jpg\" alt=\"\" width=\"455\" height=\"341\" srcset=\"https:\/\/blogsaverroes.juntadeandalucia.es\/plurilinguismodelegacionmalaga\/files\/2025\/08\/photo_2025-07-19_15-24-54-300x225.jpg 300w, https:\/\/blogsaverroes.juntadeandalucia.es\/plurilinguismodelegacionmalaga\/files\/2025\/08\/photo_2025-07-19_15-24-54.jpg 320w\" sizes=\"(max-width: 455px) 100vw, 455px\" \/><br \/>\nFue una oportunidad para integrar saberes, compartir experiencias y fortalecer el sentido de comunidad educativa en torno al valor del patrimonio.<img loading=\"lazy\" decoding=\"async\" class=\"wp-image-11984 alignright\" src=\"https:\/\/blogsaverroes.juntadeandalucia.es\/plurilinguismodelegacionmalaga\/files\/2025\/08\/photo_2025-07-19_15-17-24-300x169.jpg\" alt=\"\" width=\"528\" height=\"297\" srcset=\"https:\/\/blogsaverroes.juntadeandalucia.es\/plurilinguismodelegacionmalaga\/files\/2025\/08\/photo_2025-07-19_15-17-24-300x169.jpg 300w, https:\/\/blogsaverroes.juntadeandalucia.es\/plurilinguismodelegacionmalaga\/files\/2025\/08\/photo_2025-07-19_15-17-24.jpg 320w\" sizes=\"(max-width: 528px) 100vw, 528px\" \/><\/p>\n<p>Las actividades se desarrollaron a lo largo de 3 d\u00edas en horario de 11.45 a 14.45 y fueron simult\u00e1neas en diferentes espacios del centro, llev\u00e1ndose a cabo un total de 53 actividades ling\u00fc\u00edsticas y 164 actividades del proyecto CIMA.<\/p>\n<p>Visita el <a href=\"https:\/\/mirayabilingue.blogspot.com\/2025\/07\/semana-cultural-en-ies-miraya-del-mar.html\">blog del IES Miraya del Mar<\/a> para ver todas las actividades que realizadas:&nbsp;<\/p>\n<p>https:\/\/mirayabilingue.blogspot.com\/2025\/07\/semana-cultural-en-ies-miraya-del-mar.html<\/p>\n<p>\u00a1Enhorabuena!<\/p>\n","protected":false},"excerpt":{"rendered":"<p>En el curso 2024\/2025 se ha celebrado por primera vez en el IES Miraya del Mar una Semana Cultural en torno a Patrimonio. Se han incluido actividades relacionadas con el Programa CIMA y actividades&#46;&#46;&#46;<\/p>\n","protected":false},"author":8062,"featured_media":11985,"comment_status":"open","ping_status":"open","sticky":false,"template":"","format":"standard","meta":{"ngg_post_thumbnail":0,"footnotes":""},"categories":[796323,2284905],"tags":[],"aioseo_notices":[],"_links":{"self":[{"href":"https:\/\/blogsaverroes.juntadeandalucia.es\/plurilinguismodelegacionmalaga\/wp-json\/wp\/v2\/posts\/11983"}],"collection":[{"href":"https:\/\/blogsaverroes.juntadeandalucia.es\/plurilinguismodelegacionmalaga\/wp-json\/wp\/v2\/posts"}],"about":[{"href":"https:\/\/blogsaverroes.juntadeandalucia.es\/plurilinguismodelegacionmalaga\/wp-json\/wp\/v2\/types\/post"}],"author":[{"embeddable":true,"href":"https:\/\/blogsaverroes.juntadeandalucia.es\/plurilinguismodelegacionmalaga\/wp-json\/wp\/v2\/users\/8062"}],"replies":[{"embeddable":true,"href":"https:\/\/blogsaverroes.juntadeandalucia.es\/plurilinguismodelegacionmalaga\/wp-json\/wp\/v2\/comments?post=11983"}],"version-history":[{"count":3,"href":"https:\/\/blogsaverroes.juntadeandalucia.es\/plurilinguismodelegacionmalaga\/wp-json\/wp\/v2\/posts\/11983\/revisions"}],"predecessor-version":[{"id":11989,"href":"https:\/\/blogsaverroes.juntadeandalucia.es\/plurilinguismodelegacionmalaga\/wp-json\/wp\/v2\/posts\/11983\/revisions\/11989"}],"wp:featuredmedia":[{"embeddable":true,"href":"https:\/\/blogsaverroes.juntadeandalucia.es\/plurilinguismodelegacionmalaga\/wp-json\/wp\/v2\/media\/11985"}],"wp:attachment":[{"href":"https:\/\/blogsaverroes.juntadeandalucia.es\/plurilinguismodelegacionmalaga\/wp-json\/wp\/v2\/media?parent=11983"}],"wp:term":[{"taxonomy":"category","embeddable":true,"href":"https:\/\/blogsaverroes.juntadeandalucia.es\/plurilinguismodelegacionmalaga\/wp-json\/wp\/v2\/categories?post=11983"},{"taxonomy":"post_tag","embeddable":true,"href":"https:\/\/blogsaverroes.juntadeandalucia.es\/plurilinguismodelegacionmalaga\/wp-json\/wp\/v2\/tags?post=11983"}],"curies":[{"name":"wp","href":"https:\/\/api.w.org\/{rel}","templated":true}]}}