{"id":11996,"date":"2025-09-26T13:09:04","date_gmt":"2025-09-26T11:09:04","guid":{"rendered":"https:\/\/blogsaverroes.juntadeandalucia.es\/plurilinguismodelegacionmalaga\/?p=11996"},"modified":"2025-09-26T13:09:04","modified_gmt":"2025-09-26T11:09:04","slug":"ies-los-montecillos-job-shadowing-en-dinamarca","status":"publish","type":"post","link":"https:\/\/blogsaverroes.juntadeandalucia.es\/plurilinguismodelegacionmalaga\/2025\/09\/26\/ies-los-montecillos-job-shadowing-en-dinamarca\/","title":{"rendered":"IES Los Montecillos &#8211; Job shadowing en Dinamarca"},"content":{"rendered":"<p>La visita a dos colegios de Dinamarca ha supuesto para nuestro centro, el IES Los Montecillos, un revulsivo.<\/p>\n<p>Aprender del pa\u00eds con una gran eficiencia energ\u00e9tica y con una gran apuesta hacia la sostenibilidad nos abre los ojos hacia un nuevo modelo al que hay que aspirar.<\/p>\n<p>La sostenibilidad, tanto en el centro como en el pa\u00eds, supone una concienciaci\u00f3n total de todos los habitantes. Algo que est\u00e1 en el ADN de los daneses y que practican de una manera natural. El uso de la bicicleta en un pa\u00eds con un clima duro, las infraestructuras para los ciclistas, las plantas de reciclaje convertidas en pistas de ocio y ski, los kayaks gratuitos para recoger basura en los canales, los jardines urbanos o los mercados de comida org\u00e1nica son para nosotros algo futurista.<\/p>\n<p>Igualmente en el centro escolar cada alumno\/a sabe qu\u00e9 y c\u00f3mo contribuir a la sostenibilidad.<\/p>\n<p>En los centros visitados, uno en Copenhague y otro en Aars, nos han hecho una profunda explicaci\u00f3n sobre el sistema educativo dan\u00e9s que est\u00e1 completamente centrado en el alumnado, siendo la resoluci\u00f3n de problemas el concepto metodol\u00f3gico predominante. No ver la clase como un conjunto sino como al individuo particular ayuda a conseguir el potencial adaptado individualmente. Lejos de las largas explicaciones y clases te\u00f3ricas el alumnado recibe unas instrucciones r\u00e1pidas al principio de cada clase y a partir de ah\u00ed la responsabilidad del aprendizaje recae en el alumnado y no en el profesor o en el sistema educativo. Esto cambia radicalmente la perspectiva, puesto que el inter\u00e9s del alumnado aumenta po<img loading=\"lazy\" decoding=\"async\" class=\" wp-image-11997 alignright\" src=\"https:\/\/blogsaverroes.juntadeandalucia.es\/plurilinguismodelegacionmalaga\/files\/2025\/09\/Meeting-with-the-CEO-at-HEG-school-Aalborg-Dinamarca-300x135.jpg\" alt=\"\" width=\"644\" height=\"290\" srcset=\"https:\/\/blogsaverroes.juntadeandalucia.es\/plurilinguismodelegacionmalaga\/files\/2025\/09\/Meeting-with-the-CEO-at-HEG-school-Aalborg-Dinamarca-300x135.jpg 300w, https:\/\/blogsaverroes.juntadeandalucia.es\/plurilinguismodelegacionmalaga\/files\/2025\/09\/Meeting-with-the-CEO-at-HEG-school-Aalborg-Dinamarca-1024x460.jpg 1024w, https:\/\/blogsaverroes.juntadeandalucia.es\/plurilinguismodelegacionmalaga\/files\/2025\/09\/Meeting-with-the-CEO-at-HEG-school-Aalborg-Dinamarca-768x345.jpg 768w, https:\/\/blogsaverroes.juntadeandalucia.es\/plurilinguismodelegacionmalaga\/files\/2025\/09\/Meeting-with-the-CEO-at-HEG-school-Aalborg-Dinamarca-1536x690.jpg 1536w, https:\/\/blogsaverroes.juntadeandalucia.es\/plurilinguismodelegacionmalaga\/files\/2025\/09\/Meeting-with-the-CEO-at-HEG-school-Aalborg-Dinamarca-2048x920.jpg 2048w\" sizes=\"(max-width: 644px) 100vw, 644px\" \/>tencialmente.<\/p>\n<p>Se fomenta el bienestar del alumnado, la cooperaci\u00f3n, la participaci\u00f3n democr\u00e1tica y la igualdad y observamos c\u00f3mo se conf\u00eda plenamente en el alumnado.<\/p>\n<p>Tambi\u00e9n hemos tenido la posibilidad de conocer la gesti\u00f3n de la formaci\u00f3n profesional. El esfuerzo por crear profesionales con empleabilidad es notorio. Los recursos econ\u00f3micos son impresionantes y el alumnado desde el principio est\u00e1 trabajando con maquinaria de una alt\u00edsima calidad. En el mismo centro pudimos observar formaci\u00f3n profesional de comercio, administraci\u00f3n, tecnolog\u00eda, carpinter\u00eda, alba\u00f1iler\u00eda y herrer\u00eda.<\/p>\n<p>Los centros daneses se marcan objetivos ambiciosos con el fin de crear resultados concretos, cambiar aspectos relevantes y diferenciarse de otros centros escolares.<\/p>\n","protected":false},"excerpt":{"rendered":"<p>La visita a dos colegios de Dinamarca ha supuesto para nuestro centro, el IES Los Montecillos, un revulsivo. Aprender del pa\u00eds con una gran eficiencia energ\u00e9tica y con una gran apuesta hacia la sostenibilidad&#46;&#46;&#46;<\/p>\n","protected":false},"author":8062,"featured_media":0,"comment_status":"open","ping_status":"open","sticky":false,"template":"","format":"standard","meta":{"ngg_post_thumbnail":0,"footnotes":""},"categories":[796323,11909],"tags":[],"aioseo_notices":[],"_links":{"self":[{"href":"https:\/\/blogsaverroes.juntadeandalucia.es\/plurilinguismodelegacionmalaga\/wp-json\/wp\/v2\/posts\/11996"}],"collection":[{"href":"https:\/\/blogsaverroes.juntadeandalucia.es\/plurilinguismodelegacionmalaga\/wp-json\/wp\/v2\/posts"}],"about":[{"href":"https:\/\/blogsaverroes.juntadeandalucia.es\/plurilinguismodelegacionmalaga\/wp-json\/wp\/v2\/types\/post"}],"author":[{"embeddable":true,"href":"https:\/\/blogsaverroes.juntadeandalucia.es\/plurilinguismodelegacionmalaga\/wp-json\/wp\/v2\/users\/8062"}],"replies":[{"embeddable":true,"href":"https:\/\/blogsaverroes.juntadeandalucia.es\/plurilinguismodelegacionmalaga\/wp-json\/wp\/v2\/comments?post=11996"}],"version-history":[{"count":2,"href":"https:\/\/blogsaverroes.juntadeandalucia.es\/plurilinguismodelegacionmalaga\/wp-json\/wp\/v2\/posts\/11996\/revisions"}],"predecessor-version":[{"id":11999,"href":"https:\/\/blogsaverroes.juntadeandalucia.es\/plurilinguismodelegacionmalaga\/wp-json\/wp\/v2\/posts\/11996\/revisions\/11999"}],"wp:attachment":[{"href":"https:\/\/blogsaverroes.juntadeandalucia.es\/plurilinguismodelegacionmalaga\/wp-json\/wp\/v2\/media?parent=11996"}],"wp:term":[{"taxonomy":"category","embeddable":true,"href":"https:\/\/blogsaverroes.juntadeandalucia.es\/plurilinguismodelegacionmalaga\/wp-json\/wp\/v2\/categories?post=11996"},{"taxonomy":"post_tag","embeddable":true,"href":"https:\/\/blogsaverroes.juntadeandalucia.es\/plurilinguismodelegacionmalaga\/wp-json\/wp\/v2\/tags?post=11996"}],"curies":[{"name":"wp","href":"https:\/\/api.w.org\/{rel}","templated":true}]}}