{"id":12002,"date":"2025-10-09T07:48:59","date_gmt":"2025-10-09T05:48:59","guid":{"rendered":"https:\/\/blogsaverroes.juntadeandalucia.es\/plurilinguismodelegacionmalaga\/?p=12002"},"modified":"2025-10-09T07:48:59","modified_gmt":"2025-10-09T05:48:59","slug":"todo-empieza-aqui","status":"publish","type":"post","link":"https:\/\/blogsaverroes.juntadeandalucia.es\/plurilinguismodelegacionmalaga\/2025\/10\/09\/todo-empieza-aqui\/","title":{"rendered":"Todo empieza aqu\u00ed"},"content":{"rendered":"<p><span style=\"font-family: verdana, geneva, sans-serif\">El CEIP Antonio Machado de M\u00e1laga, inmerso en Proyectos Erasmus+ desde el a\u00f1o 2016 y contando con la Acreditaci\u00f3n desde 2022 ya trabaja en el nuevo proyecto de 2025. <\/span><span style=\"font-family: verdana, geneva, sans-serif\">El centro cada a\u00f1o recibe financiaci\u00f3n para realizar movilidades por toda Europa dentro de dicho proyecto y que este a\u00f1o 2025 la cuant\u00eda asciende a 24.221\u20ac que se utilizar\u00e1n para realizar movilidad de alumnado, cursos de formaci\u00f3n del profesorado y hacer <em>Jobshadowing <\/em>(aprendizaje por observaci\u00f3n) para visitar escuelas en pa\u00edses europeos.<\/span><br \/>\n<span style=\"font-family: verdana, geneva, sans-serif\"><img loading=\"lazy\" decoding=\"async\" class=\"wp-image-12003 alignright\" style=\"font-family: Poppins, sans-serif\" src=\"https:\/\/blogsaverroes.juntadeandalucia.es\/plurilinguismodelegacionmalaga\/files\/2025\/10\/WhatsApp-Image-2025-09-30-at-11.07.54-1-300x188.jpeg\" alt=\"\" width=\"455\" height=\"285\" srcset=\"https:\/\/blogsaverroes.juntadeandalucia.es\/plurilinguismodelegacionmalaga\/files\/2025\/10\/WhatsApp-Image-2025-09-30-at-11.07.54-1-300x188.jpeg 300w, https:\/\/blogsaverroes.juntadeandalucia.es\/plurilinguismodelegacionmalaga\/files\/2025\/10\/WhatsApp-Image-2025-09-30-at-11.07.54-1-1024x640.jpeg 1024w, https:\/\/blogsaverroes.juntadeandalucia.es\/plurilinguismodelegacionmalaga\/files\/2025\/10\/WhatsApp-Image-2025-09-30-at-11.07.54-1-768x480.jpeg 768w, https:\/\/blogsaverroes.juntadeandalucia.es\/plurilinguismodelegacionmalaga\/files\/2025\/10\/WhatsApp-Image-2025-09-30-at-11.07.54-1.jpeg 1320w\" sizes=\"(max-width: 455px) 100vw, 455px\" \/>\u201cLa larga trayectoria de nuestro centro en proyectos Erasmus+ nos hace uno de los Pioneros de primaria en la provincia de <\/span><span style=\"font-family: verdana, geneva, sans-serif\">M\u00e1laga y siempre dispuestos a apoyar y animar a los que empiezan en esta aventura europea&#8221;. As\u00ed, los pasados 23 y 24 de septiembre, la coordinadora Fredesvinda Garc\u00eda D\u00edaz, particip\u00f3 en reuniones y talleres con m\u00e1s de 900 docentes de toda Espa\u00f1a en Huelva, en las Jornadas anuales Erasmus+ para educaci\u00f3n escolar y educaci\u00f3n de personas adultas.<\/span><br \/>\n<span style=\"font-family: verdana, geneva, sans-serif\">Este a\u00f1o la financiaci\u00f3n asciende a 72 millones de Euros en los sectores de Educaci\u00f3n y Educaci\u00f3n de personas adultas, habi\u00e9ndose acreditado un total de 1.978 proyectos. <\/span><span style=\"font-family: verdana, geneva, sans-serif\">Estas jornadas, explica la coordinadora, tienen como objetivo facilitar formaci\u00f3n para conseguir una \u00f3ptima gesti\u00f3n de los proyectos Erasmus+, lograr un impacto m\u00e1s all\u00e1 de los centros educativos y compartir experiencias con colegas de todo el pa\u00eds.<\/span><\/p>\n","protected":false},"excerpt":{"rendered":"<p>El CEIP Antonio Machado de M\u00e1laga, inmerso en Proyectos Erasmus+ desde el a\u00f1o 2016 y contando con la Acreditaci\u00f3n desde 2022 ya trabaja en el nuevo proyecto de 2025. El centro cada a\u00f1o recibe&#46;&#46;&#46;<\/p>\n","protected":false},"author":8062,"featured_media":12004,"comment_status":"open","ping_status":"open","sticky":false,"template":"","format":"standard","meta":{"ngg_post_thumbnail":0,"footnotes":""},"categories":[796323,11909],"tags":[],"aioseo_notices":[],"_links":{"self":[{"href":"https:\/\/blogsaverroes.juntadeandalucia.es\/plurilinguismodelegacionmalaga\/wp-json\/wp\/v2\/posts\/12002"}],"collection":[{"href":"https:\/\/blogsaverroes.juntadeandalucia.es\/plurilinguismodelegacionmalaga\/wp-json\/wp\/v2\/posts"}],"about":[{"href":"https:\/\/blogsaverroes.juntadeandalucia.es\/plurilinguismodelegacionmalaga\/wp-json\/wp\/v2\/types\/post"}],"author":[{"embeddable":true,"href":"https:\/\/blogsaverroes.juntadeandalucia.es\/plurilinguismodelegacionmalaga\/wp-json\/wp\/v2\/users\/8062"}],"replies":[{"embeddable":true,"href":"https:\/\/blogsaverroes.juntadeandalucia.es\/plurilinguismodelegacionmalaga\/wp-json\/wp\/v2\/comments?post=12002"}],"version-history":[{"count":2,"href":"https:\/\/blogsaverroes.juntadeandalucia.es\/plurilinguismodelegacionmalaga\/wp-json\/wp\/v2\/posts\/12002\/revisions"}],"predecessor-version":[{"id":12006,"href":"https:\/\/blogsaverroes.juntadeandalucia.es\/plurilinguismodelegacionmalaga\/wp-json\/wp\/v2\/posts\/12002\/revisions\/12006"}],"wp:featuredmedia":[{"embeddable":true,"href":"https:\/\/blogsaverroes.juntadeandalucia.es\/plurilinguismodelegacionmalaga\/wp-json\/wp\/v2\/media\/12004"}],"wp:attachment":[{"href":"https:\/\/blogsaverroes.juntadeandalucia.es\/plurilinguismodelegacionmalaga\/wp-json\/wp\/v2\/media?parent=12002"}],"wp:term":[{"taxonomy":"category","embeddable":true,"href":"https:\/\/blogsaverroes.juntadeandalucia.es\/plurilinguismodelegacionmalaga\/wp-json\/wp\/v2\/categories?post=12002"},{"taxonomy":"post_tag","embeddable":true,"href":"https:\/\/blogsaverroes.juntadeandalucia.es\/plurilinguismodelegacionmalaga\/wp-json\/wp\/v2\/tags?post=12002"}],"curies":[{"name":"wp","href":"https:\/\/api.w.org\/{rel}","templated":true}]}}