{"id":12064,"date":"2025-11-05T13:26:48","date_gmt":"2025-11-05T12:26:48","guid":{"rendered":"https:\/\/blogsaverroes.juntadeandalucia.es\/plurilinguismodelegacionmalaga\/?p=12064"},"modified":"2025-11-05T13:31:02","modified_gmt":"2025-11-05T12:31:02","slug":"la-eoi-de-estepona-crea-unidades-didacticas-digitales-sobre-la-exposicion-quinones-al-origen","status":"publish","type":"post","link":"https:\/\/blogsaverroes.juntadeandalucia.es\/plurilinguismodelegacionmalaga\/2025\/11\/05\/la-eoi-de-estepona-crea-unidades-didacticas-digitales-sobre-la-exposicion-quinones-al-origen\/","title":{"rendered":"La EOI de Estepona crea unidades did\u00e1cticas digitales sobre la exposici\u00f3n \u201cQui\u00f1ones: Al Origen\u201d"},"content":{"rendered":"<p><span style=\"font-family: verdana, geneva, sans-serif\">La <strong>Escuela Oficial de Idiomas de Estepona<\/strong> ha elaborado dos <strong>unidades did\u00e1cticas digitales<\/strong>, en <strong>ingl\u00e9s y franc\u00e9s<\/strong>, inspiradas en la exposici\u00f3n <em>\u201cQUI\u00d1ONES: AL ORIGEN\u201d<\/em>, actualmente albergada en el <strong>Centro Cultural Mirador del Carmen<\/strong>.<\/span><\/p>\n<p><span style=\"font-family: verdana, geneva, sans-serif\">Estas unidades forman parte del <strong>proyecto interdisciplinar<\/strong> del centro, que busca <strong>integrar el aprendizaje de idiomas con el arte<\/strong>, fomentando el uso del idioma en contextos reales y significativos. Cada unidad incluye una <strong>hoja de actividades<\/strong> dise\u00f1ada para guiar al alumnado en la comprensi\u00f3n y expresi\u00f3n oral y escrita a partir de la visita a la muestra.<\/span><\/p>\n<p><span style=\"font-family: verdana, geneva, sans-serif\">La exposici\u00f3n, que re\u00fane m\u00e1s de <strong>180 esculturas en m\u00e1rmol<\/strong> evocando <strong>objetos de la infancia y del verano<\/strong>, ha supuesto un <strong>recurso pedag\u00f3gico excepcional<\/strong> para trabajar la lengua desde la emoci\u00f3n y la observaci\u00f3n art\u00edstica.<img loading=\"lazy\" decoding=\"async\" class=\" wp-image-12065 alignright\" src=\"https:\/\/blogsaverroes.juntadeandalucia.es\/plurilinguismodelegacionmalaga\/files\/2025\/11\/WhatsApp-Image-2025-10-10-at-12.08.14-227x300.jpeg\" alt=\"\" width=\"273\" height=\"361\" srcset=\"https:\/\/blogsaverroes.juntadeandalucia.es\/plurilinguismodelegacionmalaga\/files\/2025\/11\/WhatsApp-Image-2025-10-10-at-12.08.14-227x300.jpeg 227w, https:\/\/blogsaverroes.juntadeandalucia.es\/plurilinguismodelegacionmalaga\/files\/2025\/11\/WhatsApp-Image-2025-10-10-at-12.08.14-776x1024.jpeg 776w, https:\/\/blogsaverroes.juntadeandalucia.es\/plurilinguismodelegacionmalaga\/files\/2025\/11\/WhatsApp-Image-2025-10-10-at-12.08.14-768x1013.jpeg 768w, https:\/\/blogsaverroes.juntadeandalucia.es\/plurilinguismodelegacionmalaga\/files\/2025\/11\/WhatsApp-Image-2025-10-10-at-12.08.14-1164x1536.jpeg 1164w, https:\/\/blogsaverroes.juntadeandalucia.es\/plurilinguismodelegacionmalaga\/files\/2025\/11\/WhatsApp-Image-2025-10-10-at-12.08.14.jpeg 1213w\" sizes=\"(max-width: 273px) 100vw, 273px\" \/><\/span><\/p>\n<p><span style=\"font-family: verdana, geneva, sans-serif\">Desde la Escuela Oficial de Idiomas de Estepona, queremos <strong>agradecer al Ayuntamiento de Estepona<\/strong> por facilitar el acceso a este espacio cultural, permitiendo al alumnado disfrutar de una <strong>experiencia educativa \u00fanica<\/strong>, donde el arte y los idiomas se dan la mano.<\/span><\/p>\n<p><span style=\"font-family: verdana, geneva, sans-serif\">Las <strong>unidades did\u00e1cticas en ingl\u00e9s y franc\u00e9s<\/strong> est\u00e1n disponibles en formato digital en nuestra web de recursos:<\/span><br \/>\n<span style=\"font-family: verdana, geneva, sans-serif\">\ud83d\udc49 <a class=\"gmail-decorated-link\" href=\"https:\/\/idiomas.eoiestepona.org\/quinones-al-origen\/\" rel=\"noopener\">https:\/\/idiomas.eoiestepona.org\/quinones-al-origen\/<\/a><\/span><\/p>\n<p><span style=\"font-family: verdana, geneva, sans-serif\">Estas propuestas estar\u00e1n accesibles para toda la comunidad educativa interesada en el <strong>aprendizaje de lenguas a trav\u00e9s del arte<\/strong>, consolidando el compromiso de la EOI Estepona con una ense\u00f1anza innovadora y culturalmente enriquecedora.<\/span><\/p>\n","protected":false},"excerpt":{"rendered":"<p>La Escuela Oficial de Idiomas de Estepona ha elaborado dos unidades did\u00e1cticas digitales, en ingl\u00e9s y franc\u00e9s, inspiradas en la exposici\u00f3n \u201cQUI\u00d1ONES: AL ORIGEN\u201d, actualmente albergada en el Centro Cultural Mirador del Carmen. Estas&#46;&#46;&#46;<\/p>\n","protected":false},"author":8062,"featured_media":12065,"comment_status":"open","ping_status":"open","sticky":false,"template":"","format":"standard","meta":{"ngg_post_thumbnail":0,"footnotes":""},"categories":[2133455],"tags":[],"aioseo_notices":[],"_links":{"self":[{"href":"https:\/\/blogsaverroes.juntadeandalucia.es\/plurilinguismodelegacionmalaga\/wp-json\/wp\/v2\/posts\/12064"}],"collection":[{"href":"https:\/\/blogsaverroes.juntadeandalucia.es\/plurilinguismodelegacionmalaga\/wp-json\/wp\/v2\/posts"}],"about":[{"href":"https:\/\/blogsaverroes.juntadeandalucia.es\/plurilinguismodelegacionmalaga\/wp-json\/wp\/v2\/types\/post"}],"author":[{"embeddable":true,"href":"https:\/\/blogsaverroes.juntadeandalucia.es\/plurilinguismodelegacionmalaga\/wp-json\/wp\/v2\/users\/8062"}],"replies":[{"embeddable":true,"href":"https:\/\/blogsaverroes.juntadeandalucia.es\/plurilinguismodelegacionmalaga\/wp-json\/wp\/v2\/comments?post=12064"}],"version-history":[{"count":2,"href":"https:\/\/blogsaverroes.juntadeandalucia.es\/plurilinguismodelegacionmalaga\/wp-json\/wp\/v2\/posts\/12064\/revisions"}],"predecessor-version":[{"id":12067,"href":"https:\/\/blogsaverroes.juntadeandalucia.es\/plurilinguismodelegacionmalaga\/wp-json\/wp\/v2\/posts\/12064\/revisions\/12067"}],"wp:featuredmedia":[{"embeddable":true,"href":"https:\/\/blogsaverroes.juntadeandalucia.es\/plurilinguismodelegacionmalaga\/wp-json\/wp\/v2\/media\/12065"}],"wp:attachment":[{"href":"https:\/\/blogsaverroes.juntadeandalucia.es\/plurilinguismodelegacionmalaga\/wp-json\/wp\/v2\/media?parent=12064"}],"wp:term":[{"taxonomy":"category","embeddable":true,"href":"https:\/\/blogsaverroes.juntadeandalucia.es\/plurilinguismodelegacionmalaga\/wp-json\/wp\/v2\/categories?post=12064"},{"taxonomy":"post_tag","embeddable":true,"href":"https:\/\/blogsaverroes.juntadeandalucia.es\/plurilinguismodelegacionmalaga\/wp-json\/wp\/v2\/tags?post=12064"}],"curies":[{"name":"wp","href":"https:\/\/api.w.org\/{rel}","templated":true}]}}