{"id":12081,"date":"2025-11-11T11:31:13","date_gmt":"2025-11-11T10:31:13","guid":{"rendered":"https:\/\/blogsaverroes.juntadeandalucia.es\/plurilinguismodelegacionmalaga\/?p=12081"},"modified":"2025-11-11T11:31:40","modified_gmt":"2025-11-11T10:31:40","slug":"programa-de-competencia-comunicativa-en-ensenanza-bilingue","status":"publish","type":"post","link":"https:\/\/blogsaverroes.juntadeandalucia.es\/plurilinguismodelegacionmalaga\/2025\/11\/11\/programa-de-competencia-comunicativa-en-ensenanza-bilingue\/","title":{"rendered":"Programa de Competencia Comunicativa en Ense\u00f1anza Biling\u00fce"},"content":{"rendered":"<p>El Programa de Competencia Comunicativa en ense\u00f1anza biling\u00fce nace con el objetivo de dise\u00f1ar una diversidad de actuaciones educativas que promueven el desarrollo de las destrezas orales en lengua extranjera en el alumnado biling\u00fce, pluriling\u00fce o participante en el programa Jos\u00e9 Saramago en centros de titularidad p\u00fablica.<\/p>\n<p><a href=\"https:\/\/www.juntadeandalucia.es\/educacion\/portales\/web\/educacion\/w\/resolucion-de-10-de-noviembre-de-2025-por-la-que-se-convoca-el-programa-de-competencia-comunicativa-en-ensenanza-bilingue?redirect=%2Feducacion%2Fportales%2Fweb%2Feducacion\" target=\"_blank\" rel=\"noopener\"><strong>Resoluci\u00f3n de 10 de noviembre de 2025 de la Direcci\u00f3n General de Innovaci\u00f3n y Formaci\u00f3n del Profesorado por la que se convoca el Programa de Competencia Comunicativa en Ense\u00f1anza Biling\u00fce.<\/strong><\/a><\/p>\n","protected":false},"excerpt":{"rendered":"<p>El Programa de Competencia Comunicativa en ense\u00f1anza biling\u00fce nace con el objetivo de dise\u00f1ar una diversidad de actuaciones educativas que promueven el desarrollo de las destrezas orales en lengua extranjera en el alumnado biling\u00fce,&#46;&#46;&#46;<\/p>\n","protected":false},"author":8062,"featured_media":12082,"comment_status":"open","ping_status":"open","sticky":false,"template":"","format":"standard","meta":{"ngg_post_thumbnail":0,"footnotes":""},"categories":[796323,1174746,2284907],"tags":[],"aioseo_notices":[],"_links":{"self":[{"href":"https:\/\/blogsaverroes.juntadeandalucia.es\/plurilinguismodelegacionmalaga\/wp-json\/wp\/v2\/posts\/12081"}],"collection":[{"href":"https:\/\/blogsaverroes.juntadeandalucia.es\/plurilinguismodelegacionmalaga\/wp-json\/wp\/v2\/posts"}],"about":[{"href":"https:\/\/blogsaverroes.juntadeandalucia.es\/plurilinguismodelegacionmalaga\/wp-json\/wp\/v2\/types\/post"}],"author":[{"embeddable":true,"href":"https:\/\/blogsaverroes.juntadeandalucia.es\/plurilinguismodelegacionmalaga\/wp-json\/wp\/v2\/users\/8062"}],"replies":[{"embeddable":true,"href":"https:\/\/blogsaverroes.juntadeandalucia.es\/plurilinguismodelegacionmalaga\/wp-json\/wp\/v2\/comments?post=12081"}],"version-history":[{"count":1,"href":"https:\/\/blogsaverroes.juntadeandalucia.es\/plurilinguismodelegacionmalaga\/wp-json\/wp\/v2\/posts\/12081\/revisions"}],"predecessor-version":[{"id":12083,"href":"https:\/\/blogsaverroes.juntadeandalucia.es\/plurilinguismodelegacionmalaga\/wp-json\/wp\/v2\/posts\/12081\/revisions\/12083"}],"wp:featuredmedia":[{"embeddable":true,"href":"https:\/\/blogsaverroes.juntadeandalucia.es\/plurilinguismodelegacionmalaga\/wp-json\/wp\/v2\/media\/12082"}],"wp:attachment":[{"href":"https:\/\/blogsaverroes.juntadeandalucia.es\/plurilinguismodelegacionmalaga\/wp-json\/wp\/v2\/media?parent=12081"}],"wp:term":[{"taxonomy":"category","embeddable":true,"href":"https:\/\/blogsaverroes.juntadeandalucia.es\/plurilinguismodelegacionmalaga\/wp-json\/wp\/v2\/categories?post=12081"},{"taxonomy":"post_tag","embeddable":true,"href":"https:\/\/blogsaverroes.juntadeandalucia.es\/plurilinguismodelegacionmalaga\/wp-json\/wp\/v2\/tags?post=12081"}],"curies":[{"name":"wp","href":"https:\/\/api.w.org\/{rel}","templated":true}]}}