{"id":12106,"date":"2025-11-24T08:58:20","date_gmt":"2025-11-24T07:58:20","guid":{"rendered":"https:\/\/blogsaverroes.juntadeandalucia.es\/plurilinguismodelegacionmalaga\/?p=12106"},"modified":"2025-11-24T08:58:20","modified_gmt":"2025-11-24T07:58:20","slug":"ceip-antonio-checa-nos-comunicamos-con-companeros-de-polonia-y-francia","status":"publish","type":"post","link":"https:\/\/blogsaverroes.juntadeandalucia.es\/plurilinguismodelegacionmalaga\/2025\/11\/24\/ceip-antonio-checa-nos-comunicamos-con-companeros-de-polonia-y-francia\/","title":{"rendered":"CEIP Antonio Checa &#8211; Nos comunicamos con compa\u00f1eros de Polonia y Francia"},"content":{"rendered":"<div dir=\"auto\">Dentro del programa de Pluriling\u00fcismo del CEIP Antonio Checa de Torre del Mar, el alumnado de quinto y sexto se ha estado carteando con un colegio de Polonia, en<\/div>\n<p><img loading=\"lazy\" decoding=\"async\" class=\" wp-image-12109 alignright\" src=\"https:\/\/blogsaverroes.juntadeandalucia.es\/plurilinguismodelegacionmalaga\/files\/2025\/11\/IMG20251111112950-135x300.jpg\" alt=\"\" width=\"199\" height=\"442\" srcset=\"https:\/\/blogsaverroes.juntadeandalucia.es\/plurilinguismodelegacionmalaga\/files\/2025\/11\/IMG20251111112950-135x300.jpg 135w, https:\/\/blogsaverroes.juntadeandalucia.es\/plurilinguismodelegacionmalaga\/files\/2025\/11\/IMG20251111112950-461x1024.jpg 461w, https:\/\/blogsaverroes.juntadeandalucia.es\/plurilinguismodelegacionmalaga\/files\/2025\/11\/IMG20251111112950-768x1707.jpg 768w, https:\/\/blogsaverroes.juntadeandalucia.es\/plurilinguismodelegacionmalaga\/files\/2025\/11\/IMG20251111112950-691x1536.jpg 691w, https:\/\/blogsaverroes.juntadeandalucia.es\/plurilinguismodelegacionmalaga\/files\/2025\/11\/IMG20251111112950-922x2048.jpg 922w, https:\/\/blogsaverroes.juntadeandalucia.es\/plurilinguismodelegacionmalaga\/files\/2025\/11\/IMG20251111112950-scaled.jpg 1152w\" sizes=\"(max-width: 199px) 100vw, 199px\" \/>Kamienica, un colegio rural del interior de Europa.<\/p>\n<div dir=\"auto\">&nbsp;<\/div>\n<div dir=\"auto\">Cada alumno y alumna ha elaborado en ingl\u00e9s una carta de presentaci\u00f3n para su corresponsal de all\u00ed, acompa\u00f1ada de dibujos. All\u00ed han recibido nuestras cartas y<\/div>\n<div dir=\"auto\">&nbsp;nosotros las de ellas y ellos.&nbsp;Ni all\u00ed saben espa\u00f1ol ni nosotros polaco, pero ambos estamos teniendo la experiencia de que aprendiendo una lengua com\u00fan, el ingl\u00e9s, podemos comunicarnos con ni\u00f1os y ni\u00f1as que viven a miles de kil\u00f3metros de distancia y en pa\u00edses distintos al nuestro.&nbsp;En estos momentos estamos preparando una felicitaci\u00f3n de Navidad y, m\u00e1s adelante, haremos una videoconferencia.<\/div>\n<div dir=\"auto\"><img loading=\"lazy\" decoding=\"async\" class=\" wp-image-12107 alignleft\" src=\"https:\/\/blogsaverroes.juntadeandalucia.es\/plurilinguismodelegacionmalaga\/files\/2025\/11\/IMG20251110091105-300x135.jpg\" alt=\"\" width=\"347\" height=\"156\" srcset=\"https:\/\/blogsaverroes.juntadeandalucia.es\/plurilinguismodelegacionmalaga\/files\/2025\/11\/IMG20251110091105-300x135.jpg 300w, https:\/\/blogsaverroes.juntadeandalucia.es\/plurilinguismodelegacionmalaga\/files\/2025\/11\/IMG20251110091105-1024x461.jpg 1024w, https:\/\/blogsaverroes.juntadeandalucia.es\/plurilinguismodelegacionmalaga\/files\/2025\/11\/IMG20251110091105-768x346.jpg 768w, https:\/\/blogsaverroes.juntadeandalucia.es\/plurilinguismodelegacionmalaga\/files\/2025\/11\/IMG20251110091105-1536x691.jpg 1536w, https:\/\/blogsaverroes.juntadeandalucia.es\/plurilinguismodelegacionmalaga\/files\/2025\/11\/IMG20251110091105-2048x922.jpg 2048w\" sizes=\"(max-width: 347px) 100vw, 347px\" \/><\/div>\n<div dir=\"auto\">&nbsp;<\/div>\n<div dir=\"auto\">Aparte, las dos clases de quinto se van a escribir en franc\u00e9s con un colegio de Normand\u00eda, en Francia, con el alumnado de quinto de all\u00ed. Posteriormente, haremos una videoconferencia, como ya hicimos el a\u00f1o pasado. En este caso, utilizaremos el franc\u00e9s como lengua vehicular de comunicaci\u00f3n, pues ellos y ellas no hablan espa\u00f1ol.&nbsp;Este tipo de actividades crea situaciones REALES de comunicaci\u00f3n. No es que le digamos: &#8220;imag\u00ednate que le escribes a un ni\u00f1o o una ni\u00f1a que vive en tal pa\u00eds&#8230;&#8221;. La comunicaci\u00f3n es real y personal.&nbsp;Esto contribuye a que entiendan el sentido y el esfuerzo de estudiar una lengua extranjera, as\u00ed como utilizar una caligraf\u00eda que sea comprensible por la persona que va a leer nuestro texto manuscrito.&nbsp;<\/div>\n<div dir=\"auto\"><img loading=\"lazy\" decoding=\"async\" class=\"wp-image-12108 aligncenter\" src=\"https:\/\/blogsaverroes.juntadeandalucia.es\/plurilinguismodelegacionmalaga\/files\/2025\/11\/IMG20251110093542-300x135.jpg\" alt=\"\" width=\"396\" height=\"178\" srcset=\"https:\/\/blogsaverroes.juntadeandalucia.es\/plurilinguismodelegacionmalaga\/files\/2025\/11\/IMG20251110093542-300x135.jpg 300w, https:\/\/blogsaverroes.juntadeandalucia.es\/plurilinguismodelegacionmalaga\/files\/2025\/11\/IMG20251110093542-1024x461.jpg 1024w, https:\/\/blogsaverroes.juntadeandalucia.es\/plurilinguismodelegacionmalaga\/files\/2025\/11\/IMG20251110093542-768x346.jpg 768w, https:\/\/blogsaverroes.juntadeandalucia.es\/plurilinguismodelegacionmalaga\/files\/2025\/11\/IMG20251110093542-1536x691.jpg 1536w, https:\/\/blogsaverroes.juntadeandalucia.es\/plurilinguismodelegacionmalaga\/files\/2025\/11\/IMG20251110093542-2048x922.jpg 2048w\" sizes=\"(max-width: 396px) 100vw, 396px\" \/><\/div>\n<div dir=\"auto\">&nbsp;<\/div>\n<div dir=\"auto\">Este tipo de acciones con Polonia y con Francia, acrecientan el sentido de pertenencia a la Uni\u00f3n Europea, y le dan una dimensi\u00f3n internacional a nuestro colegio.<\/div>\n<div dir=\"auto\">&nbsp;<\/div>\n","protected":false},"excerpt":{"rendered":"<p>Dentro del programa de Pluriling\u00fcismo del CEIP Antonio Checa de Torre del Mar, el alumnado de quinto y sexto se ha estado carteando con un colegio de Polonia, en Kamienica, un colegio rural del&#46;&#46;&#46;<\/p>\n","protected":false},"author":8062,"featured_media":12108,"comment_status":"open","ping_status":"open","sticky":false,"template":"","format":"standard","meta":{"ngg_post_thumbnail":0,"footnotes":""},"categories":[2284909,796323,2284907],"tags":[],"aioseo_notices":[],"_links":{"self":[{"href":"https:\/\/blogsaverroes.juntadeandalucia.es\/plurilinguismodelegacionmalaga\/wp-json\/wp\/v2\/posts\/12106"}],"collection":[{"href":"https:\/\/blogsaverroes.juntadeandalucia.es\/plurilinguismodelegacionmalaga\/wp-json\/wp\/v2\/posts"}],"about":[{"href":"https:\/\/blogsaverroes.juntadeandalucia.es\/plurilinguismodelegacionmalaga\/wp-json\/wp\/v2\/types\/post"}],"author":[{"embeddable":true,"href":"https:\/\/blogsaverroes.juntadeandalucia.es\/plurilinguismodelegacionmalaga\/wp-json\/wp\/v2\/users\/8062"}],"replies":[{"embeddable":true,"href":"https:\/\/blogsaverroes.juntadeandalucia.es\/plurilinguismodelegacionmalaga\/wp-json\/wp\/v2\/comments?post=12106"}],"version-history":[{"count":2,"href":"https:\/\/blogsaverroes.juntadeandalucia.es\/plurilinguismodelegacionmalaga\/wp-json\/wp\/v2\/posts\/12106\/revisions"}],"predecessor-version":[{"id":12111,"href":"https:\/\/blogsaverroes.juntadeandalucia.es\/plurilinguismodelegacionmalaga\/wp-json\/wp\/v2\/posts\/12106\/revisions\/12111"}],"wp:featuredmedia":[{"embeddable":true,"href":"https:\/\/blogsaverroes.juntadeandalucia.es\/plurilinguismodelegacionmalaga\/wp-json\/wp\/v2\/media\/12108"}],"wp:attachment":[{"href":"https:\/\/blogsaverroes.juntadeandalucia.es\/plurilinguismodelegacionmalaga\/wp-json\/wp\/v2\/media?parent=12106"}],"wp:term":[{"taxonomy":"category","embeddable":true,"href":"https:\/\/blogsaverroes.juntadeandalucia.es\/plurilinguismodelegacionmalaga\/wp-json\/wp\/v2\/categories?post=12106"},{"taxonomy":"post_tag","embeddable":true,"href":"https:\/\/blogsaverroes.juntadeandalucia.es\/plurilinguismodelegacionmalaga\/wp-json\/wp\/v2\/tags?post=12106"}],"curies":[{"name":"wp","href":"https:\/\/api.w.org\/{rel}","templated":true}]}}