{"id":12131,"date":"2025-12-02T13:35:12","date_gmt":"2025-12-02T12:35:12","guid":{"rendered":"https:\/\/blogsaverroes.juntadeandalucia.es\/plurilinguismodelegacionmalaga\/?p=12131"},"modified":"2025-12-02T13:35:37","modified_gmt":"2025-12-02T12:35:37","slug":"charla-informativa-de-campus-france-en-el-ies-canovas-del-castillo","status":"publish","type":"post","link":"https:\/\/blogsaverroes.juntadeandalucia.es\/plurilinguismodelegacionmalaga\/2025\/12\/02\/charla-informativa-de-campus-france-en-el-ies-canovas-del-castillo\/","title":{"rendered":"Charla informativa de Campus France en el IES C\u00e1novas del Castillo"},"content":{"rendered":"<p dir=\"ltr\">El pasado jueves 27 de noviembre se llev\u00f3 a cabo en el IES C\u00e1novas del Castillo una enriquecedora charla informativa de Campus France.<\/p>\n<p dir=\"ltr\">Los alumnos de Bachibac, que obtienen una doble titulaci\u00f3n en franc\u00e9s y en espa\u00f1ol, descubrieron de primera mano c\u00f3mo acceder a universidades francesas y resolvieron dudas sobre aspectos clave como el sistema de admisi\u00f3n, becas, alojamiento y otros recursos \u00fatiles para su futuro acad\u00e9mico.<\/p>\n<p><img loading=\"lazy\" decoding=\"async\" class=\" wp-image-12132 alignright\" src=\"https:\/\/blogsaverroes.juntadeandalucia.es\/plurilinguismodelegacionmalaga\/files\/2025\/12\/2025.11.27-Foto4-1-300x225.jpg\" alt=\"\" width=\"360\" height=\"270\" srcset=\"https:\/\/blogsaverroes.juntadeandalucia.es\/plurilinguismodelegacionmalaga\/files\/2025\/12\/2025.11.27-Foto4-1-300x225.jpg 300w, https:\/\/blogsaverroes.juntadeandalucia.es\/plurilinguismodelegacionmalaga\/files\/2025\/12\/2025.11.27-Foto4-1-1024x768.jpg 1024w, https:\/\/blogsaverroes.juntadeandalucia.es\/plurilinguismodelegacionmalaga\/files\/2025\/12\/2025.11.27-Foto4-1-768x576.jpg 768w, https:\/\/blogsaverroes.juntadeandalucia.es\/plurilinguismodelegacionmalaga\/files\/2025\/12\/2025.11.27-Foto4-1-1536x1152.jpg 1536w, https:\/\/blogsaverroes.juntadeandalucia.es\/plurilinguismodelegacionmalaga\/files\/2025\/12\/2025.11.27-Foto4-1.jpg 2040w\" sizes=\"(max-width: 360px) 100vw, 360px\" \/><\/p>\n<p><span id=\"gmail-docs-internal-guid-abf555e0-7fff-b8de-ae61-ca06547d3bc2\">Queremos agradecer a Tomas Lambert y Elisabeth Juhel del <em>Institut fran\u00e7ais d\u2019Espagne<\/em> por ofrecernos una sesi\u00f3n tan interesante y valiosa.<\/span><\/p>\n","protected":false},"excerpt":{"rendered":"<p>El pasado jueves 27 de noviembre se llev\u00f3 a cabo en el IES C\u00e1novas del Castillo una enriquecedora charla informativa de Campus France. Los alumnos de Bachibac, que obtienen una doble titulaci\u00f3n en franc\u00e9s&#46;&#46;&#46;<\/p>\n","protected":false},"author":8062,"featured_media":12133,"comment_status":"open","ping_status":"open","sticky":false,"template":"","format":"standard","meta":{"ngg_post_thumbnail":0,"footnotes":""},"categories":[2284891,2284911,796323],"tags":[],"aioseo_notices":[],"_links":{"self":[{"href":"https:\/\/blogsaverroes.juntadeandalucia.es\/plurilinguismodelegacionmalaga\/wp-json\/wp\/v2\/posts\/12131"}],"collection":[{"href":"https:\/\/blogsaverroes.juntadeandalucia.es\/plurilinguismodelegacionmalaga\/wp-json\/wp\/v2\/posts"}],"about":[{"href":"https:\/\/blogsaverroes.juntadeandalucia.es\/plurilinguismodelegacionmalaga\/wp-json\/wp\/v2\/types\/post"}],"author":[{"embeddable":true,"href":"https:\/\/blogsaverroes.juntadeandalucia.es\/plurilinguismodelegacionmalaga\/wp-json\/wp\/v2\/users\/8062"}],"replies":[{"embeddable":true,"href":"https:\/\/blogsaverroes.juntadeandalucia.es\/plurilinguismodelegacionmalaga\/wp-json\/wp\/v2\/comments?post=12131"}],"version-history":[{"count":1,"href":"https:\/\/blogsaverroes.juntadeandalucia.es\/plurilinguismodelegacionmalaga\/wp-json\/wp\/v2\/posts\/12131\/revisions"}],"predecessor-version":[{"id":12134,"href":"https:\/\/blogsaverroes.juntadeandalucia.es\/plurilinguismodelegacionmalaga\/wp-json\/wp\/v2\/posts\/12131\/revisions\/12134"}],"wp:featuredmedia":[{"embeddable":true,"href":"https:\/\/blogsaverroes.juntadeandalucia.es\/plurilinguismodelegacionmalaga\/wp-json\/wp\/v2\/media\/12133"}],"wp:attachment":[{"href":"https:\/\/blogsaverroes.juntadeandalucia.es\/plurilinguismodelegacionmalaga\/wp-json\/wp\/v2\/media?parent=12131"}],"wp:term":[{"taxonomy":"category","embeddable":true,"href":"https:\/\/blogsaverroes.juntadeandalucia.es\/plurilinguismodelegacionmalaga\/wp-json\/wp\/v2\/categories?post=12131"},{"taxonomy":"post_tag","embeddable":true,"href":"https:\/\/blogsaverroes.juntadeandalucia.es\/plurilinguismodelegacionmalaga\/wp-json\/wp\/v2\/tags?post=12131"}],"curies":[{"name":"wp","href":"https:\/\/api.w.org\/{rel}","templated":true}]}}